{"id":16019,"date":"2015-06-10T16:16:10","date_gmt":"2015-06-10T19:16:10","guid":{"rendered":"http:\/\/labestiadeportiva.com\/lbd\/?p=16019"},"modified":"2015-06-10T16:18:02","modified_gmt":"2015-06-10T19:18:02","slug":"16019","status":"publish","type":"post","link":"http:\/\/labestiadeportiva.com\/lbd\/16019\/","title":{"rendered":"Magallanes \u00abAzul\u00bb cerr\u00f3 invicto la primera rueda"},"content":{"rendered":"<p>Por Mauricio Zentner Lavori (Futsal Federado para LBD)<\/p>\n<p><a href=\"http:\/\/labestiadeportiva.com\/lbd\/wp-content\/uploads\/2015\/06\/11406420_941552019200764_2323061572217920697_o.jpg\"><img loading=\"lazy\" class=\"alignleft size-medium wp-image-16020\" src=\"http:\/\/labestiadeportiva.com\/lbd\/wp-content\/uploads\/2015\/06\/11406420_941552019200764_2323061572217920697_o-300x237.jpg\" alt=\"11406420_941552019200764_2323061572217920697_o\" width=\"300\" height=\"237\" srcset=\"http:\/\/labestiadeportiva.com\/lbd\/wp-content\/uploads\/2015\/06\/11406420_941552019200764_2323061572217920697_o-300x237.jpg 300w, http:\/\/labestiadeportiva.com\/lbd\/wp-content\/uploads\/2015\/06\/11406420_941552019200764_2323061572217920697_o-1024x810.jpg 1024w, http:\/\/labestiadeportiva.com\/lbd\/wp-content\/uploads\/2015\/06\/11406420_941552019200764_2323061572217920697_o.jpg 1600w\" sizes=\"(max-width: 300px) 100vw, 300px\" \/><\/a>Llegamos al Ecuador de la fase regular en el Futsal CAFS de la Federaci\u00f3n Ushuaiense porque se puso fin a la primera rueda en la Primera A de Mayores y, si bien Magallanes Azul sigue marcando el rumbo, este fin de semana no pudo doblegar a Argentinos del Sur sumando su segundo empate. Todos los resultados y el an\u00e1lisis de la novena fecha. Las fotos son gentileza de MZL.com<!--more--><\/p>\n<p>Debido al encuentro amistoso que protagoniz\u00f3 el Seleccionado de Cadetes de nuestra ciudad ante los juveniles de Defensores a modo de preparaci\u00f3n para el pr\u00f3ximo Campeonato Argentino a disputarse en Rio Grande entre el 19 y 25 de Julio, la actividad de la \u00faltima fecha de la primera rueda inici\u00f3 en horas cercanas al mediod\u00eda en Campolter, con el duelo de colistas entre El Porvenir A y 17 de Octubre.<\/p>\n<p><a href=\"http:\/\/labestiadeportiva.com\/lbd\/wp-content\/uploads\/2015\/06\/DSC03029-copia.jpg\"><img loading=\"lazy\" class=\"aligncenter size-medium wp-image-16021\" src=\"http:\/\/labestiadeportiva.com\/lbd\/wp-content\/uploads\/2015\/06\/DSC03029-copia-300x223.jpg\" alt=\"DSC03029 copia\" width=\"300\" height=\"223\" srcset=\"http:\/\/labestiadeportiva.com\/lbd\/wp-content\/uploads\/2015\/06\/DSC03029-copia-300x223.jpg 300w, http:\/\/labestiadeportiva.com\/lbd\/wp-content\/uploads\/2015\/06\/DSC03029-copia-1024x762.jpg 1024w, http:\/\/labestiadeportiva.com\/lbd\/wp-content\/uploads\/2015\/06\/DSC03029-copia.jpg 1600w\" sizes=\"(max-width: 300px) 100vw, 300px\" \/><\/a>Fue un cotejo que tuvo al \u201cPorve\u201d como claro dominador en el inicio, sacando cuatro tantos de ventaja en el marcador, pero luego el \u00edmpetu del recientemente ascendido ilusion\u00f3 con la remontada porque a los 5&#8242; del complemento s\u00f3lo estaba un gol por debajo de su rival (3-4).<\/p>\n<p>Sin embargo el partido entr\u00f3 en un pozo donde 17 de Octubre atacaba sin claridad y El Porvenir no aprovechaba los espacios que dejaban en defensa hasta que, a falta de 2&#8242; para el cierre, lo definieron con dos goles para el 6-3 definitivo.<\/p>\n<p>En segundo turno, ya en horario vespertino, el escolta \u00d3ptica Social med\u00eda fuerzas con el alica\u00eddo HAF B del \u00abBeto\u00bb Hern\u00e1ndez, que ven\u00eda de caer en las \u00faltimas fechas y necesitaba una recuperaci\u00f3n ante un rival de esta magnitud.<\/p>\n<p>Y vaya si lo logr\u00f3, porque se qued\u00f3 con los dos puntos que entrega la victoria en un ajustado 7-6 que renueva las ilusiones para la segunda rueda y siembra algunas dudas en los dirigidos por Gerardo Germain que suman su segundo traspi\u00e9 en lo que va del torneo -el anterior hab\u00eda sido en el cl\u00e1sico con Magallanes Azul-. El \u00a0\u201dPela\u201d Schwarz con cuatro tantos y Luis Hasenauer con tres fueron los goleadores en el elenco ganador.<\/p>\n<p>Acto seguido saltaron a la cancha Comercio y Ateneo Verde, con un encuentro para alquilar balcones. Los naranjas comandados por Ra\u00fal Ralinqueo llegaban con el \u00e1nimo en alza mientras que el \u201dAte\u201d ven\u00eda de caer frente a Argentinos del Sur y quer\u00eda recuperar la senda del triunfo con Juan Pablo Castro en el banco.<\/p>\n<p><a href=\"http:\/\/labestiadeportiva.com\/lbd\/wp-content\/uploads\/2015\/06\/11144487_941551975867435_8845177351290649856_o.jpg\"><img loading=\"lazy\" class=\"aligncenter size-medium wp-image-16022\" src=\"http:\/\/labestiadeportiva.com\/lbd\/wp-content\/uploads\/2015\/06\/11144487_941551975867435_8845177351290649856_o-300x219.jpg\" alt=\"11144487_941551975867435_8845177351290649856_o\" width=\"300\" height=\"219\" srcset=\"http:\/\/labestiadeportiva.com\/lbd\/wp-content\/uploads\/2015\/06\/11144487_941551975867435_8845177351290649856_o-300x219.jpg 300w, http:\/\/labestiadeportiva.com\/lbd\/wp-content\/uploads\/2015\/06\/11144487_941551975867435_8845177351290649856_o-1024x748.jpg 1024w, http:\/\/labestiadeportiva.com\/lbd\/wp-content\/uploads\/2015\/06\/11144487_941551975867435_8845177351290649856_o.jpg 1600w\" sizes=\"(max-width: 300px) 100vw, 300px\" \/><\/a>Pero no pudo ser porque los sub-campeones vigentes arrancaron 3-0 arriba en la etapa inicial aunque con el recambio y la presi\u00f3n alta el &#8216;Verde&#8217; recuper\u00f3 el mando del partido poni\u00e9ndose arriba 6-5 con cuatro tantos de una de sus figuras, Joel Gonz\u00e1lez.<\/p>\n<p>No obstante se repleg\u00f3 condicionado por las cinco faltas y fue mediante un penal y un tiro libre sin barrera que Franco Llamas factur\u00f3 por duplicado regal\u00e1ndole un triunfo clave a Comercio para seguir escalando en la tabla.<\/p>\n<p>A partir de las 21 horas estaba pactado el duelo entre el puntero invicto Magallanes Azul y Argentinos del Sur, pero la baja de su goleador: Mauricio Mart\u00ednez, por lesi\u00f3n, le jug\u00f3 una mala pasada. Los campeones de la \u00abB\u00bb comenzaron arriba aunque debido al poco recambio que tienen en el banco de suplentes tuvieron que cuidar sus energ\u00edas y mediante las conquistas de Guala y Facu Moreno, el \u201dMaga\u201d lo dio vuelta para irse al descanso arriba.<\/p>\n<p>No obstante todos sabemos de la garra del conjunto que dirige t\u00e9cnicamente Ver\u00f3nica Navarro y eso qued\u00f3 en evidencia cuando a trav\u00e9s del cadete Kevin Rojas y Brian Mu\u00f1oz quebraron la monoton\u00eda y pasaron arriba por 3-2.<\/p>\n<p>Pero debieron responder ante los sucesivos ataques del campe\u00f3n y despu\u00e9s de no definirlo en la contra, un pase entre l\u00edneas de Dar\u00edo \u201cChueco\u201d Parafioriti encontr\u00f3 solo al \u201dChelo\u201d S\u00e1nchez quien estableci\u00f3 cifras definitivas (3-3).<\/p>\n<p>Por \u00faltimo quedaba el duelo entre Magallanes Blanco y El Porvenir B en el que los comandados por Mart\u00edn Bonveh\u00ed arrancaron firmes y con un objetivo claro: sacar ventaja.<\/p>\n<p>Se colocaron 2-0 en el score r\u00e1pidamente pero mermaron el rendimiento con el recambio y aprovech\u00f3 la versi\u00f3n \u00abB\u00bb de la escuadra magall\u00e1nica para igualar el match y despu\u00e9s darlo vuelta con una terrible chilena de Federico Martirena.<\/p>\n<p>Cuando se abrieron los espacios aprovech\u00f3 mejor el Maga Blanco para definir cerrando un triunfo clave (5-3) que le permite finalizar igualado en dicha colocaci\u00f3n con Argentinos del Sur.<\/p>\n<p><a href=\"http:\/\/labestiadeportiva.com\/lbd\/wp-content\/uploads\/2015\/06\/11402920_941552345867398_8443031637463192113_o.jpg\"><img loading=\"lazy\" class=\"aligncenter size-medium wp-image-16023\" src=\"http:\/\/labestiadeportiva.com\/lbd\/wp-content\/uploads\/2015\/06\/11402920_941552345867398_8443031637463192113_o-300x263.jpg\" alt=\"11402920_941552345867398_8443031637463192113_o\" width=\"300\" height=\"263\" srcset=\"http:\/\/labestiadeportiva.com\/lbd\/wp-content\/uploads\/2015\/06\/11402920_941552345867398_8443031637463192113_o-300x263.jpg 300w, http:\/\/labestiadeportiva.com\/lbd\/wp-content\/uploads\/2015\/06\/11402920_941552345867398_8443031637463192113_o-1024x896.jpg 1024w, http:\/\/labestiadeportiva.com\/lbd\/wp-content\/uploads\/2015\/06\/11402920_941552345867398_8443031637463192113_o.jpg 1600w\" sizes=\"(max-width: 300px) 100vw, 300px\" \/><\/a><\/p>\n<div class='epvc-post-count'><span class='epvc-eye'><\/span>  <span class=\"epvc-count\"> 1.241<\/span><span class='epvc-label'> veces le\u00edda<\/span><\/div>\n<div class=\"jwsharethis\">\nShare this: \n<br \/>\n<a href=\"mailto:?subject=Magallanes%20%C2%ABAzul%C2%BB%20cerr%C3%B3%20invicto%20la%20primera%20rueda&amp;body=http%3A%2F%2Flabestiadeportiva.com%2Flbd%2F16019%2F\">\n<img src=\"http:\/\/labestiadeportiva.com\/lbd\/wp-content\/plugins\/jw-share-this\/email.png\" alt=\"Share this page via Email\" \/>\n<\/a>\n<a target=\"_blank\" href=\"http:\/\/www.stumbleupon.com\/submit?url=http%3A%2F%2Flabestiadeportiva.com%2Flbd%2F16019%2F&amp;title=Magallanes+%C2%ABAzul%C2%BB+cerr%C3%B3+invicto+la+primera+rueda\">\n<img src=\"http:\/\/labestiadeportiva.com\/lbd\/wp-content\/plugins\/jw-share-this\/su.png\" alt=\"Share this page via Stumble Upon\" \/>\n<\/a>\n<a target=\"_blank\" href=\"http:\/\/digg.com\/submit?url=http%3A%2F%2Flabestiadeportiva.com%2Flbd%2F16019%2F&amp;title=Magallanes+%C2%ABAzul%C2%BB+cerr%C3%B3+invicto+la+primera+rueda\">\n<img src=\"http:\/\/labestiadeportiva.com\/lbd\/wp-content\/plugins\/jw-share-this\/digg.png\" alt=\"Share this page via Digg this\" \/>\n<\/a>\n<a target=\"_blank\" href=\"http:\/\/www.facebook.com\/sharer.php?u=http%3A%2F%2Flabestiadeportiva.com%2Flbd%2F16019%2F&amp;t=Magallanes+%C2%ABAzul%C2%BB+cerr%C3%B3+invicto+la+primera+rueda\">\n<img src=\"http:\/\/labestiadeportiva.com\/lbd\/wp-content\/plugins\/jw-share-this\/fb.png\" alt=\"Share this page via Facebook\" \/>\n<\/a>\n<a target=\"_blank\" href=\"http:\/\/twitter.com\/intent\/tweet?text=I+like+http%3A%2F%2Flabestiadeportiva.com%2Flbd%2F16019%2F&amp;title=Magallanes+%C2%ABAzul%C2%BB+cerr%C3%B3+invicto+la+primera+rueda\">\n<img src=\"http:\/\/labestiadeportiva.com\/lbd\/wp-content\/plugins\/jw-share-this\/twitter.png\" alt=\"Share this page via Twitter\" \/>\n<\/a>\n<\/div>\n","protected":false},"excerpt":{"rendered":"<p>Por Mauricio Zentner Lavori (Futsal Federado para LBD) Llegamos al Ecuador de la fase regular en el Futsal CAFS de la Federaci\u00f3n Ushuaiense porque se puso fin a la primera rueda en la Primera A de Mayores y, si bien Magallanes Azul sigue marcando el rumbo, este fin de semana no pudo doblegar a Argentinos &hellip; <a href=\"http:\/\/labestiadeportiva.com\/lbd\/16019\/\" class=\"more-link\">Seguir leyendo <span class=\"screen-reader-text\">Magallanes \u00abAzul\u00bb cerr\u00f3 invicto la primera rueda<\/span> <span class=\"meta-nav\">&rarr;<\/span><\/a><\/p>\n","protected":false},"author":1,"featured_media":16020,"comment_status":"open","ping_status":"open","sticky":false,"template":"","format":"standard","meta":[],"categories":[5,31,1],"tags":[297,215,4833,83],"_links":{"self":[{"href":"http:\/\/labestiadeportiva.com\/lbd\/wp-json\/wp\/v2\/posts\/16019"}],"collection":[{"href":"http:\/\/labestiadeportiva.com\/lbd\/wp-json\/wp\/v2\/posts"}],"about":[{"href":"http:\/\/labestiadeportiva.com\/lbd\/wp-json\/wp\/v2\/types\/post"}],"author":[{"embeddable":true,"href":"http:\/\/labestiadeportiva.com\/lbd\/wp-json\/wp\/v2\/users\/1"}],"replies":[{"embeddable":true,"href":"http:\/\/labestiadeportiva.com\/lbd\/wp-json\/wp\/v2\/comments?post=16019"}],"version-history":[{"count":2,"href":"http:\/\/labestiadeportiva.com\/lbd\/wp-json\/wp\/v2\/posts\/16019\/revisions"}],"predecessor-version":[{"id":16025,"href":"http:\/\/labestiadeportiva.com\/lbd\/wp-json\/wp\/v2\/posts\/16019\/revisions\/16025"}],"wp:featuredmedia":[{"embeddable":true,"href":"http:\/\/labestiadeportiva.com\/lbd\/wp-json\/wp\/v2\/media\/16020"}],"wp:attachment":[{"href":"http:\/\/labestiadeportiva.com\/lbd\/wp-json\/wp\/v2\/media?parent=16019"}],"wp:term":[{"taxonomy":"category","embeddable":true,"href":"http:\/\/labestiadeportiva.com\/lbd\/wp-json\/wp\/v2\/categories?post=16019"},{"taxonomy":"post_tag","embeddable":true,"href":"http:\/\/labestiadeportiva.com\/lbd\/wp-json\/wp\/v2\/tags?post=16019"}],"curies":[{"name":"wp","href":"https:\/\/api.w.org\/{rel}","templated":true}]}}