{"id":16095,"date":"2015-06-15T16:04:13","date_gmt":"2015-06-15T19:04:13","guid":{"rendered":"http:\/\/labestiadeportiva.com\/lbd\/?p=16095"},"modified":"2015-06-15T16:04:13","modified_gmt":"2015-06-15T19:04:13","slug":"rafa-volvio-a-ser-campeon-en-stuttgart","status":"publish","type":"post","link":"http:\/\/labestiadeportiva.com\/lbd\/rafa-volvio-a-ser-campeon-en-stuttgart\/","title":{"rendered":"Rafa volvi\u00f3 a ser campe\u00f3n en Stuttgart"},"content":{"rendered":"<p>Por Mat\u00edas Pouso (Corresponsal LBD en CABA)<\/p>\n<p><a href=\"http:\/\/labestiadeportiva.com\/lbd\/wp-content\/uploads\/2015\/06\/image423616-1440px_1280x512c.jpg\"><img loading=\"lazy\" class=\"alignleft size-medium wp-image-16096\" src=\"http:\/\/labestiadeportiva.com\/lbd\/wp-content\/uploads\/2015\/06\/image423616-1440px_1280x512c-300x164.jpg\" alt=\"image423616-1440px_1280x512c\" width=\"300\" height=\"164\" srcset=\"http:\/\/labestiadeportiva.com\/lbd\/wp-content\/uploads\/2015\/06\/image423616-1440px_1280x512c-300x164.jpg 300w, http:\/\/labestiadeportiva.com\/lbd\/wp-content\/uploads\/2015\/06\/image423616-1440px_1280x512c.jpg 933w\" sizes=\"(max-width: 300px) 100vw, 300px\" \/><\/a>Nadal super\u00f3 r\u00e1pidamente la frustraci\u00f3n en Roland Garros y nada menos que con un t\u00edtulo, este fin de semana se coron\u00f3 en el ATP 250 de Stuttgart venciendo en la final al serbio Viktor Troicki por 7-6(3) y 6-3 en una hora y 27 minutos. Fue su tercer t\u00edtulo en la ciudad alemana, los dos anteriores sobre polvo de ladrillo y este sobre c\u00e9sped.<!--more--><\/p>\n<p>Nadal volvi\u00f3 a ser Nadal. La adaptaci\u00f3n del polvo de ladrillo al pasto le vino muy bien a Rafa. En el primer torneo de la mini-gira previa a la gran cita de Wimbledon, se consagr\u00f3 en Stuttgart, torneo que cambi\u00f3 de superficie este a\u00f1o.<\/p>\n<p>Luego de derrotar a Troicki por 7-6(3) y 6-3 alz\u00f3 su cuarta corona sobre hierba (dos en Wimbledon, uno en Queen&#8217;s y este en Stuttgart), la segunda del a\u00f1o (adem\u00e1s de Buenos Aires) y la n\u00famero 66 en su carrera.<\/p>\n<p>El primer set fue por dem\u00e1s parejo, tanto que la definici\u00f3n se estir\u00f3 hasta el tie break, all\u00ed Nadal tom\u00f3 una r\u00e1pida ventaja y se qued\u00f3 con el desempate por 7-3. En la segunda manga, el espa\u00f1ol tom\u00f3 la iniciativa desde temprano, asegur\u00f3 el \u00fanico quiebre del partido en el cuarto juego y se adelant\u00f3 4-1 en el marcador.<\/p>\n<p><a href=\"http:\/\/labestiadeportiva.com\/lbd\/wp-content\/uploads\/2015\/06\/nadalstuttgart2.jpg\"><img loading=\"lazy\" class=\"aligncenter size-medium wp-image-16097\" src=\"http:\/\/labestiadeportiva.com\/lbd\/wp-content\/uploads\/2015\/06\/nadalstuttgart2-300x169.jpg\" alt=\"nadalstuttgart2\" width=\"300\" height=\"169\" srcset=\"http:\/\/labestiadeportiva.com\/lbd\/wp-content\/uploads\/2015\/06\/nadalstuttgart2-300x169.jpg 300w, http:\/\/labestiadeportiva.com\/lbd\/wp-content\/uploads\/2015\/06\/nadalstuttgart2-1024x576.jpg 1024w, http:\/\/labestiadeportiva.com\/lbd\/wp-content\/uploads\/2015\/06\/nadalstuttgart2.jpg 1043w\" sizes=\"(max-width: 300px) 100vw, 300px\" \/><\/a>Un par de games m\u00e1s tarde tendr\u00eda la oportunidad de cerrar el partido y reci\u00e9n pudo lograrlo en el tercer match point.<\/p>\n<p><span style=\"color: #0000ff;\">\u00abEs un buen resultado. Ahora voy a Londres y ya veremos. Tengo grandes expectativas para la temporada de hierba y esto me da mucha confianza.\u00bb<\/span><\/p>\n<p><span style=\"color: #ff0000;\">\u00abEs un t\u00edtulo muy especial\u00bb<\/span>, dijo Nadal. <span style=\"color: #ff0000;\">\u00abDesde 2011 no jugaba una final en la hierba, por lo que ganar un t\u00edtulo aqu\u00ed es muy buena noticia para mi juego y para mi mentalidad tambi\u00e9n. Felicidades a Viktor por un gran torneo.\u201d<\/span><\/p>\n<p>Nadal, que se lleva a casa \u20ac104.600 y 250 puntos para el Ranking ATP, logr\u00f3 su primer t\u00edtulo sobre c\u00e9sped luego de cinco a\u00f1os, el \u00faltimo hab\u00eda sido en Wimbledon 2010. Por su parte, Troicki se hizo acreedor de \u20ac 55.080 y 150 puntos.<\/p>\n<p>En la ciudad holandesa de &#8216;s-Hertogenbosch, Nicolas Mahut se coron\u00f3 campe\u00f3n luego de vencer en la final al belga David Goffin por 7-6(1) y 6-1 en 77 minutos. Esta semana ser\u00e1 el turno de los ATP 500 en Londres y en Halle.<\/p>\n<p>Andy Murray, Wawrinka y Nadal son los grandes favoritos en el torneo ingl\u00e9s, mientras que Roger Federer buscar\u00e1 su octavo t\u00edtulo en el c\u00e9sped germano. No habr\u00e1 representantes argentinos en ninguno de estos torneos.<\/p>\n<p><a href=\"http:\/\/labestiadeportiva.com\/lbd\/wp-content\/uploads\/2015\/06\/nadalstuttgart3.jpg\"><img loading=\"lazy\" class=\"aligncenter size-medium wp-image-16098\" src=\"http:\/\/labestiadeportiva.com\/lbd\/wp-content\/uploads\/2015\/06\/nadalstuttgart3-300x168.jpg\" alt=\"nadalstuttgart3\" width=\"300\" height=\"168\" srcset=\"http:\/\/labestiadeportiva.com\/lbd\/wp-content\/uploads\/2015\/06\/nadalstuttgart3-300x168.jpg 300w, http:\/\/labestiadeportiva.com\/lbd\/wp-content\/uploads\/2015\/06\/nadalstuttgart3-1024x572.jpg 1024w, http:\/\/labestiadeportiva.com\/lbd\/wp-content\/uploads\/2015\/06\/nadalstuttgart3.jpg 1045w\" sizes=\"(max-width: 300px) 100vw, 300px\" \/><\/a><\/p>\n<div class='epvc-post-count'><span class='epvc-eye'><\/span>  <span class=\"epvc-count\"> 1.827<\/span><span class='epvc-label'> veces le\u00edda<\/span><\/div>\n<div class=\"jwsharethis\">\nShare this: \n<br \/>\n<a href=\"mailto:?subject=Rafa%20volvi%C3%B3%20a%20ser%20campe%C3%B3n%20en%20Stuttgart&amp;body=http%3A%2F%2Flabestiadeportiva.com%2Flbd%2Frafa-volvio-a-ser-campeon-en-stuttgart%2F\">\n<img src=\"http:\/\/labestiadeportiva.com\/lbd\/wp-content\/plugins\/jw-share-this\/email.png\" alt=\"Share this page via Email\" \/>\n<\/a>\n<a target=\"_blank\" href=\"http:\/\/www.stumbleupon.com\/submit?url=http%3A%2F%2Flabestiadeportiva.com%2Flbd%2Frafa-volvio-a-ser-campeon-en-stuttgart%2F&amp;title=Rafa+volvi%C3%B3+a+ser+campe%C3%B3n+en+Stuttgart\">\n<img src=\"http:\/\/labestiadeportiva.com\/lbd\/wp-content\/plugins\/jw-share-this\/su.png\" alt=\"Share this page via Stumble Upon\" \/>\n<\/a>\n<a target=\"_blank\" href=\"http:\/\/digg.com\/submit?url=http%3A%2F%2Flabestiadeportiva.com%2Flbd%2Frafa-volvio-a-ser-campeon-en-stuttgart%2F&amp;title=Rafa+volvi%C3%B3+a+ser+campe%C3%B3n+en+Stuttgart\">\n<img src=\"http:\/\/labestiadeportiva.com\/lbd\/wp-content\/plugins\/jw-share-this\/digg.png\" alt=\"Share this page via Digg this\" \/>\n<\/a>\n<a target=\"_blank\" href=\"http:\/\/www.facebook.com\/sharer.php?u=http%3A%2F%2Flabestiadeportiva.com%2Flbd%2Frafa-volvio-a-ser-campeon-en-stuttgart%2F&amp;t=Rafa+volvi%C3%B3+a+ser+campe%C3%B3n+en+Stuttgart\">\n<img src=\"http:\/\/labestiadeportiva.com\/lbd\/wp-content\/plugins\/jw-share-this\/fb.png\" alt=\"Share this page via Facebook\" \/>\n<\/a>\n<a target=\"_blank\" href=\"http:\/\/twitter.com\/intent\/tweet?text=I+like+http%3A%2F%2Flabestiadeportiva.com%2Flbd%2Frafa-volvio-a-ser-campeon-en-stuttgart%2F&amp;title=Rafa+volvi%C3%B3+a+ser+campe%C3%B3n+en+Stuttgart\">\n<img src=\"http:\/\/labestiadeportiva.com\/lbd\/wp-content\/plugins\/jw-share-this\/twitter.png\" alt=\"Share this page via Twitter\" \/>\n<\/a>\n<\/div>\n","protected":false},"excerpt":{"rendered":"<p>Por Mat\u00edas Pouso (Corresponsal LBD en CABA) Nadal super\u00f3 r\u00e1pidamente la frustraci\u00f3n en Roland Garros y nada menos que con un t\u00edtulo, este fin de semana se coron\u00f3 en el ATP 250 de Stuttgart venciendo en la final al serbio Viktor Troicki por 7-6(3) y 6-3 en una hora y 27 minutos. Fue su tercer &hellip; <a href=\"http:\/\/labestiadeportiva.com\/lbd\/rafa-volvio-a-ser-campeon-en-stuttgart\/\" class=\"more-link\">Seguir leyendo <span class=\"screen-reader-text\">Rafa volvi\u00f3 a ser campe\u00f3n en Stuttgart<\/span> <span class=\"meta-nav\">&rarr;<\/span><\/a><\/p>\n","protected":false},"author":1,"featured_media":16096,"comment_status":"open","ping_status":"open","sticky":false,"template":"","format":"standard","meta":[],"categories":[4,1,39],"tags":[2202,83,4835],"_links":{"self":[{"href":"http:\/\/labestiadeportiva.com\/lbd\/wp-json\/wp\/v2\/posts\/16095"}],"collection":[{"href":"http:\/\/labestiadeportiva.com\/lbd\/wp-json\/wp\/v2\/posts"}],"about":[{"href":"http:\/\/labestiadeportiva.com\/lbd\/wp-json\/wp\/v2\/types\/post"}],"author":[{"embeddable":true,"href":"http:\/\/labestiadeportiva.com\/lbd\/wp-json\/wp\/v2\/users\/1"}],"replies":[{"embeddable":true,"href":"http:\/\/labestiadeportiva.com\/lbd\/wp-json\/wp\/v2\/comments?post=16095"}],"version-history":[{"count":1,"href":"http:\/\/labestiadeportiva.com\/lbd\/wp-json\/wp\/v2\/posts\/16095\/revisions"}],"predecessor-version":[{"id":16099,"href":"http:\/\/labestiadeportiva.com\/lbd\/wp-json\/wp\/v2\/posts\/16095\/revisions\/16099"}],"wp:featuredmedia":[{"embeddable":true,"href":"http:\/\/labestiadeportiva.com\/lbd\/wp-json\/wp\/v2\/media\/16096"}],"wp:attachment":[{"href":"http:\/\/labestiadeportiva.com\/lbd\/wp-json\/wp\/v2\/media?parent=16095"}],"wp:term":[{"taxonomy":"category","embeddable":true,"href":"http:\/\/labestiadeportiva.com\/lbd\/wp-json\/wp\/v2\/categories?post=16095"},{"taxonomy":"post_tag","embeddable":true,"href":"http:\/\/labestiadeportiva.com\/lbd\/wp-json\/wp\/v2\/tags?post=16095"}],"curies":[{"name":"wp","href":"https:\/\/api.w.org\/{rel}","templated":true}]}}