{"id":16155,"date":"2015-06-20T12:41:53","date_gmt":"2015-06-20T15:41:53","guid":{"rendered":"http:\/\/labestiadeportiva.com\/lbd\/?p=16155"},"modified":"2015-06-20T12:41:53","modified_gmt":"2015-06-20T15:41:53","slug":"entre-los-protagonistas","status":"publish","type":"post","link":"http:\/\/labestiadeportiva.com\/lbd\/entre-los-protagonistas\/","title":{"rendered":"Entre los protagonistas"},"content":{"rendered":"<p><a href=\"http:\/\/labestiadeportiva.com\/lbd\/wp-content\/uploads\/2015\/06\/DSC_0146.jpg\"><img loading=\"lazy\" class=\"alignleft size-medium wp-image-16156\" src=\"http:\/\/labestiadeportiva.com\/lbd\/wp-content\/uploads\/2015\/06\/DSC_0146-300x198.jpg\" alt=\"DSC_0146\" width=\"300\" height=\"198\" srcset=\"http:\/\/labestiadeportiva.com\/lbd\/wp-content\/uploads\/2015\/06\/DSC_0146-300x198.jpg 300w, http:\/\/labestiadeportiva.com\/lbd\/wp-content\/uploads\/2015\/06\/DSC_0146-1024x677.jpg 1024w, http:\/\/labestiadeportiva.com\/lbd\/wp-content\/uploads\/2015\/06\/DSC_0146.jpg 1250w\" sizes=\"(max-width: 300px) 100vw, 300px\" \/><\/a>El ushuaiense Lucas Yerobi encar\u00f3 una fr\u00eda jornada de viernes en el aut\u00f3dromo Eusebio Marcilla de la localidad bonaerense \u00a0de Jun\u00edn siendo parte de las dos tandas de entrenamientos y la posterior clasificaci\u00f3n, sobre el VW Gol Trend que recibe atenci\u00f3n de Lucas Benincasa en lo que respecta al chasis mientras que Sebasti\u00e1n Colombo hace lo propio en los motores. Pese a una clasificaci\u00f3n adversa qued\u00f3 en el und\u00e9cimo lugar y con chances de seguir avanzando. Fuente y foto prensa Lucas Yerobi.<\/p>\n<p><!--more--><\/p>\n<p>El piloto fueguino, llev\u00f3 a cabo las dos tandas de ensayos iniciales dejando las mismas un balance positivo, ya que logr\u00f3 un tiempo de 1\u00b436\u00b4\u00b4298, la cual lo posicion\u00f3 a menos de medio segundo del m\u00e1s veloz de la tanda y con buenas perspectivas pensando en la clasificaci\u00f3n, la cual pondr\u00eda punto final a la tarde de viernes.<\/p>\n<p>La clasificaci\u00f3n, tal como estaba previsto, tuvo a Lucas buscando la mejor vuelta posible y apostando de lleno a conseguir la misma en el comienzo, ya que el desgaste posterior del auto, en medio de tanta paridad, pod\u00eda complicar las acciones.<\/p>\n<p>De esta manera, Lucas cumpli\u00f3 con la tanda pero no pudo terminar de lograr la vuelta esperada, debi\u00e9ndose conformar con el und\u00e9cimo lugar que lo deja en el mismo segundo del pole man pero con el sinsabor de saber que cuenta con gran potencial para poder estar m\u00e1s adelante a\u00fan. De este modo, luego de completar su mejor vuelta en 1\u00b436\u00b4\u00b4250, marca que lo posiciona en el cuarto puesto de partida en la segunda serie de la tarde.<\/p>\n<p><span style=\"color: #0000ff;\">\u201cNo pudimos terminar de concretar la vuelta que busc\u00e1bamos al momento de clasificar. El potencial del auto se mantiene y estamos en condiciones de ser protagonistas, esperemos poder demostrarlo en el ritmo de carrera y posicionar al VW Gol Trend en los primeros lugares, objetivo que estamos buscando y que ser\u00e1 fundamental para descontar puntos en el campeonato\u201d<\/span> Indic\u00f3 Lucas luego de la clasificaci\u00f3n.<\/p>\n<p>Las series sabatinas tendr\u00e1n lugar a partir de las 14.05 con seis vueltas por recorrer previo a la competencia final del domingo, la cual est\u00e1 prevista para las 11.50 con televisaci\u00f3n de Canal 13, en vivo y en directo y junto al equipo period\u00edstico de \u201cCarburando\u201d.<\/p>\n<p>Lucas Yerobi agradece el apoyo brindado a \u201cGr\u00faas Delta, Agua Jony, Hertz, Orange Car Wash, Seinco Servicios y Log\u00edstica, VM Repuestos, Municipalidad de Ushuaia, El Diario Del Fin Del Mundo, Pizza Bely, La 97 Radio Fueguina, Escale Andina, Argentina Publicidad, John Foos, La Cien.1, Azzurra, El Gran Corsini, Almar Construcciones y Club Del Pastor Blanco Suizo\u201d<\/p>\n<div class='epvc-post-count'><span class='epvc-eye'><\/span>  <span class=\"epvc-count\"> 1.165<\/span><span class='epvc-label'> veces le\u00edda<\/span><\/div>\n<div class=\"jwsharethis\">\nShare this: \n<br \/>\n<a href=\"mailto:?subject=Entre%20los%20protagonistas&amp;body=http%3A%2F%2Flabestiadeportiva.com%2Flbd%2Fentre-los-protagonistas%2F\">\n<img src=\"http:\/\/labestiadeportiva.com\/lbd\/wp-content\/plugins\/jw-share-this\/email.png\" alt=\"Share this page via Email\" \/>\n<\/a>\n<a target=\"_blank\" href=\"http:\/\/www.stumbleupon.com\/submit?url=http%3A%2F%2Flabestiadeportiva.com%2Flbd%2Fentre-los-protagonistas%2F&amp;title=Entre+los+protagonistas\">\n<img src=\"http:\/\/labestiadeportiva.com\/lbd\/wp-content\/plugins\/jw-share-this\/su.png\" alt=\"Share this page via Stumble Upon\" \/>\n<\/a>\n<a target=\"_blank\" href=\"http:\/\/digg.com\/submit?url=http%3A%2F%2Flabestiadeportiva.com%2Flbd%2Fentre-los-protagonistas%2F&amp;title=Entre+los+protagonistas\">\n<img src=\"http:\/\/labestiadeportiva.com\/lbd\/wp-content\/plugins\/jw-share-this\/digg.png\" alt=\"Share this page via Digg this\" \/>\n<\/a>\n<a target=\"_blank\" href=\"http:\/\/www.facebook.com\/sharer.php?u=http%3A%2F%2Flabestiadeportiva.com%2Flbd%2Fentre-los-protagonistas%2F&amp;t=Entre+los+protagonistas\">\n<img src=\"http:\/\/labestiadeportiva.com\/lbd\/wp-content\/plugins\/jw-share-this\/fb.png\" alt=\"Share this page via Facebook\" \/>\n<\/a>\n<a target=\"_blank\" href=\"http:\/\/twitter.com\/intent\/tweet?text=I+like+http%3A%2F%2Flabestiadeportiva.com%2Flbd%2Fentre-los-protagonistas%2F&amp;title=Entre+los+protagonistas\">\n<img src=\"http:\/\/labestiadeportiva.com\/lbd\/wp-content\/plugins\/jw-share-this\/twitter.png\" alt=\"Share this page via Twitter\" \/>\n<\/a>\n<\/div>\n","protected":false},"excerpt":{"rendered":"<p>El ushuaiense Lucas Yerobi encar\u00f3 una fr\u00eda jornada de viernes en el aut\u00f3dromo Eusebio Marcilla de la localidad bonaerense \u00a0de Jun\u00edn siendo parte de las dos tandas de entrenamientos y la posterior clasificaci\u00f3n, sobre el VW Gol Trend que recibe atenci\u00f3n de Lucas Benincasa en lo que respecta al chasis mientras que Sebasti\u00e1n Colombo hace &hellip; <a href=\"http:\/\/labestiadeportiva.com\/lbd\/entre-los-protagonistas\/\" class=\"more-link\">Seguir leyendo <span class=\"screen-reader-text\">Entre los protagonistas<\/span> <span class=\"meta-nav\">&rarr;<\/span><\/a><\/p>\n","protected":false},"author":1,"featured_media":16156,"comment_status":"open","ping_status":"open","sticky":false,"template":"","format":"standard","meta":[],"categories":[2135,5,6,1],"tags":[86,152,1715],"_links":{"self":[{"href":"http:\/\/labestiadeportiva.com\/lbd\/wp-json\/wp\/v2\/posts\/16155"}],"collection":[{"href":"http:\/\/labestiadeportiva.com\/lbd\/wp-json\/wp\/v2\/posts"}],"about":[{"href":"http:\/\/labestiadeportiva.com\/lbd\/wp-json\/wp\/v2\/types\/post"}],"author":[{"embeddable":true,"href":"http:\/\/labestiadeportiva.com\/lbd\/wp-json\/wp\/v2\/users\/1"}],"replies":[{"embeddable":true,"href":"http:\/\/labestiadeportiva.com\/lbd\/wp-json\/wp\/v2\/comments?post=16155"}],"version-history":[{"count":1,"href":"http:\/\/labestiadeportiva.com\/lbd\/wp-json\/wp\/v2\/posts\/16155\/revisions"}],"predecessor-version":[{"id":16157,"href":"http:\/\/labestiadeportiva.com\/lbd\/wp-json\/wp\/v2\/posts\/16155\/revisions\/16157"}],"wp:featuredmedia":[{"embeddable":true,"href":"http:\/\/labestiadeportiva.com\/lbd\/wp-json\/wp\/v2\/media\/16156"}],"wp:attachment":[{"href":"http:\/\/labestiadeportiva.com\/lbd\/wp-json\/wp\/v2\/media?parent=16155"}],"wp:term":[{"taxonomy":"category","embeddable":true,"href":"http:\/\/labestiadeportiva.com\/lbd\/wp-json\/wp\/v2\/categories?post=16155"},{"taxonomy":"post_tag","embeddable":true,"href":"http:\/\/labestiadeportiva.com\/lbd\/wp-json\/wp\/v2\/tags?post=16155"}],"curies":[{"name":"wp","href":"https:\/\/api.w.org\/{rel}","templated":true}]}}