{"id":16175,"date":"2015-06-22T15:06:27","date_gmt":"2015-06-22T18:06:27","guid":{"rendered":"http:\/\/labestiadeportiva.com\/lbd\/?p=16175"},"modified":"2015-06-22T15:06:27","modified_gmt":"2015-06-22T18:06:27","slug":"septimo-y-en-la-pelea","status":"publish","type":"post","link":"http:\/\/labestiadeportiva.com\/lbd\/septimo-y-en-la-pelea\/","title":{"rendered":"S\u00e9ptimo y en la pelea"},"content":{"rendered":"<p><a href=\"http:\/\/labestiadeportiva.com\/lbd\/wp-content\/uploads\/2015\/06\/Lucas-Yerobi-Domingo.jpg\"><img loading=\"lazy\" class=\"alignleft size-medium wp-image-16176\" src=\"http:\/\/labestiadeportiva.com\/lbd\/wp-content\/uploads\/2015\/06\/Lucas-Yerobi-Domingo-300x197.jpg\" alt=\"Lucas Yerobi - Domingo\" width=\"300\" height=\"197\" srcset=\"http:\/\/labestiadeportiva.com\/lbd\/wp-content\/uploads\/2015\/06\/Lucas-Yerobi-Domingo-300x197.jpg 300w, http:\/\/labestiadeportiva.com\/lbd\/wp-content\/uploads\/2015\/06\/Lucas-Yerobi-Domingo-1024x672.jpg 1024w, http:\/\/labestiadeportiva.com\/lbd\/wp-content\/uploads\/2015\/06\/Lucas-Yerobi-Domingo.jpg 1109w\" sizes=\"(max-width: 300px) 100vw, 300px\" \/><\/a>Demostrando nuevamente el gran funcionamiento de su VW Gol Trend con atenci\u00f3n de Lucas Benincasa y motores provistos por Sebasti\u00e1n Colombo, Lucas Yerobi pudo completar la quinta final de la temporada dentro de la Clase 3 del TP en la s\u00e9ptima ubicaci\u00f3n que lo ubica sexto en el campeonato . Fuente y foto prensa Lucas Yerobi.<!--more--><\/p>\n<p>Como si fuera poco, tradujo su potencial en el record de vuelta de la competencia, alcanzando de este modo distintas se\u00f1ales que siguen mostrando que el resultado buscado cada vez est\u00e1 m\u00e1s cerca y que s\u00f3lo es cuesti\u00f3n de mantener la calma y seguir transitando el buen camino que ha encarado el piloto fueguino.<\/p>\n<p>La carrera final lo ten\u00eda a Lucas partiendo desde la d\u00e9cima colocaci\u00f3n y avanzando una posici\u00f3n en el comienzo, llegando a ser noveno y tratando de no involucrarse en ninguna de las alternativas que se iban produciendo en las primeras posiciones, manteniendo la calma pero siempre yendo para adelante.<\/p>\n<p>Con ritmo de competencia y el record de vuelta ya consumado, el piloto de Tierra del Fuego sigui\u00f3 progresando en el clasificador para conseguir la octava posici\u00f3n y tras ello lograr otro sobrepaso, siendo nuevo s\u00e9ptimo y siguiendo cada vez m\u00e1s cerca los primeros lugares, los cuales parec\u00edan distantes pero no por ello imposibles de alcanzar.<\/p>\n<p>Pese a sus buenas intenciones, Lucas no pudo terminar de acercarse al primer pelot\u00f3n debido al trabajo que le caus\u00f3 llegar a esa colocaci\u00f3n.<\/p>\n<p>De este modo, con el correr de las vueltas fue manteniendo la atenci\u00f3n en asegurarse el lugar hasta cruzar la bandera a cuadros en la misma s\u00e9ptima ubicaci\u00f3n que lo deja conforme por haber mostrado nuevamente el potencial general del auto pero con el sinsabor de no terminar de traducir todo lo bueno que se est\u00e1 haciendo hasta el momento, en un resultado final.<\/p>\n<p><span style=\"color: #0000ff;\">\u201cSeguimos por el buen camino, este fin de semana volvimos a estar entre los diez y logramos el record de vuelta de la competencia final lo cual es otra demostraci\u00f3n que el auto est\u00e1 para grandes resultados. No hay que desesperarse y seguramente llegar\u00e1, mientras tanto la meta es no pararse y seguir acumulando puntos de relevancia\u201d<\/span> Indic\u00f3 el fueguino analizando lo ocurrido.<\/p>\n<p>Con esta marca, Lucas alcanza la sexta posici\u00f3n del campeonato con un total de 77 puntos, los cuales intentar\u00e1 seguir haciendo crecer entre los d\u00edas 10, 11 y 12 de julio, cuando la categor\u00eda dispute la sexta fecha de la temporada en el aut\u00f3dromo Roberto Mouras de La Plata.<\/p>\n<p>Lucas Yerobi agradece el apoyo brindado a \u201cGr\u00faas Delta, Agua Jony, Hertz, Orange Car Wash, Seinco Servicios y Log\u00edstica, VM Repuestos, Municipalidad de Ushuaia, El Diario Del Fin Del Mundo, Pizza Bely, La 97 Radio Fueguina, Escale Andina, Argentina Publicidad, John Foos, La Cien.1, Azzurra, El Gran Corsini, Almar Construcciones y Club Del Pastor Blanco Suizo\u201d<\/p>\n<div class='epvc-post-count'><span class='epvc-eye'><\/span>  <span class=\"epvc-count\"> 1.057<\/span><span class='epvc-label'> veces le\u00edda<\/span><\/div>\n<div class=\"jwsharethis\">\nShare this: \n<br \/>\n<a href=\"mailto:?subject=S%C3%A9ptimo%20y%20en%20la%20pelea&amp;body=http%3A%2F%2Flabestiadeportiva.com%2Flbd%2Fseptimo-y-en-la-pelea%2F\">\n<img src=\"http:\/\/labestiadeportiva.com\/lbd\/wp-content\/plugins\/jw-share-this\/email.png\" alt=\"Share this page via Email\" \/>\n<\/a>\n<a target=\"_blank\" href=\"http:\/\/www.stumbleupon.com\/submit?url=http%3A%2F%2Flabestiadeportiva.com%2Flbd%2Fseptimo-y-en-la-pelea%2F&amp;title=S%C3%A9ptimo+y+en+la+pelea\">\n<img src=\"http:\/\/labestiadeportiva.com\/lbd\/wp-content\/plugins\/jw-share-this\/su.png\" alt=\"Share this page via Stumble Upon\" \/>\n<\/a>\n<a target=\"_blank\" href=\"http:\/\/digg.com\/submit?url=http%3A%2F%2Flabestiadeportiva.com%2Flbd%2Fseptimo-y-en-la-pelea%2F&amp;title=S%C3%A9ptimo+y+en+la+pelea\">\n<img src=\"http:\/\/labestiadeportiva.com\/lbd\/wp-content\/plugins\/jw-share-this\/digg.png\" alt=\"Share this page via Digg this\" \/>\n<\/a>\n<a target=\"_blank\" href=\"http:\/\/www.facebook.com\/sharer.php?u=http%3A%2F%2Flabestiadeportiva.com%2Flbd%2Fseptimo-y-en-la-pelea%2F&amp;t=S%C3%A9ptimo+y+en+la+pelea\">\n<img src=\"http:\/\/labestiadeportiva.com\/lbd\/wp-content\/plugins\/jw-share-this\/fb.png\" alt=\"Share this page via Facebook\" \/>\n<\/a>\n<a target=\"_blank\" href=\"http:\/\/twitter.com\/intent\/tweet?text=I+like+http%3A%2F%2Flabestiadeportiva.com%2Flbd%2Fseptimo-y-en-la-pelea%2F&amp;title=S%C3%A9ptimo+y+en+la+pelea\">\n<img src=\"http:\/\/labestiadeportiva.com\/lbd\/wp-content\/plugins\/jw-share-this\/twitter.png\" alt=\"Share this page via Twitter\" \/>\n<\/a>\n<\/div>\n","protected":false},"excerpt":{"rendered":"<p>Demostrando nuevamente el gran funcionamiento de su VW Gol Trend con atenci\u00f3n de Lucas Benincasa y motores provistos por Sebasti\u00e1n Colombo, Lucas Yerobi pudo completar la quinta final de la temporada dentro de la Clase 3 del TP en la s\u00e9ptima ubicaci\u00f3n que lo ubica sexto en el campeonato . Fuente y foto prensa Lucas &hellip; <a href=\"http:\/\/labestiadeportiva.com\/lbd\/septimo-y-en-la-pelea\/\" class=\"more-link\">Seguir leyendo <span class=\"screen-reader-text\">S\u00e9ptimo y en la pelea<\/span> <span class=\"meta-nav\">&rarr;<\/span><\/a><\/p>\n","protected":false},"author":1,"featured_media":16176,"comment_status":"open","ping_status":"open","sticky":false,"template":"","format":"standard","meta":[],"categories":[2135,5,6,1],"tags":[86,152,808],"_links":{"self":[{"href":"http:\/\/labestiadeportiva.com\/lbd\/wp-json\/wp\/v2\/posts\/16175"}],"collection":[{"href":"http:\/\/labestiadeportiva.com\/lbd\/wp-json\/wp\/v2\/posts"}],"about":[{"href":"http:\/\/labestiadeportiva.com\/lbd\/wp-json\/wp\/v2\/types\/post"}],"author":[{"embeddable":true,"href":"http:\/\/labestiadeportiva.com\/lbd\/wp-json\/wp\/v2\/users\/1"}],"replies":[{"embeddable":true,"href":"http:\/\/labestiadeportiva.com\/lbd\/wp-json\/wp\/v2\/comments?post=16175"}],"version-history":[{"count":1,"href":"http:\/\/labestiadeportiva.com\/lbd\/wp-json\/wp\/v2\/posts\/16175\/revisions"}],"predecessor-version":[{"id":16177,"href":"http:\/\/labestiadeportiva.com\/lbd\/wp-json\/wp\/v2\/posts\/16175\/revisions\/16177"}],"wp:featuredmedia":[{"embeddable":true,"href":"http:\/\/labestiadeportiva.com\/lbd\/wp-json\/wp\/v2\/media\/16176"}],"wp:attachment":[{"href":"http:\/\/labestiadeportiva.com\/lbd\/wp-json\/wp\/v2\/media?parent=16175"}],"wp:term":[{"taxonomy":"category","embeddable":true,"href":"http:\/\/labestiadeportiva.com\/lbd\/wp-json\/wp\/v2\/categories?post=16175"},{"taxonomy":"post_tag","embeddable":true,"href":"http:\/\/labestiadeportiva.com\/lbd\/wp-json\/wp\/v2\/tags?post=16175"}],"curies":[{"name":"wp","href":"https:\/\/api.w.org\/{rel}","templated":true}]}}