{"id":16178,"date":"2015-06-22T15:25:16","date_gmt":"2015-06-22T18:25:16","guid":{"rendered":"http:\/\/labestiadeportiva.com\/lbd\/?p=16178"},"modified":"2015-06-22T15:25:16","modified_gmt":"2015-06-22T18:25:16","slug":"perdonalos-maestro-no-saben-lo-que-hacen","status":"publish","type":"post","link":"http:\/\/labestiadeportiva.com\/lbd\/perdonalos-maestro-no-saben-lo-que-hacen\/","title":{"rendered":"Perd\u00f3nalos \u00abMaestro\u00bb, no saben lo que hacen"},"content":{"rendered":"<p>Por Daniel Campos (Corresponsal LBD en Palma de Mallorca, Espa\u00f1a)<\/p>\n<p><a href=\"http:\/\/labestiadeportiva.com\/lbd\/wp-content\/uploads\/2015\/06\/DSC_0538.jpg\"><img loading=\"lazy\" class=\"alignleft size-medium wp-image-16179\" src=\"http:\/\/labestiadeportiva.com\/lbd\/wp-content\/uploads\/2015\/06\/DSC_0538-300x195.jpg\" alt=\"DSC_0538\" width=\"300\" height=\"195\" srcset=\"http:\/\/labestiadeportiva.com\/lbd\/wp-content\/uploads\/2015\/06\/DSC_0538-300x195.jpg 300w, http:\/\/labestiadeportiva.com\/lbd\/wp-content\/uploads\/2015\/06\/DSC_0538.jpg 800w\" sizes=\"(max-width: 300px) 100vw, 300px\" \/><\/a>\u00daltimo viernes de primavera en Espa\u00f1a que se despide con\u00a0 bastante calor, aqu\u00ed en Palma de Mallorca. Estaba en la estaci\u00f3n de autobuses y trenes de la ciudad y muy cerca de plaza Espa\u00f1a, veo que est\u00e1n terminando de montar un stand de un conocido banco espa\u00f1ol que patrocina al equipo Ferrari de F\u00f3rmula 1.<!--more--><\/p>\n<p>El complejo en s\u00ed, me resultaba conocido, ya que era la tercera vez que \u00a0aparec\u00edan por esta ciudad, mostrando el mismo auto de siempre un F-10, con las mismas atracciones de entonces, un podio para hacerse fotos, un buzo y un casco firmado por el ahora piloto de la escuder\u00eda McLaren Honda,\u00a0 don Fernando Alonso D\u00edaz.<\/p>\n<p>En el interior, las paredes decoradas de rojo Ferrari, donde se pueden ver los circuitos de la temporada 2015, y cuyos datos hist\u00f3ricos son de dudosa credibilidad. Tambi\u00e9n hab\u00eda dos simuladores \u00a0muy logrados para que cada visitante tuviera la posibilidad de girar al menos una vuelta o dos minutos de tiempo total.<\/p>\n<p>No me atrev\u00ed \u00a0a subir ya que no quer\u00eda ser humillado terriblemente por un ni\u00f1o de siete a\u00f1os que conduc\u00eda como el mejor poseedor de una superlicencia. En otras de las paredes de este stand m\u00f3vil, unas miniaturas a escala, mostraban los m\u00e1s famosos modelos de competici\u00f3n de la casa de Maranello.<\/p>\n<p>En esa misma pared, una serie de fotos de los pilotos que condujeron para la casa italiana y que lograron un t\u00edtulo de conductores y constructores.<\/p>\n<p>Cada fotograf\u00eda iba acompa\u00f1ada de la bandera nacional y una breve rese\u00f1a. Por supuesto no pod\u00eda faltar una instant\u00e1nea\u00a0 de nuestro querido y respetado, Juan Manuel Fangio, campe\u00f3n con Ferrari en la temporada de 1956.<\/p>\n<p>Perd\u00f3n \u2026 dije faltar? S\u00ed, se\u00f1or, pues era as\u00ed, faltaba una foto del Chueco, del maestro, de uno de los grandes, porque en su lugar aparec\u00eda un sonriente y joven piloto ingl\u00e9s, Stirling Moss. Un gran piloto, por supuesto, y compa\u00f1ero de equipo del genio de Balcarce, en la escuder\u00eda Mercedes Benz, aquel de las famosas \u00a0\u201cFlechas de Plata\u201d.<\/p>\n<p>Como no pod\u00eda dejar pasar por alto semejante error conceptual e hist\u00f3rico, del que ya lamentablemente estoy acostumbrado por estos lares, cada vez que hojeo un diario o veo un informe por televisi\u00f3n, decid\u00ed buscar alguien responsable de la exposici\u00f3n.<\/p>\n<p>Una vez encontrada esa persona me present\u00e9 y le pregunt\u00e9 qui\u00e9nes eran los encargados del trabajo de recopilaci\u00f3n y del montaje del mismo.<\/p>\n<p>Esta persona me coment\u00f3 que el banco es el que realiza esa tarea, y casi sin dejar de acabar la frase, le contest\u00e9: pues el banco se ha cargado sesenta a\u00f1os de historia de la F\u00f3rmula 1, y continu\u00e9 enumer\u00e1ndole la cantidad de errores que aparec\u00edan expuestos en la muestra.<\/p>\n<p>Inmediatamente, fue en busca de una hoja de papel y me pidi\u00f3 que se lo anotara en la misma. As\u00ed fue que me confirm\u00f3 que iban a chequear esa informaci\u00f3n.<\/p>\n<p>Un rato m\u00e1s tarde, volv\u00ed\u00a0 con una foto de 20 por 30 del real Juan Manuel Fangio, pero, por supuesto, no la aceptaron porque deb\u00edan consultarlo con la central para hacer cualquier tipo de modificaci\u00f3n en la exposici\u00f3n.<\/p>\n<p>Regres\u00e9 al d\u00eda siguiente para tomar algunas fotos, que acompa\u00f1an esta nota, y que el cambio no se hab\u00eda producido en la presentaci\u00f3n. Esto confirma mis sospechas, de que en Espa\u00f1a, <span style=\"color: #ff0000;\">\u201clos medios especializados en F\u00f3rmula 1\u201d<\/span>, tocan de o\u00eddo.<\/p>\n<p><a href=\"http:\/\/labestiadeportiva.com\/lbd\/wp-content\/uploads\/2015\/06\/DSC_0540.jpg\"><img loading=\"lazy\" class=\"aligncenter size-medium wp-image-16180\" src=\"http:\/\/labestiadeportiva.com\/lbd\/wp-content\/uploads\/2015\/06\/DSC_0540-180x300.jpg\" alt=\"DSC_0540\" width=\"180\" height=\"300\" srcset=\"http:\/\/labestiadeportiva.com\/lbd\/wp-content\/uploads\/2015\/06\/DSC_0540-180x300.jpg 180w, http:\/\/labestiadeportiva.com\/lbd\/wp-content\/uploads\/2015\/06\/DSC_0540-614x1024.jpg 614w, http:\/\/labestiadeportiva.com\/lbd\/wp-content\/uploads\/2015\/06\/DSC_0540.jpg 1622w\" sizes=\"(max-width: 180px) 100vw, 180px\" \/><\/a><\/p>\n<div class='epvc-post-count'><span class='epvc-eye'><\/span>  <span class=\"epvc-count\"> 1.167<\/span><span class='epvc-label'> veces le\u00edda<\/span><\/div>\n<div class=\"jwsharethis\">\nShare this: \n<br \/>\n<a href=\"mailto:?subject=Perd%C3%B3nalos%20%C2%ABMaestro%C2%BB%2C%20no%20saben%20lo%20que%20hacen&amp;body=http%3A%2F%2Flabestiadeportiva.com%2Flbd%2Fperdonalos-maestro-no-saben-lo-que-hacen%2F\">\n<img src=\"http:\/\/labestiadeportiva.com\/lbd\/wp-content\/plugins\/jw-share-this\/email.png\" alt=\"Share this page via Email\" \/>\n<\/a>\n<a target=\"_blank\" href=\"http:\/\/www.stumbleupon.com\/submit?url=http%3A%2F%2Flabestiadeportiva.com%2Flbd%2Fperdonalos-maestro-no-saben-lo-que-hacen%2F&amp;title=Perd%C3%B3nalos+%C2%ABMaestro%C2%BB%2C+no+saben+lo+que+hacen\">\n<img src=\"http:\/\/labestiadeportiva.com\/lbd\/wp-content\/plugins\/jw-share-this\/su.png\" alt=\"Share this page via Stumble Upon\" \/>\n<\/a>\n<a target=\"_blank\" href=\"http:\/\/digg.com\/submit?url=http%3A%2F%2Flabestiadeportiva.com%2Flbd%2Fperdonalos-maestro-no-saben-lo-que-hacen%2F&amp;title=Perd%C3%B3nalos+%C2%ABMaestro%C2%BB%2C+no+saben+lo+que+hacen\">\n<img src=\"http:\/\/labestiadeportiva.com\/lbd\/wp-content\/plugins\/jw-share-this\/digg.png\" alt=\"Share this page via Digg this\" \/>\n<\/a>\n<a target=\"_blank\" href=\"http:\/\/www.facebook.com\/sharer.php?u=http%3A%2F%2Flabestiadeportiva.com%2Flbd%2Fperdonalos-maestro-no-saben-lo-que-hacen%2F&amp;t=Perd%C3%B3nalos+%C2%ABMaestro%C2%BB%2C+no+saben+lo+que+hacen\">\n<img src=\"http:\/\/labestiadeportiva.com\/lbd\/wp-content\/plugins\/jw-share-this\/fb.png\" alt=\"Share this page via Facebook\" \/>\n<\/a>\n<a target=\"_blank\" href=\"http:\/\/twitter.com\/intent\/tweet?text=I+like+http%3A%2F%2Flabestiadeportiva.com%2Flbd%2Fperdonalos-maestro-no-saben-lo-que-hacen%2F&amp;title=Perd%C3%B3nalos+%C2%ABMaestro%C2%BB%2C+no+saben+lo+que+hacen\">\n<img src=\"http:\/\/labestiadeportiva.com\/lbd\/wp-content\/plugins\/jw-share-this\/twitter.png\" alt=\"Share this page via Twitter\" \/>\n<\/a>\n<\/div>\n","protected":false},"excerpt":{"rendered":"<p>Por Daniel Campos (Corresponsal LBD en Palma de Mallorca, Espa\u00f1a) \u00daltimo viernes de primavera en Espa\u00f1a que se despide con\u00a0 bastante calor, aqu\u00ed en Palma de Mallorca. Estaba en la estaci\u00f3n de autobuses y trenes de la ciudad y muy cerca de plaza Espa\u00f1a, veo que est\u00e1n terminando de montar un stand de un conocido &hellip; <a href=\"http:\/\/labestiadeportiva.com\/lbd\/perdonalos-maestro-no-saben-lo-que-hacen\/\" class=\"more-link\">Seguir leyendo <span class=\"screen-reader-text\">Perd\u00f3nalos \u00abMaestro\u00bb, no saben lo que hacen<\/span> <span class=\"meta-nav\">&rarr;<\/span><\/a><\/p>\n","protected":false},"author":1,"featured_media":16179,"comment_status":"open","ping_status":"open","sticky":false,"template":"","format":"standard","meta":[],"categories":[2176,4,1],"tags":[86,2208,148,2207,83],"_links":{"self":[{"href":"http:\/\/labestiadeportiva.com\/lbd\/wp-json\/wp\/v2\/posts\/16178"}],"collection":[{"href":"http:\/\/labestiadeportiva.com\/lbd\/wp-json\/wp\/v2\/posts"}],"about":[{"href":"http:\/\/labestiadeportiva.com\/lbd\/wp-json\/wp\/v2\/types\/post"}],"author":[{"embeddable":true,"href":"http:\/\/labestiadeportiva.com\/lbd\/wp-json\/wp\/v2\/users\/1"}],"replies":[{"embeddable":true,"href":"http:\/\/labestiadeportiva.com\/lbd\/wp-json\/wp\/v2\/comments?post=16178"}],"version-history":[{"count":1,"href":"http:\/\/labestiadeportiva.com\/lbd\/wp-json\/wp\/v2\/posts\/16178\/revisions"}],"predecessor-version":[{"id":16181,"href":"http:\/\/labestiadeportiva.com\/lbd\/wp-json\/wp\/v2\/posts\/16178\/revisions\/16181"}],"wp:featuredmedia":[{"embeddable":true,"href":"http:\/\/labestiadeportiva.com\/lbd\/wp-json\/wp\/v2\/media\/16179"}],"wp:attachment":[{"href":"http:\/\/labestiadeportiva.com\/lbd\/wp-json\/wp\/v2\/media?parent=16178"}],"wp:term":[{"taxonomy":"category","embeddable":true,"href":"http:\/\/labestiadeportiva.com\/lbd\/wp-json\/wp\/v2\/categories?post=16178"},{"taxonomy":"post_tag","embeddable":true,"href":"http:\/\/labestiadeportiva.com\/lbd\/wp-json\/wp\/v2\/tags?post=16178"}],"curies":[{"name":"wp","href":"https:\/\/api.w.org\/{rel}","templated":true}]}}