{"id":16293,"date":"2015-07-05T18:02:16","date_gmt":"2015-07-05T21:02:16","guid":{"rendered":"http:\/\/labestiadeportiva.com\/lbd\/?p=16293"},"modified":"2015-07-05T18:02:16","modified_gmt":"2015-07-05T21:02:16","slug":"no-se-queda-quieto","status":"publish","type":"post","link":"http:\/\/labestiadeportiva.com\/lbd\/no-se-queda-quieto\/","title":{"rendered":"No se queda quieto"},"content":{"rendered":"<p><a href=\"http:\/\/labestiadeportiva.com\/lbd\/wp-content\/uploads\/2015\/07\/Mailing-3.jpg\"><img loading=\"lazy\" class=\"alignleft size-medium wp-image-16294\" src=\"http:\/\/labestiadeportiva.com\/lbd\/wp-content\/uploads\/2015\/07\/Mailing-3-300x200.jpg\" alt=\"Mailing 3\" width=\"300\" height=\"200\" srcset=\"http:\/\/labestiadeportiva.com\/lbd\/wp-content\/uploads\/2015\/07\/Mailing-3-300x200.jpg 300w, http:\/\/labestiadeportiva.com\/lbd\/wp-content\/uploads\/2015\/07\/Mailing-3-1024x681.jpg 1024w, http:\/\/labestiadeportiva.com\/lbd\/wp-content\/uploads\/2015\/07\/Mailing-3.jpg 1600w\" sizes=\"(max-width: 300px) 100vw, 300px\" \/><\/a>Despu\u00e9s de la carrera en Jun\u00edn, donde el VW Gol subcampe\u00f3n mostraba un rendimiento superlativo hasta su abandono, el ushuaiense Lucas Garro se present\u00f3 como invitado en la quinta fecha de la Clase 2 de ALMA, una de las categor\u00edas zonales m\u00e1s representativas. Fuente y foto prensa Lucas Garro.<br \/>\nYa qued\u00f3 en la historia la quinta cita de la temporada para el Turismo Pista, disputada en el aut\u00f3dromo \u201cEusebio Marcilla\u201d de Junin, donde Lucas Garro, volviendo con el Volkswagen Gol a las pistas, avizoraba un gran fin de semana.<!--more--><\/p>\n<p>Es que hasta la clasificaci\u00f3n todo marchaba viento en popa, ubic\u00e1ndose 10mo a s\u00f3lo medio segundo del poleman y con grandes posibilidades de avanzar en la serie. Sin embargo en la bater\u00eda clasificatoria sufri\u00f3 algunos inconvenientes con la caja de cambios que lo relegaron hasta la 7ma posici\u00f3n, oblig\u00e1ndolo a largar detr\u00e1s del Top 20 en la final.<\/p>\n<p><span style=\"color: #0000ff;\">\u00abLargu\u00e9 tratando de esquivar los golpes para tener buen ritmo al final de la carrera. Hice las primeras tres vueltas y estaba duod\u00e9cimo, sali\u00f3 el pace car, avanc\u00e9 una ubicaci\u00f3n m\u00e1s y se rompi\u00f3 el cable de acelerador\u201d<\/span>, comenz\u00f3 diciendo Garro en relaci\u00f3n a la carrera que completaba el fin de semana.<\/p>\n<p>Y agreg\u00f3: <span style=\"color: #0000ff;\">\u201cEs incre\u00edble la mala suerte que tenemos. Se revis\u00f3 el auto completo, se desarm\u00f3 todo, amortiguadores, eje, r\u00f3tulas y se nos corta el cable de acelerador, pero los fierros son as\u00ed y hay que seguir\u201d.<\/span><\/p>\n<p>Siete d\u00edas despu\u00e9s tuvo la oportunidad de correr como invitado en la quinta fecha de la Clase 2 de ALMA junto a Jos\u00e9 Luis \u201cPepe\u201d Di Santo dejando en evidencia todo su potencial conductivo.<\/p>\n<p><span style=\"color: #0000ff;\">\u201cMe invitaron a correr en Dolores. Probamos un poco el viernes un par de vueltas el auto y para la clasificaci\u00f3n de invitados hicimos la pole position sac\u00e1ndole seis d\u00e9cimas al segundo. Pepe termin\u00f3 segundo en su final y yo pude hacer una luz de ventaja desde el comienzo escap\u00e1ndome del pelot\u00f3n para ganar con m\u00e1s de trece segundos de diferencia. Este resultado sirve en lo an\u00edmico y tambi\u00e9n para el piloto titular ya que estir\u00f3 la brecha a su favor en el campeonato\u00bb<\/span>, enfatiz\u00f3 Lucas contando lo ocurrido en la carrera del fin de semana pasado.<\/p>\n<p>Para concluir diciendo que a\u00fan no sabe si podr\u00e1 estar presente en la sexta cita de la temporada para el Turismo Pista debido a los inconvenientes presupuestarios que est\u00e1n calando hondo en la situaci\u00f3n econ\u00f3mica.<\/p>\n<p>La pr\u00f3xima fecha de la divisional mayor del Turismo Pista (6\u00ba) se desarrollar\u00e1 en el aut\u00f3dromo \u201cRoberto Mouras\u201d de La Plata entre los d\u00edas 11 y 12 de Julio.<\/p>\n<p>Lucas Garro y equipo agradecen a sus sponsors: Carbess, Constru Sec, El Diario del Fin del Mundo, GRV Publicidad, Instituto Fueguino de Turismo, Jet Letreros, Rosana Bertone 2015 y Tierra Fueguina SRL. Asimismo, a toda la gente de Tierra del Fuego, familia, amigos y al GAP RACING por el auto que entrega en pista.<\/p>\n<p><a href=\"http:\/\/labestiadeportiva.com\/lbd\/wp-content\/uploads\/2015\/07\/Mailing-1.jpg\"><img loading=\"lazy\" class=\"aligncenter size-medium wp-image-16295\" src=\"http:\/\/labestiadeportiva.com\/lbd\/wp-content\/uploads\/2015\/07\/Mailing-1-300x199.jpg\" alt=\"Mailing 1\" width=\"300\" height=\"199\" srcset=\"http:\/\/labestiadeportiva.com\/lbd\/wp-content\/uploads\/2015\/07\/Mailing-1-300x199.jpg 300w, http:\/\/labestiadeportiva.com\/lbd\/wp-content\/uploads\/2015\/07\/Mailing-1-1024x678.jpg 1024w, http:\/\/labestiadeportiva.com\/lbd\/wp-content\/uploads\/2015\/07\/Mailing-1.jpg 1600w\" sizes=\"(max-width: 300px) 100vw, 300px\" \/><\/a><\/p>\n<div class='epvc-post-count'><span class='epvc-eye'><\/span>  <span class=\"epvc-count\"> 1.148<\/span><span class='epvc-label'> veces le\u00edda<\/span><\/div>\n<div class=\"jwsharethis\">\nShare this: \n<br \/>\n<a href=\"mailto:?subject=No%20se%20queda%20quieto&amp;body=http%3A%2F%2Flabestiadeportiva.com%2Flbd%2Fno-se-queda-quieto%2F\">\n<img src=\"http:\/\/labestiadeportiva.com\/lbd\/wp-content\/plugins\/jw-share-this\/email.png\" alt=\"Share this page via Email\" \/>\n<\/a>\n<a target=\"_blank\" href=\"http:\/\/www.stumbleupon.com\/submit?url=http%3A%2F%2Flabestiadeportiva.com%2Flbd%2Fno-se-queda-quieto%2F&amp;title=No+se+queda+quieto\">\n<img src=\"http:\/\/labestiadeportiva.com\/lbd\/wp-content\/plugins\/jw-share-this\/su.png\" alt=\"Share this page via Stumble Upon\" \/>\n<\/a>\n<a target=\"_blank\" href=\"http:\/\/digg.com\/submit?url=http%3A%2F%2Flabestiadeportiva.com%2Flbd%2Fno-se-queda-quieto%2F&amp;title=No+se+queda+quieto\">\n<img src=\"http:\/\/labestiadeportiva.com\/lbd\/wp-content\/plugins\/jw-share-this\/digg.png\" alt=\"Share this page via Digg this\" \/>\n<\/a>\n<a target=\"_blank\" href=\"http:\/\/www.facebook.com\/sharer.php?u=http%3A%2F%2Flabestiadeportiva.com%2Flbd%2Fno-se-queda-quieto%2F&amp;t=No+se+queda+quieto\">\n<img src=\"http:\/\/labestiadeportiva.com\/lbd\/wp-content\/plugins\/jw-share-this\/fb.png\" alt=\"Share this page via Facebook\" \/>\n<\/a>\n<a target=\"_blank\" href=\"http:\/\/twitter.com\/intent\/tweet?text=I+like+http%3A%2F%2Flabestiadeportiva.com%2Flbd%2Fno-se-queda-quieto%2F&amp;title=No+se+queda+quieto\">\n<img src=\"http:\/\/labestiadeportiva.com\/lbd\/wp-content\/plugins\/jw-share-this\/twitter.png\" alt=\"Share this page via Twitter\" \/>\n<\/a>\n<\/div>\n","protected":false},"excerpt":{"rendered":"<p>Despu\u00e9s de la carrera en Jun\u00edn, donde el VW Gol subcampe\u00f3n mostraba un rendimiento superlativo hasta su abandono, el ushuaiense Lucas Garro se present\u00f3 como invitado en la quinta fecha de la Clase 2 de ALMA, una de las categor\u00edas zonales m\u00e1s representativas. Fuente y foto prensa Lucas Garro. Ya qued\u00f3 en la historia la &hellip; <a href=\"http:\/\/labestiadeportiva.com\/lbd\/no-se-queda-quieto\/\" class=\"more-link\">Seguir leyendo <span class=\"screen-reader-text\">No se queda quieto<\/span> <span class=\"meta-nav\">&rarr;<\/span><\/a><\/p>\n","protected":false},"author":1,"featured_media":16294,"comment_status":"open","ping_status":"open","sticky":false,"template":"","format":"standard","meta":[],"categories":[2135,5,6,1],"tags":[524,2229,151,83],"_links":{"self":[{"href":"http:\/\/labestiadeportiva.com\/lbd\/wp-json\/wp\/v2\/posts\/16293"}],"collection":[{"href":"http:\/\/labestiadeportiva.com\/lbd\/wp-json\/wp\/v2\/posts"}],"about":[{"href":"http:\/\/labestiadeportiva.com\/lbd\/wp-json\/wp\/v2\/types\/post"}],"author":[{"embeddable":true,"href":"http:\/\/labestiadeportiva.com\/lbd\/wp-json\/wp\/v2\/users\/1"}],"replies":[{"embeddable":true,"href":"http:\/\/labestiadeportiva.com\/lbd\/wp-json\/wp\/v2\/comments?post=16293"}],"version-history":[{"count":1,"href":"http:\/\/labestiadeportiva.com\/lbd\/wp-json\/wp\/v2\/posts\/16293\/revisions"}],"predecessor-version":[{"id":16296,"href":"http:\/\/labestiadeportiva.com\/lbd\/wp-json\/wp\/v2\/posts\/16293\/revisions\/16296"}],"wp:featuredmedia":[{"embeddable":true,"href":"http:\/\/labestiadeportiva.com\/lbd\/wp-json\/wp\/v2\/media\/16294"}],"wp:attachment":[{"href":"http:\/\/labestiadeportiva.com\/lbd\/wp-json\/wp\/v2\/media?parent=16293"}],"wp:term":[{"taxonomy":"category","embeddable":true,"href":"http:\/\/labestiadeportiva.com\/lbd\/wp-json\/wp\/v2\/categories?post=16293"},{"taxonomy":"post_tag","embeddable":true,"href":"http:\/\/labestiadeportiva.com\/lbd\/wp-json\/wp\/v2\/tags?post=16293"}],"curies":[{"name":"wp","href":"https:\/\/api.w.org\/{rel}","templated":true}]}}