{"id":16320,"date":"2015-07-07T02:09:28","date_gmt":"2015-07-07T05:09:28","guid":{"rendered":"http:\/\/labestiadeportiva.com\/lbd\/?p=16320"},"modified":"2015-07-07T02:09:28","modified_gmt":"2015-07-07T05:09:28","slug":"potenciado-para-el-mouras","status":"publish","type":"post","link":"http:\/\/labestiadeportiva.com\/lbd\/potenciado-para-el-mouras\/","title":{"rendered":"Potenciado para el \u201cMouras\u201d"},"content":{"rendered":"<p><a href=\"http:\/\/labestiadeportiva.com\/lbd\/wp-content\/uploads\/2015\/07\/Yerobi.jpg\"><img loading=\"lazy\" class=\"alignleft size-medium wp-image-16321\" src=\"http:\/\/labestiadeportiva.com\/lbd\/wp-content\/uploads\/2015\/07\/Yerobi-300x149.jpg\" alt=\"Yerobi\" width=\"300\" height=\"149\" srcset=\"http:\/\/labestiadeportiva.com\/lbd\/wp-content\/uploads\/2015\/07\/Yerobi-300x149.jpg 300w, http:\/\/labestiadeportiva.com\/lbd\/wp-content\/uploads\/2015\/07\/Yerobi-1024x507.jpg 1024w, http:\/\/labestiadeportiva.com\/lbd\/wp-content\/uploads\/2015\/07\/Yerobi.jpg 1250w\" sizes=\"(max-width: 300px) 100vw, 300px\" \/><\/a>El piloto ushuaiense, \u00a0Lucas Yerobi, \u00a0llega a la pr\u00f3xima fecha del Turismo Pista con trabajos importantes sobre el motor de su auto. Con la mente puesta en dar pelea comenz\u00f3 la segunda mitad de la temporada entre los protagonistas principales. Fuente y foto prensa Lucas Yerobi.<!--more--><\/p>\n<p>Poder descontar puntos en funci\u00f3n del campeonato es el objetivo del fueguino que se prepara para cumplir con la sexta competencia del a\u00f1o, la cual tendr\u00e1 lugar el venidero fin de semana sobre la variante larga, sin chicana, del aut\u00f3dromo platense \u201cRoberto Mouras\u201d.<\/p>\n<p>Tras el s\u00e9ptimo lugar alcanzado en la \u00faltima competencia, Lucas encara con optimismo la fecha que se aproxima, sabiendo que el funcionamiento general del auto que atiende Lucas Benincasa se ha mantenido a la altura de lo esperado y que algunas mejoras sobre el motor que brinda Sebasti\u00e1n Colombo, podr\u00eda marcar el desequilibrio para terminar de afianzarse entre los principales protagonistas del fin de semana.<\/p>\n<p>Si bien el receso entre fecha y fecha fue m\u00e1s breve de lo habitual, Colombo ha detectado algunos elementos sobre la planta impulsora que pod\u00edan llegar a mejorarse, motivo por el cual se dispuso la utilizaci\u00f3n de nuevos elementos que deber\u00edan posibilitar una mejor potencial del VW Trend en pista, ganando algunos caballos de fuerza para poder terminar de lanzarse entre los animadores del fin de semana y candidatearse para ir en busca de la victoria que se viene negando en lo que va de la temporada.<\/p>\n<p><span style=\"color: #0000ff;\">\u201cEstamos con mucha confianza para la carrera del fin de semana, el Mouras siempre nos cae muy bien y el auto cada vez est\u00e1 funcionando mejor. En este caso llegamos con nuevos elementos sobre el motor y creemos que vamos a tener mayor potencia para la fecha que se avecina. Por diversas cuestiones se nos est\u00e1 negando el resultado final, esperemos que se pueda conseguir en La Plata y sea un impulso importante pensando en la disputa de los primeros lugares del campeonato\u201d<\/span> indic\u00f3 Yerobi refiri\u00e9ndose a sus posibilidades en la sexta cita del a\u00f1o, dentro de la Clase Tres.<\/p>\n<p>La actividad en pista comenzar\u00e1 el viernes con tres tandas de pruebas, las cuales tendr\u00e1n lugar desde las 10.05, 11.55 y 14.35 horas respectivamente, mientras que 16.45 se desarrollar\u00e1 la clasificaci\u00f3n.<\/p>\n<p>El s\u00e1bado ser\u00e1 el momento de las series, dispuestas a partir de las 14.05 mientras que la competencia final se llevar\u00e1 a cabo el domingo a partir de las 11.50 contando con televisaci\u00f3n a trav\u00e9s de Canal 13, mediante el equipo period\u00edstico de \u201cCarburando\u201d.<\/p>\n<p>Lucas Yerobi agradece el apoyo brindado a \u201cGr\u00faas Delta, Agua Jony, Hertz, Orange Car Wash, Seinco Servicios y Log\u00edstica, VM Repuestos, Municipalidad de Ushuaia, El Diario Del Fin Del Mundo, Pizza Bely, La 97 Radio Fueguina, Escale Andina, Argentina Publicidad, John Foos, La Cien.1, Azzurra, El Gran Corsini, Almar Construcciones y Club Del Pastor Blanco Suizo\u201d<\/p>\n<p>&nbsp;<\/p>\n<p>&nbsp;<\/p>\n<p>&nbsp;<\/p>\n<p>&nbsp;<\/p>\n<div class='epvc-post-count'><span class='epvc-eye'><\/span>  <span class=\"epvc-count\"> 1.063<\/span><span class='epvc-label'> veces le\u00edda<\/span><\/div>\n<div class=\"jwsharethis\">\nShare this: \n<br \/>\n<a href=\"mailto:?subject=Potenciado%20para%20el%20%E2%80%9CMouras%E2%80%9D&amp;body=http%3A%2F%2Flabestiadeportiva.com%2Flbd%2Fpotenciado-para-el-mouras%2F\">\n<img src=\"http:\/\/labestiadeportiva.com\/lbd\/wp-content\/plugins\/jw-share-this\/email.png\" alt=\"Share this page via Email\" \/>\n<\/a>\n<a target=\"_blank\" href=\"http:\/\/www.stumbleupon.com\/submit?url=http%3A%2F%2Flabestiadeportiva.com%2Flbd%2Fpotenciado-para-el-mouras%2F&amp;title=Potenciado+para+el+%E2%80%9CMouras%E2%80%9D\">\n<img src=\"http:\/\/labestiadeportiva.com\/lbd\/wp-content\/plugins\/jw-share-this\/su.png\" alt=\"Share this page via Stumble Upon\" \/>\n<\/a>\n<a target=\"_blank\" href=\"http:\/\/digg.com\/submit?url=http%3A%2F%2Flabestiadeportiva.com%2Flbd%2Fpotenciado-para-el-mouras%2F&amp;title=Potenciado+para+el+%E2%80%9CMouras%E2%80%9D\">\n<img src=\"http:\/\/labestiadeportiva.com\/lbd\/wp-content\/plugins\/jw-share-this\/digg.png\" alt=\"Share this page via Digg this\" \/>\n<\/a>\n<a target=\"_blank\" href=\"http:\/\/www.facebook.com\/sharer.php?u=http%3A%2F%2Flabestiadeportiva.com%2Flbd%2Fpotenciado-para-el-mouras%2F&amp;t=Potenciado+para+el+%E2%80%9CMouras%E2%80%9D\">\n<img src=\"http:\/\/labestiadeportiva.com\/lbd\/wp-content\/plugins\/jw-share-this\/fb.png\" alt=\"Share this page via Facebook\" \/>\n<\/a>\n<a target=\"_blank\" href=\"http:\/\/twitter.com\/intent\/tweet?text=I+like+http%3A%2F%2Flabestiadeportiva.com%2Flbd%2Fpotenciado-para-el-mouras%2F&amp;title=Potenciado+para+el+%E2%80%9CMouras%E2%80%9D\">\n<img src=\"http:\/\/labestiadeportiva.com\/lbd\/wp-content\/plugins\/jw-share-this\/twitter.png\" alt=\"Share this page via Twitter\" \/>\n<\/a>\n<\/div>\n","protected":false},"excerpt":{"rendered":"<p>El piloto ushuaiense, \u00a0Lucas Yerobi, \u00a0llega a la pr\u00f3xima fecha del Turismo Pista con trabajos importantes sobre el motor de su auto. Con la mente puesta en dar pelea comenz\u00f3 la segunda mitad de la temporada entre los protagonistas principales. Fuente y foto prensa Lucas Yerobi. 1.063 veces le\u00edda Share this:<\/p>\n","protected":false},"author":1,"featured_media":16321,"comment_status":"open","ping_status":"open","sticky":false,"template":"","format":"standard","meta":[],"categories":[2135,5,6,1],"tags":[458,86,152,808],"_links":{"self":[{"href":"http:\/\/labestiadeportiva.com\/lbd\/wp-json\/wp\/v2\/posts\/16320"}],"collection":[{"href":"http:\/\/labestiadeportiva.com\/lbd\/wp-json\/wp\/v2\/posts"}],"about":[{"href":"http:\/\/labestiadeportiva.com\/lbd\/wp-json\/wp\/v2\/types\/post"}],"author":[{"embeddable":true,"href":"http:\/\/labestiadeportiva.com\/lbd\/wp-json\/wp\/v2\/users\/1"}],"replies":[{"embeddable":true,"href":"http:\/\/labestiadeportiva.com\/lbd\/wp-json\/wp\/v2\/comments?post=16320"}],"version-history":[{"count":1,"href":"http:\/\/labestiadeportiva.com\/lbd\/wp-json\/wp\/v2\/posts\/16320\/revisions"}],"predecessor-version":[{"id":16322,"href":"http:\/\/labestiadeportiva.com\/lbd\/wp-json\/wp\/v2\/posts\/16320\/revisions\/16322"}],"wp:featuredmedia":[{"embeddable":true,"href":"http:\/\/labestiadeportiva.com\/lbd\/wp-json\/wp\/v2\/media\/16321"}],"wp:attachment":[{"href":"http:\/\/labestiadeportiva.com\/lbd\/wp-json\/wp\/v2\/media?parent=16320"}],"wp:term":[{"taxonomy":"category","embeddable":true,"href":"http:\/\/labestiadeportiva.com\/lbd\/wp-json\/wp\/v2\/categories?post=16320"},{"taxonomy":"post_tag","embeddable":true,"href":"http:\/\/labestiadeportiva.com\/lbd\/wp-json\/wp\/v2\/tags?post=16320"}],"curies":[{"name":"wp","href":"https:\/\/api.w.org\/{rel}","templated":true}]}}