{"id":16379,"date":"2015-07-13T14:08:28","date_gmt":"2015-07-13T17:08:28","guid":{"rendered":"http:\/\/labestiadeportiva.com\/lbd\/?p=16379"},"modified":"2015-07-13T14:08:28","modified_gmt":"2015-07-13T17:08:28","slug":"cau-verde-se-quedo-con-el-cuadrangular-interno","status":"publish","type":"post","link":"http:\/\/labestiadeportiva.com\/lbd\/cau-verde-se-quedo-con-el-cuadrangular-interno\/","title":{"rendered":"CAU \u00abVerde\u00bb se qued\u00f3 con el cuadrangular interno"},"content":{"rendered":"<p><a href=\"http:\/\/labestiadeportiva.com\/lbd\/wp-content\/uploads\/2015\/07\/11703210_904998946203875_7775919378702800036_n.jpg\"><img loading=\"lazy\" class=\"alignleft size-medium wp-image-16380\" src=\"http:\/\/labestiadeportiva.com\/lbd\/wp-content\/uploads\/2015\/07\/11703210_904998946203875_7775919378702800036_n-300x148.jpg\" alt=\"11703210_904998946203875_7775919378702800036_n\" width=\"300\" height=\"148\" srcset=\"http:\/\/labestiadeportiva.com\/lbd\/wp-content\/uploads\/2015\/07\/11703210_904998946203875_7775919378702800036_n-300x148.jpg 300w, http:\/\/labestiadeportiva.com\/lbd\/wp-content\/uploads\/2015\/07\/11703210_904998946203875_7775919378702800036_n.jpg 525w\" sizes=\"(max-width: 300px) 100vw, 300px\" \/><\/a>El s\u00e1bado por la noche culmin\u00f3 la competencia local de hockey sobre hielo preparatoria para una nueva edici\u00f3n de la Copa del Fin del Mundo\u201d. El conjunto \u201cVerde\u201d super\u00f3 a su par \u201cBlanco\u201d por un ajustado 3 a 2. Fuente y Foto Hockey sobre Hielo CAU.<!--more--><\/p>\n<p>El s\u00e1bado por la noche se disput\u00f3 el juego definitorio de la competencia interna organizada por los practicantes de la disciplina enrolados en el Club Andino Ushuaia.<\/p>\n<p>Fue un encuentro sumamente parejo jugado como en otras oportunidades bajo la nieve. A la hora de hablar de los goleadores podemos contar que en el conjunto vencedor marcaron Leandro Zahr en dos oportunidades mientras que el gol restante fue obra de Kevin Cabrera.<\/p>\n<p>En el equipo Blanco los tantos fueron realizados por Diego Sparrow y Genaro Molinolo. Dentro de las caracter\u00edsticas especiales de la mini competencia que concluy\u00f3 el fin de semana podemos contar la presencia de jugadores de diferentes niveles y edades como as\u00ed tambi\u00e9n el debut de varios j\u00f3venes en el rubro arbitraje y planillaje.<\/p>\n<p>Asimismo los organizadores quieren agradecer a las personas que trabajan en la pista Carlos \u201cTachuela\u201d Oyarzun y a la Municipalidad de Ushuaia quien a trav\u00e9s de la Subsecretar\u00eda de Deportes apoya permanentemente la disciplina.<\/p>\n<div class='epvc-post-count'><span class='epvc-eye'><\/span>  <span class=\"epvc-count\"> 1.088<\/span><span class='epvc-label'> veces le\u00edda<\/span><\/div>\n<div class=\"jwsharethis\">\nShare this: \n<br \/>\n<a href=\"mailto:?subject=CAU%20%C2%ABVerde%C2%BB%20se%20qued%C3%B3%20con%20el%20cuadrangular%20interno&amp;body=http%3A%2F%2Flabestiadeportiva.com%2Flbd%2Fcau-verde-se-quedo-con-el-cuadrangular-interno%2F\">\n<img src=\"http:\/\/labestiadeportiva.com\/lbd\/wp-content\/plugins\/jw-share-this\/email.png\" alt=\"Share this page via Email\" \/>\n<\/a>\n<a target=\"_blank\" href=\"http:\/\/www.stumbleupon.com\/submit?url=http%3A%2F%2Flabestiadeportiva.com%2Flbd%2Fcau-verde-se-quedo-con-el-cuadrangular-interno%2F&amp;title=CAU+%C2%ABVerde%C2%BB+se+qued%C3%B3+con+el+cuadrangular+interno\">\n<img src=\"http:\/\/labestiadeportiva.com\/lbd\/wp-content\/plugins\/jw-share-this\/su.png\" alt=\"Share this page via Stumble Upon\" \/>\n<\/a>\n<a target=\"_blank\" href=\"http:\/\/digg.com\/submit?url=http%3A%2F%2Flabestiadeportiva.com%2Flbd%2Fcau-verde-se-quedo-con-el-cuadrangular-interno%2F&amp;title=CAU+%C2%ABVerde%C2%BB+se+qued%C3%B3+con+el+cuadrangular+interno\">\n<img src=\"http:\/\/labestiadeportiva.com\/lbd\/wp-content\/plugins\/jw-share-this\/digg.png\" alt=\"Share this page via Digg this\" \/>\n<\/a>\n<a target=\"_blank\" href=\"http:\/\/www.facebook.com\/sharer.php?u=http%3A%2F%2Flabestiadeportiva.com%2Flbd%2Fcau-verde-se-quedo-con-el-cuadrangular-interno%2F&amp;t=CAU+%C2%ABVerde%C2%BB+se+qued%C3%B3+con+el+cuadrangular+interno\">\n<img src=\"http:\/\/labestiadeportiva.com\/lbd\/wp-content\/plugins\/jw-share-this\/fb.png\" alt=\"Share this page via Facebook\" \/>\n<\/a>\n<a target=\"_blank\" href=\"http:\/\/twitter.com\/intent\/tweet?text=I+like+http%3A%2F%2Flabestiadeportiva.com%2Flbd%2Fcau-verde-se-quedo-con-el-cuadrangular-interno%2F&amp;title=CAU+%C2%ABVerde%C2%BB+se+qued%C3%B3+con+el+cuadrangular+interno\">\n<img src=\"http:\/\/labestiadeportiva.com\/lbd\/wp-content\/plugins\/jw-share-this\/twitter.png\" alt=\"Share this page via Twitter\" \/>\n<\/a>\n<\/div>\n","protected":false},"excerpt":{"rendered":"<p>El s\u00e1bado por la noche culmin\u00f3 la competencia local de hockey sobre hielo preparatoria para una nueva edici\u00f3n de la Copa del Fin del Mundo\u201d. El conjunto \u201cVerde\u201d super\u00f3 a su par \u201cBlanco\u201d por un ajustado 3 a 2. Fuente y Foto Hockey sobre Hielo CAU. 1.088 veces le\u00edda Share this:<\/p>\n","protected":false},"author":1,"featured_media":16380,"comment_status":"open","ping_status":"open","sticky":false,"template":"","format":"standard","meta":[],"categories":[5,41,2233,1],"tags":[42,2234,139,83],"_links":{"self":[{"href":"http:\/\/labestiadeportiva.com\/lbd\/wp-json\/wp\/v2\/posts\/16379"}],"collection":[{"href":"http:\/\/labestiadeportiva.com\/lbd\/wp-json\/wp\/v2\/posts"}],"about":[{"href":"http:\/\/labestiadeportiva.com\/lbd\/wp-json\/wp\/v2\/types\/post"}],"author":[{"embeddable":true,"href":"http:\/\/labestiadeportiva.com\/lbd\/wp-json\/wp\/v2\/users\/1"}],"replies":[{"embeddable":true,"href":"http:\/\/labestiadeportiva.com\/lbd\/wp-json\/wp\/v2\/comments?post=16379"}],"version-history":[{"count":1,"href":"http:\/\/labestiadeportiva.com\/lbd\/wp-json\/wp\/v2\/posts\/16379\/revisions"}],"predecessor-version":[{"id":16381,"href":"http:\/\/labestiadeportiva.com\/lbd\/wp-json\/wp\/v2\/posts\/16379\/revisions\/16381"}],"wp:featuredmedia":[{"embeddable":true,"href":"http:\/\/labestiadeportiva.com\/lbd\/wp-json\/wp\/v2\/media\/16380"}],"wp:attachment":[{"href":"http:\/\/labestiadeportiva.com\/lbd\/wp-json\/wp\/v2\/media?parent=16379"}],"wp:term":[{"taxonomy":"category","embeddable":true,"href":"http:\/\/labestiadeportiva.com\/lbd\/wp-json\/wp\/v2\/categories?post=16379"},{"taxonomy":"post_tag","embeddable":true,"href":"http:\/\/labestiadeportiva.com\/lbd\/wp-json\/wp\/v2\/tags?post=16379"}],"curies":[{"name":"wp","href":"https:\/\/api.w.org\/{rel}","templated":true}]}}