{"id":16430,"date":"2015-07-17T21:45:57","date_gmt":"2015-07-18T00:45:57","guid":{"rendered":"http:\/\/labestiadeportiva.com\/lbd\/?p=16430"},"modified":"2015-07-17T21:45:57","modified_gmt":"2015-07-18T00:45:57","slug":"argentina-a-un-paso-de-la-semifinal","status":"publish","type":"post","link":"http:\/\/labestiadeportiva.com\/lbd\/argentina-a-un-paso-de-la-semifinal\/","title":{"rendered":"Argentina a un paso de la semifinal"},"content":{"rendered":"<p>Por Mat\u00edas Pouso (Corresponsal LBD en CABA)<\/p>\n<p><a href=\"http:\/\/labestiadeportiva.com\/lbd\/wp-content\/uploads\/2015\/07\/mayer3.jpg\"><img loading=\"lazy\" class=\"alignleft size-medium wp-image-16431\" src=\"http:\/\/labestiadeportiva.com\/lbd\/wp-content\/uploads\/2015\/07\/mayer3-300x169.jpg\" alt=\"mayer3\" width=\"300\" height=\"169\" srcset=\"http:\/\/labestiadeportiva.com\/lbd\/wp-content\/uploads\/2015\/07\/mayer3-300x169.jpg 300w, http:\/\/labestiadeportiva.com\/lbd\/wp-content\/uploads\/2015\/07\/mayer3.jpg 970w\" sizes=\"(max-width: 300px) 100vw, 300px\" \/><\/a>El conjunto nacional obtuvo una importante ventaja de 2-0 en la primera jornada de los cuartos de final de la Copa Davis frente a Serbia. Leo Mayer consigui\u00f3 abrir el marcador con su triunfo ante Filip Krajinovic por 6-4, 6-2 y 6-1; luego Federico Delbonis ganar\u00eda con el alma un dur\u00edsimo duelo ante Victor Troicki por 2-6, 2-6, 6-4, 6-4 y 6-2.<!--more--><\/p>\n<p>Un nuevo desaf\u00edo y un nuevo paso para alcanzar el gran sue\u00f1o pendiente comenzaron este viernes en Tecn\u00f3polis cuando el conjunto capitaneado por Daniel Orsanic sali\u00f3 a la cancha para enfrentar al equipo serbio que no cuenta con Novak Djokovic entre sus filas.<\/p>\n<p>La serie comenz\u00f3 con un partido por dem\u00e1s intenso entre Mayer y Krajinovic, jugado palo a palo desde el fondo de la cancha. La derecha de Mayer tuvo demasiada potencia para Krajinovic, que declar\u00f3 haber sufrido la peor derrota de su carrera.<\/p>\n<p>S\u00f3lo en el primer set el duelo fue parejo, con el serbio muy activo y eficaz con sus golpes y su saque. Pero Mayer iba paulatinamente incrementando su nivel y consigui\u00f3 el quiebre en el d\u00e9cimo game para llevarse el primer set.<\/p>\n<p>El europeo se fue apagando a medida que el encuentro transcurr\u00eda, al contrario de Mayer y de los 6000 hinchas argentinos que coparon la cancha techada del predio de Villa Soldati y minuto a minuto levantaban la temperatura con su aliento incondicional.<\/p>\n<p><a href=\"http:\/\/labestiadeportiva.com\/lbd\/wp-content\/uploads\/2015\/07\/o_1437103061.jpg\"><img loading=\"lazy\" class=\"aligncenter size-medium wp-image-16432\" src=\"http:\/\/labestiadeportiva.com\/lbd\/wp-content\/uploads\/2015\/07\/o_1437103061-300x169.jpg\" alt=\"o_1437103061\" width=\"300\" height=\"169\" srcset=\"http:\/\/labestiadeportiva.com\/lbd\/wp-content\/uploads\/2015\/07\/o_1437103061-300x169.jpg 300w, http:\/\/labestiadeportiva.com\/lbd\/wp-content\/uploads\/2015\/07\/o_1437103061.jpg 960w\" sizes=\"(max-width: 300px) 100vw, 300px\" \/><\/a>Los dos sets siguientes fueron casi anecd\u00f3ticos, El Yacar\u00e9 sac\u00f3 chapa de jugador copero y sell\u00f3 el pleito perdiendo apenas tres games.<\/p>\n<p><span style=\"color: #0000ff;\">\u201cEmpec\u00e9 con nervios, \u00e9l tambi\u00e9n, pero yo me pude soltar antes. Empec\u00e9 a jugar mejor, le impuse mi juego y ah\u00ed saqu\u00e9 una gran diferencia\u201d<\/span>, dijo el Yacar\u00e9 al terminar el encuentro. <span style=\"color: #0000ff;\">\u201c\u00c9l tiene 22 a\u00f1os y yo 28, as\u00ed que ah\u00ed hubo otra clave. Adem\u00e1s la cancha estaba un poco lenta y eso fue una ventaja\u201d.<\/span><\/p>\n<p>A continuaci\u00f3n, Federico Delbonis se visti\u00f3 de h\u00e9roe y le dio vuelta un partido casi imposible al siempre duro Viktor Troicki. El chico de Azul recuper\u00f3 una desventaja de 0-2 ante uno de los integrantes del equipo campe\u00f3n de este certamen en 2010, para ganar por 2-6, 2-6, 6-4, 6-4 y 6-2 y terminar extenuado sobre el polvo de ladrillo.<\/p>\n<p>El serbio pudo llevar a cabo su plan de juego en los primeros dos sets pero despu\u00e9s Delbonis comenz\u00f3 a jugar un gran tenis y \u00e9l perdi\u00f3 la energ\u00eda, seg\u00fan declar\u00f3 m\u00e1s tarde. En su cabeza tambi\u00e9n pes\u00f3 la derrota en Wimbledon ante Vasek Pospisil, muy similar a esta.<\/p>\n<p><span style=\"color: #0000ff;\">\u201cPens\u00e9 en eso durante el partido\u201d<\/span>, reconoci\u00f3 Troicki. <span style=\"color: #0000ff;\">\u201cTener dos derrotas consecutivas estando 2-0 es algo que duele.\u201d<\/span><br \/>\n<span style=\"color: #0000ff;\">\u201cNi me lo creo todav\u00eda. De vuelta jugu\u00e9 con el coraz\u00f3n. Es dif\u00edcil decir qu\u00e9 cambi\u00e9. Creo que son m\u00e1s las ganas, la energ\u00eda positiva que me brindan (la gente y el equipo)\u201d<\/span>, dijo Delbo tras la haza\u00f1a, todav\u00eda en el court y escuchando el aliento de un p\u00fablico entregado a su valent\u00eda.<\/p>\n<p>El s\u00e1bado ser\u00e1 el turno del dobles a partir de las 12 del mediod\u00eda, en las planillas figuran las duplas Carlos Berlocq\/Diego Schwartzman contra Dusan Lajovic\/Nenad Zimonjic aunque estas pueden ser modificadas hasta una hora antes del encuentro.<\/p>\n<p><span style=\"color: #0000ff;\">\u201cEsta noche vamos a hablar con los chicos\u201d<\/span>, anticip\u00f3 Orsanic. Al haber jugado poco y ser un punto que puede cerrar la serie, el capit\u00e1n no descarta incluir a Leonardo Mayer.<\/p>\n<p><a href=\"http:\/\/labestiadeportiva.com\/lbd\/wp-content\/uploads\/2015\/07\/delbonis.jpg\"><img loading=\"lazy\" class=\"aligncenter size-medium wp-image-16433\" src=\"http:\/\/labestiadeportiva.com\/lbd\/wp-content\/uploads\/2015\/07\/delbonis-300x182.jpg\" alt=\"delbonis\" width=\"300\" height=\"182\" srcset=\"http:\/\/labestiadeportiva.com\/lbd\/wp-content\/uploads\/2015\/07\/delbonis-300x182.jpg 300w, http:\/\/labestiadeportiva.com\/lbd\/wp-content\/uploads\/2015\/07\/delbonis-1024x620.jpg 1024w, http:\/\/labestiadeportiva.com\/lbd\/wp-content\/uploads\/2015\/07\/delbonis.jpg 1420w\" sizes=\"(max-width: 300px) 100vw, 300px\" \/><\/a><\/p>\n<div class='epvc-post-count'><span class='epvc-eye'><\/span>  <span class=\"epvc-count\"> 1.076<\/span><span class='epvc-label'> veces le\u00edda<\/span><\/div>\n<div class=\"jwsharethis\">\nShare this: \n<br \/>\n<a href=\"mailto:?subject=Argentina%20a%20un%20paso%20de%20la%20semifinal&amp;body=http%3A%2F%2Flabestiadeportiva.com%2Flbd%2Fargentina-a-un-paso-de-la-semifinal%2F\">\n<img src=\"http:\/\/labestiadeportiva.com\/lbd\/wp-content\/plugins\/jw-share-this\/email.png\" alt=\"Share this page via Email\" \/>\n<\/a>\n<a target=\"_blank\" href=\"http:\/\/www.stumbleupon.com\/submit?url=http%3A%2F%2Flabestiadeportiva.com%2Flbd%2Fargentina-a-un-paso-de-la-semifinal%2F&amp;title=Argentina+a+un+paso+de+la+semifinal\">\n<img src=\"http:\/\/labestiadeportiva.com\/lbd\/wp-content\/plugins\/jw-share-this\/su.png\" alt=\"Share this page via Stumble Upon\" \/>\n<\/a>\n<a target=\"_blank\" href=\"http:\/\/digg.com\/submit?url=http%3A%2F%2Flabestiadeportiva.com%2Flbd%2Fargentina-a-un-paso-de-la-semifinal%2F&amp;title=Argentina+a+un+paso+de+la+semifinal\">\n<img src=\"http:\/\/labestiadeportiva.com\/lbd\/wp-content\/plugins\/jw-share-this\/digg.png\" alt=\"Share this page via Digg this\" \/>\n<\/a>\n<a target=\"_blank\" href=\"http:\/\/www.facebook.com\/sharer.php?u=http%3A%2F%2Flabestiadeportiva.com%2Flbd%2Fargentina-a-un-paso-de-la-semifinal%2F&amp;t=Argentina+a+un+paso+de+la+semifinal\">\n<img src=\"http:\/\/labestiadeportiva.com\/lbd\/wp-content\/plugins\/jw-share-this\/fb.png\" alt=\"Share this page via Facebook\" \/>\n<\/a>\n<a target=\"_blank\" href=\"http:\/\/twitter.com\/intent\/tweet?text=I+like+http%3A%2F%2Flabestiadeportiva.com%2Flbd%2Fargentina-a-un-paso-de-la-semifinal%2F&amp;title=Argentina+a+un+paso+de+la+semifinal\">\n<img src=\"http:\/\/labestiadeportiva.com\/lbd\/wp-content\/plugins\/jw-share-this\/twitter.png\" alt=\"Share this page via Twitter\" \/>\n<\/a>\n<\/div>\n","protected":false},"excerpt":{"rendered":"<p>Por Mat\u00edas Pouso (Corresponsal LBD en CABA) El conjunto nacional obtuvo una importante ventaja de 2-0 en la primera jornada de los cuartos de final de la Copa Davis frente a Serbia. Leo Mayer consigui\u00f3 abrir el marcador con su triunfo ante Filip Krajinovic por 6-4, 6-2 y 6-1; luego Federico Delbonis ganar\u00eda con el &hellip; <a href=\"http:\/\/labestiadeportiva.com\/lbd\/argentina-a-un-paso-de-la-semifinal\/\" class=\"more-link\">Seguir leyendo <span class=\"screen-reader-text\">Argentina a un paso de la semifinal<\/span> <span class=\"meta-nav\">&rarr;<\/span><\/a><\/p>\n","protected":false},"author":1,"featured_media":16431,"comment_status":"open","ping_status":"open","sticky":false,"template":"","format":"standard","meta":[],"categories":[4,6,1,39],"tags":[2254,40,83,34],"_links":{"self":[{"href":"http:\/\/labestiadeportiva.com\/lbd\/wp-json\/wp\/v2\/posts\/16430"}],"collection":[{"href":"http:\/\/labestiadeportiva.com\/lbd\/wp-json\/wp\/v2\/posts"}],"about":[{"href":"http:\/\/labestiadeportiva.com\/lbd\/wp-json\/wp\/v2\/types\/post"}],"author":[{"embeddable":true,"href":"http:\/\/labestiadeportiva.com\/lbd\/wp-json\/wp\/v2\/users\/1"}],"replies":[{"embeddable":true,"href":"http:\/\/labestiadeportiva.com\/lbd\/wp-json\/wp\/v2\/comments?post=16430"}],"version-history":[{"count":1,"href":"http:\/\/labestiadeportiva.com\/lbd\/wp-json\/wp\/v2\/posts\/16430\/revisions"}],"predecessor-version":[{"id":16434,"href":"http:\/\/labestiadeportiva.com\/lbd\/wp-json\/wp\/v2\/posts\/16430\/revisions\/16434"}],"wp:featuredmedia":[{"embeddable":true,"href":"http:\/\/labestiadeportiva.com\/lbd\/wp-json\/wp\/v2\/media\/16431"}],"wp:attachment":[{"href":"http:\/\/labestiadeportiva.com\/lbd\/wp-json\/wp\/v2\/media?parent=16430"}],"wp:term":[{"taxonomy":"category","embeddable":true,"href":"http:\/\/labestiadeportiva.com\/lbd\/wp-json\/wp\/v2\/categories?post=16430"},{"taxonomy":"post_tag","embeddable":true,"href":"http:\/\/labestiadeportiva.com\/lbd\/wp-json\/wp\/v2\/tags?post=16430"}],"curies":[{"name":"wp","href":"https:\/\/api.w.org\/{rel}","templated":true}]}}