{"id":16435,"date":"2015-07-17T23:47:37","date_gmt":"2015-07-18T02:47:37","guid":{"rendered":"http:\/\/labestiadeportiva.com\/lbd\/?p=16435"},"modified":"2015-07-18T00:18:00","modified_gmt":"2015-07-18T03:18:00","slug":"agenda-deportiva-92","status":"publish","type":"post","link":"http:\/\/labestiadeportiva.com\/lbd\/agenda-deportiva-92\/","title":{"rendered":"Agenda Deportiva"},"content":{"rendered":"<p><a href=\"http:\/\/labestiadeportiva.com\/lbd\/wp-content\/uploads\/2015\/07\/IMGP8256.jpg\"><img loading=\"lazy\" class=\"alignleft size-medium wp-image-16436\" src=\"http:\/\/labestiadeportiva.com\/lbd\/wp-content\/uploads\/2015\/07\/IMGP8256-300x164.jpg\" alt=\"IMGP8256\" width=\"300\" height=\"164\" srcset=\"http:\/\/labestiadeportiva.com\/lbd\/wp-content\/uploads\/2015\/07\/IMGP8256-300x164.jpg 300w, http:\/\/labestiadeportiva.com\/lbd\/wp-content\/uploads\/2015\/07\/IMGP8256.jpg 800w\" sizes=\"(max-width: 300px) 100vw, 300px\" \/><\/a>Segundo fin de semana donde la propuesta podria catalogarse como discreta. Se destacan la 1\u00b0 edici\u00f3n de la \u201cTraves\u00eda Krund\u201d, esqu\u00ed de fondo, cl\u00ednica de patinaje art\u00edstico sobre Hielo, Mix 4 de hockey pista y futsal en las versiones AFA y Federado. Desde LBD todos los detalles.<!--more--><\/p>\n<p><span style=\"color: #0000ff;\">Traves\u00eda Krund<\/span><\/p>\n<p>Este s\u00e1bado a las nueve de la ma\u00f1ana desde la zona cercana a la hoster\u00eda \u201cPetrel\u201d comenzar\u00e1 la marcha en raquetas, esqu\u00edes de traves\u00eda y fondo organizado por la Subcomisi\u00f3n de monta\u00f1a del CAU. Hasta donde pudimos averiguar formar\u00e1n parte algo m\u00e1s de 40 osados. Entre las dos y tres de la tarde el evento llegar\u00e1 a su fin en el Centro Invernal Tierra Mayor.<\/p>\n<p><span style=\"color: #0000ff;\">Esqu\u00ed de Fondo<\/span><\/p>\n<p>Este s\u00e1bado a las 10 de la ma\u00f1ana en la pista \u201cFrancisco Jerman\u201d comenzar\u00e1 el presente Campeonato Fueguino de la especialidad. La actividad principalmente orientada para el segmento formativo se extender\u00e1 hasta alrededor de la una de la tarde.<\/p>\n<p><span style=\"color: #0000ff;\">Hockey Pista<\/span><\/p>\n<p>De la mano del club Colegio del Sur llegar\u00e1 este s\u00e1bado y domingo de 10 a 17.30 horas la competencia mixta que tiene como principal objetivo el divertirse e interactuar aprovechando el receso invernal. El evento se realizar\u00e1 en el gimnasio de la instituci\u00f3n colegial (Ex Centro H\u00edpico Fin del Mundo)<\/p>\n<p><span style=\"color: #0000ff;\">Patinaje Art\u00edstico sobre Hielo<\/span><\/p>\n<p>Este s\u00e1bado y domingo de \u00a010 a 12 en la pista municipal Carlos \u201cTachuela\u201d Oyarzun la instructora Mar\u00eda Eugenia Cerezo dictar\u00e1 una cl\u00ednica de Show para todos los que tengan alg\u00fan conocimiento de la disciplina y deseen divertirse trabajando la expresividad para danzar sobre la pista.<\/p>\n<p><span style=\"color: #0000ff;\">Futsal x 2<\/span><\/p>\n<p>El Futsal AFA realizar\u00e1 la segunda fecha de la segunda rueda con nueve partidos entre s\u00e1bado y domingo. El primer d\u00eda ser\u00e1 en el gimnasio de Campolter de 13 a 16 y 21 hasta pasada la medianoche. La jornada dominguera se trasladar\u00e1 al gimnasio del CECU donde se competir\u00e1 de 13 a 18.30 horas.<\/p>\n<p>La Federaci\u00f3n Ushuaiense pondr\u00e1 en juego solo a sus segmentos superiores, aclarando que los chicos se encuentran en su merecido receso invernal, se competir\u00e1 s\u00e1bado y domingo en el gimnasio de Campolter y la cancha 4 del \u201cHugo Italo Favale\u201d. Asimismo a partir del domingo comenzar\u00e1 en la ciudad de R\u00edo Grande la competencia nacional en la categor\u00eda cadetes.<\/p>\n<div class='epvc-post-count'><span class='epvc-eye'><\/span>  <span class=\"epvc-count\"> 896<\/span><span class='epvc-label'> veces le\u00edda<\/span><\/div>\n<div class=\"jwsharethis\">\nShare this: \n<br \/>\n<a href=\"mailto:?subject=Agenda%20Deportiva&amp;body=http%3A%2F%2Flabestiadeportiva.com%2Flbd%2Fagenda-deportiva-92%2F\">\n<img src=\"http:\/\/labestiadeportiva.com\/lbd\/wp-content\/plugins\/jw-share-this\/email.png\" alt=\"Share this page via Email\" \/>\n<\/a>\n<a target=\"_blank\" href=\"http:\/\/www.stumbleupon.com\/submit?url=http%3A%2F%2Flabestiadeportiva.com%2Flbd%2Fagenda-deportiva-92%2F&amp;title=Agenda+Deportiva\">\n<img src=\"http:\/\/labestiadeportiva.com\/lbd\/wp-content\/plugins\/jw-share-this\/su.png\" alt=\"Share this page via Stumble Upon\" \/>\n<\/a>\n<a target=\"_blank\" href=\"http:\/\/digg.com\/submit?url=http%3A%2F%2Flabestiadeportiva.com%2Flbd%2Fagenda-deportiva-92%2F&amp;title=Agenda+Deportiva\">\n<img src=\"http:\/\/labestiadeportiva.com\/lbd\/wp-content\/plugins\/jw-share-this\/digg.png\" alt=\"Share this page via Digg this\" \/>\n<\/a>\n<a target=\"_blank\" href=\"http:\/\/www.facebook.com\/sharer.php?u=http%3A%2F%2Flabestiadeportiva.com%2Flbd%2Fagenda-deportiva-92%2F&amp;t=Agenda+Deportiva\">\n<img src=\"http:\/\/labestiadeportiva.com\/lbd\/wp-content\/plugins\/jw-share-this\/fb.png\" alt=\"Share this page via Facebook\" \/>\n<\/a>\n<a target=\"_blank\" href=\"http:\/\/twitter.com\/intent\/tweet?text=I+like+http%3A%2F%2Flabestiadeportiva.com%2Flbd%2Fagenda-deportiva-92%2F&amp;title=Agenda+Deportiva\">\n<img src=\"http:\/\/labestiadeportiva.com\/lbd\/wp-content\/plugins\/jw-share-this\/twitter.png\" alt=\"Share this page via Twitter\" \/>\n<\/a>\n<\/div>\n","protected":false},"excerpt":{"rendered":"<p>Segundo fin de semana donde la propuesta podria catalogarse como discreta. Se destacan la 1\u00b0 edici\u00f3n de la \u201cTraves\u00eda Krund\u201d, esqu\u00ed de fondo, cl\u00ednica de patinaje art\u00edstico sobre Hielo, Mix 4 de hockey pista y futsal en las versiones AFA y Federado. Desde LBD todos los detalles. 896 veces le\u00edda Share this:<\/p>\n","protected":false},"author":1,"featured_media":16436,"comment_status":"open","ping_status":"open","sticky":false,"template":"","format":"standard","meta":[],"categories":[5,1],"tags":[62,83],"_links":{"self":[{"href":"http:\/\/labestiadeportiva.com\/lbd\/wp-json\/wp\/v2\/posts\/16435"}],"collection":[{"href":"http:\/\/labestiadeportiva.com\/lbd\/wp-json\/wp\/v2\/posts"}],"about":[{"href":"http:\/\/labestiadeportiva.com\/lbd\/wp-json\/wp\/v2\/types\/post"}],"author":[{"embeddable":true,"href":"http:\/\/labestiadeportiva.com\/lbd\/wp-json\/wp\/v2\/users\/1"}],"replies":[{"embeddable":true,"href":"http:\/\/labestiadeportiva.com\/lbd\/wp-json\/wp\/v2\/comments?post=16435"}],"version-history":[{"count":3,"href":"http:\/\/labestiadeportiva.com\/lbd\/wp-json\/wp\/v2\/posts\/16435\/revisions"}],"predecessor-version":[{"id":16439,"href":"http:\/\/labestiadeportiva.com\/lbd\/wp-json\/wp\/v2\/posts\/16435\/revisions\/16439"}],"wp:featuredmedia":[{"embeddable":true,"href":"http:\/\/labestiadeportiva.com\/lbd\/wp-json\/wp\/v2\/media\/16436"}],"wp:attachment":[{"href":"http:\/\/labestiadeportiva.com\/lbd\/wp-json\/wp\/v2\/media?parent=16435"}],"wp:term":[{"taxonomy":"category","embeddable":true,"href":"http:\/\/labestiadeportiva.com\/lbd\/wp-json\/wp\/v2\/categories?post=16435"},{"taxonomy":"post_tag","embeddable":true,"href":"http:\/\/labestiadeportiva.com\/lbd\/wp-json\/wp\/v2\/tags?post=16435"}],"curies":[{"name":"wp","href":"https:\/\/api.w.org\/{rel}","templated":true}]}}