{"id":16457,"date":"2015-07-21T16:46:30","date_gmt":"2015-07-21T19:46:30","guid":{"rendered":"http:\/\/labestiadeportiva.com\/lbd\/?p=16457"},"modified":"2015-07-21T16:51:05","modified_gmt":"2015-07-21T19:51:05","slug":"el-balance-final-termina-siendo-positivo-audio","status":"publish","type":"post","link":"http:\/\/labestiadeportiva.com\/lbd\/el-balance-final-termina-siendo-positivo-audio\/","title":{"rendered":"\u201cEl balance final termina siendo positivo\u201d (Audio)"},"content":{"rendered":"<p><a href=\"http:\/\/labestiadeportiva.com\/lbd\/wp-content\/uploads\/2015\/07\/1908206_10203614385574143_367107776718790685_n.jpg\"><img loading=\"lazy\" src=\"http:\/\/labestiadeportiva.com\/lbd\/wp-content\/uploads\/2015\/07\/1908206_10203614385574143_367107776718790685_n-223x300.jpg\" alt=\"1908206_10203614385574143_367107776718790685_n\" width=\"223\" height=\"300\" class=\"alignleft size-medium wp-image-16458\" srcset=\"http:\/\/labestiadeportiva.com\/lbd\/wp-content\/uploads\/2015\/07\/1908206_10203614385574143_367107776718790685_n-223x300.jpg 223w, http:\/\/labestiadeportiva.com\/lbd\/wp-content\/uploads\/2015\/07\/1908206_10203614385574143_367107776718790685_n.jpg 257w\" sizes=\"(max-width: 223px) 100vw, 223px\" \/><\/a>Durante el fin de semana se disput\u00f3 la 6\u00b0 fecha del Campeonato Argentino de Rally. La acci\u00f3n automovil\u00edstica se traslad\u00f3 a la provincia de Misiones. Con un claro trabajo de menor a mayor el joven ushuaiense Luciano Preto, a bordo del Peugeot 208, era protagonista hasta que el domingo cuando luchaba por el tercer lugar lleg\u00f3 la deserci\u00f3n final por problemas en la transmisi\u00f3n.<!--more--><\/p>\n<p>Desde LBD nos comunicamos con \u201cLucho\u201d en busca del balance deportivo como as\u00ed tambi\u00e9n lo consultamos por los preparativos para el pr\u00f3ximo compromiso en la provincia de R\u00edo Negro donde se correr\u00e1 una nueva edici\u00f3n de la \u201cVuelta de la Manzana\u201d. Compartimos la entrevista lograda este martes en FM del Sur 94.1  <\/p>\n<p><iframe loading=\"lazy\" width=\"560\" height=\"315\" src=\"https:\/\/www.youtube.com\/embed\/bYmwDo9b3Ns\" frameborder=\"0\" allowfullscreen><\/iframe><\/p>\n<div class='epvc-post-count'><span class='epvc-eye'><\/span>  <span class=\"epvc-count\"> 1.030<\/span><span class='epvc-label'> veces le\u00edda<\/span><\/div>\n<div class=\"jwsharethis\">\nShare this: \n<br \/>\n<a href=\"mailto:?subject=%E2%80%9CEl%20balance%20final%20termina%20siendo%20positivo%E2%80%9D%20%28Audio%29&amp;body=http%3A%2F%2Flabestiadeportiva.com%2Flbd%2Fel-balance-final-termina-siendo-positivo-audio%2F\">\n<img src=\"http:\/\/labestiadeportiva.com\/lbd\/wp-content\/plugins\/jw-share-this\/email.png\" alt=\"Share this page via Email\" \/>\n<\/a>\n<a target=\"_blank\" href=\"http:\/\/www.stumbleupon.com\/submit?url=http%3A%2F%2Flabestiadeportiva.com%2Flbd%2Fel-balance-final-termina-siendo-positivo-audio%2F&amp;title=%E2%80%9CEl+balance+final+termina+siendo+positivo%E2%80%9D+%28Audio%29\">\n<img src=\"http:\/\/labestiadeportiva.com\/lbd\/wp-content\/plugins\/jw-share-this\/su.png\" alt=\"Share this page via Stumble Upon\" \/>\n<\/a>\n<a target=\"_blank\" href=\"http:\/\/digg.com\/submit?url=http%3A%2F%2Flabestiadeportiva.com%2Flbd%2Fel-balance-final-termina-siendo-positivo-audio%2F&amp;title=%E2%80%9CEl+balance+final+termina+siendo+positivo%E2%80%9D+%28Audio%29\">\n<img src=\"http:\/\/labestiadeportiva.com\/lbd\/wp-content\/plugins\/jw-share-this\/digg.png\" alt=\"Share this page via Digg this\" \/>\n<\/a>\n<a target=\"_blank\" href=\"http:\/\/www.facebook.com\/sharer.php?u=http%3A%2F%2Flabestiadeportiva.com%2Flbd%2Fel-balance-final-termina-siendo-positivo-audio%2F&amp;t=%E2%80%9CEl+balance+final+termina+siendo+positivo%E2%80%9D+%28Audio%29\">\n<img src=\"http:\/\/labestiadeportiva.com\/lbd\/wp-content\/plugins\/jw-share-this\/fb.png\" alt=\"Share this page via Facebook\" \/>\n<\/a>\n<a target=\"_blank\" href=\"http:\/\/twitter.com\/intent\/tweet?text=I+like+http%3A%2F%2Flabestiadeportiva.com%2Flbd%2Fel-balance-final-termina-siendo-positivo-audio%2F&amp;title=%E2%80%9CEl+balance+final+termina+siendo+positivo%E2%80%9D+%28Audio%29\">\n<img src=\"http:\/\/labestiadeportiva.com\/lbd\/wp-content\/plugins\/jw-share-this\/twitter.png\" alt=\"Share this page via Twitter\" \/>\n<\/a>\n<\/div>\n","protected":false},"excerpt":{"rendered":"<p>Durante el fin de semana se disput\u00f3 la 6\u00b0 fecha del Campeonato Argentino de Rally. La acci\u00f3n automovil\u00edstica se traslad\u00f3 a la provincia de Misiones. Con un claro trabajo de menor a mayor el joven ushuaiense Luciano Preto, a bordo del Peugeot 208, era protagonista hasta que el domingo cuando luchaba por el tercer lugar &hellip; <a href=\"http:\/\/labestiadeportiva.com\/lbd\/el-balance-final-termina-siendo-positivo-audio\/\" class=\"more-link\">Seguir leyendo <span class=\"screen-reader-text\">\u201cEl balance final termina siendo positivo\u201d (Audio)<\/span> <span class=\"meta-nav\">&rarr;<\/span><\/a><\/p>\n","protected":false},"author":1,"featured_media":16458,"comment_status":"open","ping_status":"open","sticky":false,"template":"","format":"standard","meta":[],"categories":[2135,5,6,60,1],"tags":[458,2258,4838,595,2259,83],"_links":{"self":[{"href":"http:\/\/labestiadeportiva.com\/lbd\/wp-json\/wp\/v2\/posts\/16457"}],"collection":[{"href":"http:\/\/labestiadeportiva.com\/lbd\/wp-json\/wp\/v2\/posts"}],"about":[{"href":"http:\/\/labestiadeportiva.com\/lbd\/wp-json\/wp\/v2\/types\/post"}],"author":[{"embeddable":true,"href":"http:\/\/labestiadeportiva.com\/lbd\/wp-json\/wp\/v2\/users\/1"}],"replies":[{"embeddable":true,"href":"http:\/\/labestiadeportiva.com\/lbd\/wp-json\/wp\/v2\/comments?post=16457"}],"version-history":[{"count":3,"href":"http:\/\/labestiadeportiva.com\/lbd\/wp-json\/wp\/v2\/posts\/16457\/revisions"}],"predecessor-version":[{"id":16461,"href":"http:\/\/labestiadeportiva.com\/lbd\/wp-json\/wp\/v2\/posts\/16457\/revisions\/16461"}],"wp:featuredmedia":[{"embeddable":true,"href":"http:\/\/labestiadeportiva.com\/lbd\/wp-json\/wp\/v2\/media\/16458"}],"wp:attachment":[{"href":"http:\/\/labestiadeportiva.com\/lbd\/wp-json\/wp\/v2\/media?parent=16457"}],"wp:term":[{"taxonomy":"category","embeddable":true,"href":"http:\/\/labestiadeportiva.com\/lbd\/wp-json\/wp\/v2\/categories?post=16457"},{"taxonomy":"post_tag","embeddable":true,"href":"http:\/\/labestiadeportiva.com\/lbd\/wp-json\/wp\/v2\/tags?post=16457"}],"curies":[{"name":"wp","href":"https:\/\/api.w.org\/{rel}","templated":true}]}}