{"id":16516,"date":"2015-07-25T22:37:02","date_gmt":"2015-07-26T01:37:02","guid":{"rendered":"http:\/\/labestiadeportiva.com\/lbd\/?p=16516"},"modified":"2015-07-25T22:37:02","modified_gmt":"2015-07-26T01:37:02","slug":"clasifica-complicada","status":"publish","type":"post","link":"http:\/\/labestiadeportiva.com\/lbd\/clasifica-complicada\/","title":{"rendered":"Clasifica complicada"},"content":{"rendered":"<p><a href=\"http:\/\/labestiadeportiva.com\/lbd\/wp-content\/uploads\/2015\/07\/Yerobi1.jpg\"><img loading=\"lazy\" class=\"alignleft size-medium wp-image-16517\" src=\"http:\/\/labestiadeportiva.com\/lbd\/wp-content\/uploads\/2015\/07\/Yerobi1-300x201.jpg\" alt=\"Yerobi1\" width=\"300\" height=\"201\" srcset=\"http:\/\/labestiadeportiva.com\/lbd\/wp-content\/uploads\/2015\/07\/Yerobi1-300x201.jpg 300w, http:\/\/labestiadeportiva.com\/lbd\/wp-content\/uploads\/2015\/07\/Yerobi1.jpg 448w\" sizes=\"(max-width: 300px) 100vw, 300px\" \/><\/a>Lucas Yerobi y Lucas Gonz\u00e1lez fueron protagonistas pero no pudieron reflejarlo en la tanda de clasificaci\u00f3n de la fecha \u201cMarat\u00f3n\u201d correspondiente a la categor\u00eda Asociaci\u00f3n Standard Mejorado. Fuente y foto prensa Lucas Yerobi.<!--more--><\/p>\n<p>El inicio de actividad sabatina para Lucas Yerobi se desarrollaba ya mostrando al auto que atiende el JRT Chasis y motoriza Nicol\u00e1s Corti\u00f1as, entre los protagonistas, ya que en el entrenamiento de titulares lograba alcanzar la quinta mejor marca con un registro de 1\u00b443\u00b4\u00b4909.<\/p>\n<p>De esta forma, el fueguino lograba una referencia inicial que lo mostraba encerrado en el mismo segundo del m\u00e1s r\u00e1pido y con expectativas vigentes de poder sostener el funcionamiento de su auto de cara a la tanda de ensayos restante y, ante todo, pensando en el momento de las dos clasificaciones.<\/p>\n<p>Con Lucas Gonz\u00e1lez al volante, la segunda salida a pista se llev\u00f3 a cabo y el piloto que de modo paralelo est\u00e1 compitiendo en una nueva fecha del TC Pista Mouras, logr\u00f3 una referencia de 1\u00b443\u00b4\u00b4119, mejorando lo hecho con anterioridad y posicion\u00e1ndose en sexto lugar, mostrando gran regularidad en lo que respecta al funcionamiento del auto y pese a la modificaci\u00f3n entre titular e invitado.<\/p>\n<p>Ya superado el mediod\u00eda fue el momento de llevar a\u00a0 cabo la tanda clasificatoria, la cual marcar\u00eda el primer punto importante de la jornada y donde Yerobi ser\u00eda el encargado de ponerse al volante del Fiat uno N\u00b0 97.<\/p>\n<p>Sobre esta unidad, el fueguino intent\u00f3 cerrar una buena vuelta y si bien la misma no termin\u00f3 de conseguirse, se qued\u00f3 con un tiempo de 1\u00b443\u00b4\u00b4323, quedando posicionado en 13\u00aa lugar y con esa posici\u00f3n de partida para la final de titulares del d\u00eda domingo.<\/p>\n<p>Por su lado, horas m\u00e1s tarde y ya sobre el final de la jornada, Lucas Gonz\u00e1lez tom\u00f3 parte de la tanda clasificatoria de invitados, donde se dispon\u00eda a ir en busca de un buen resultado pero ello no pudo ser posible ya que cerr\u00f3 ninguna vuelta de la manera prevista y esto lo releg\u00f3 visiblemente en el clasificador.<\/p>\n<p>Lamentablemente el invitado concret\u00f3 tiempos de vuelta muy por encima de lo que ven\u00eda alcanzando con anterioridad y qued\u00e1ndose con las manos vac\u00edas respecto a la posici\u00f3n alcanzada, de este modo, deber\u00e1 encarar su final desde el fondo de la grilla de partida.<\/p>\n<p><span style=\"color: #0000ff;\">\u201cHa sido un s\u00e1bado de buenas y malas, durante toda la jornada estuvimos entre los protagonistas pero al momento de clasificar se complic\u00f3 en ambos casos, en mi caso tendr\u00e9 que largar fuera de los diez de adelante y esperemos que Lucas pueda avanzar en su serie para sacar adelante el fin de semana\u201d<\/span> Indic\u00f3 el fueguino refiri\u00e9ndose a lo ocurrido en la jornada sabatina.<\/p>\n<p>La competencia final de titulares, tendr\u00e1 lugar este domingo a partir de las 9.45 mientras que a las 14.30 tendr\u00e1 lugar la de invitados, cerrando un nuevo fin de semana dentro de la Asociaci\u00f3n Standard Mejorado.<\/p>\n<div class='epvc-post-count'><span class='epvc-eye'><\/span>  <span class=\"epvc-count\"> 1.194<\/span><span class='epvc-label'> veces le\u00edda<\/span><\/div>\n<div class=\"jwsharethis\">\nShare this: \n<br \/>\n<a href=\"mailto:?subject=Clasifica%20complicada&amp;body=http%3A%2F%2Flabestiadeportiva.com%2Flbd%2Fclasifica-complicada%2F\">\n<img src=\"http:\/\/labestiadeportiva.com\/lbd\/wp-content\/plugins\/jw-share-this\/email.png\" alt=\"Share this page via Email\" \/>\n<\/a>\n<a target=\"_blank\" href=\"http:\/\/www.stumbleupon.com\/submit?url=http%3A%2F%2Flabestiadeportiva.com%2Flbd%2Fclasifica-complicada%2F&amp;title=Clasifica+complicada\">\n<img src=\"http:\/\/labestiadeportiva.com\/lbd\/wp-content\/plugins\/jw-share-this\/su.png\" alt=\"Share this page via Stumble Upon\" \/>\n<\/a>\n<a target=\"_blank\" href=\"http:\/\/digg.com\/submit?url=http%3A%2F%2Flabestiadeportiva.com%2Flbd%2Fclasifica-complicada%2F&amp;title=Clasifica+complicada\">\n<img src=\"http:\/\/labestiadeportiva.com\/lbd\/wp-content\/plugins\/jw-share-this\/digg.png\" alt=\"Share this page via Digg this\" \/>\n<\/a>\n<a target=\"_blank\" href=\"http:\/\/www.facebook.com\/sharer.php?u=http%3A%2F%2Flabestiadeportiva.com%2Flbd%2Fclasifica-complicada%2F&amp;t=Clasifica+complicada\">\n<img src=\"http:\/\/labestiadeportiva.com\/lbd\/wp-content\/plugins\/jw-share-this\/fb.png\" alt=\"Share this page via Facebook\" \/>\n<\/a>\n<a target=\"_blank\" href=\"http:\/\/twitter.com\/intent\/tweet?text=I+like+http%3A%2F%2Flabestiadeportiva.com%2Flbd%2Fclasifica-complicada%2F&amp;title=Clasifica+complicada\">\n<img src=\"http:\/\/labestiadeportiva.com\/lbd\/wp-content\/plugins\/jw-share-this\/twitter.png\" alt=\"Share this page via Twitter\" \/>\n<\/a>\n<\/div>\n","protected":false},"excerpt":{"rendered":"<p>Lucas Yerobi y Lucas Gonz\u00e1lez fueron protagonistas pero no pudieron reflejarlo en la tanda de clasificaci\u00f3n de la fecha \u201cMarat\u00f3n\u201d correspondiente a la categor\u00eda Asociaci\u00f3n Standard Mejorado. Fuente y foto prensa Lucas Yerobi. 1.194 veces le\u00edda Share this:<\/p>\n","protected":false},"author":1,"featured_media":16517,"comment_status":"open","ping_status":"open","sticky":false,"template":"","format":"standard","meta":[],"categories":[2135,5,6,1],"tags":[2019,86,152],"_links":{"self":[{"href":"http:\/\/labestiadeportiva.com\/lbd\/wp-json\/wp\/v2\/posts\/16516"}],"collection":[{"href":"http:\/\/labestiadeportiva.com\/lbd\/wp-json\/wp\/v2\/posts"}],"about":[{"href":"http:\/\/labestiadeportiva.com\/lbd\/wp-json\/wp\/v2\/types\/post"}],"author":[{"embeddable":true,"href":"http:\/\/labestiadeportiva.com\/lbd\/wp-json\/wp\/v2\/users\/1"}],"replies":[{"embeddable":true,"href":"http:\/\/labestiadeportiva.com\/lbd\/wp-json\/wp\/v2\/comments?post=16516"}],"version-history":[{"count":1,"href":"http:\/\/labestiadeportiva.com\/lbd\/wp-json\/wp\/v2\/posts\/16516\/revisions"}],"predecessor-version":[{"id":16519,"href":"http:\/\/labestiadeportiva.com\/lbd\/wp-json\/wp\/v2\/posts\/16516\/revisions\/16519"}],"wp:featuredmedia":[{"embeddable":true,"href":"http:\/\/labestiadeportiva.com\/lbd\/wp-json\/wp\/v2\/media\/16517"}],"wp:attachment":[{"href":"http:\/\/labestiadeportiva.com\/lbd\/wp-json\/wp\/v2\/media?parent=16516"}],"wp:term":[{"taxonomy":"category","embeddable":true,"href":"http:\/\/labestiadeportiva.com\/lbd\/wp-json\/wp\/v2\/categories?post=16516"},{"taxonomy":"post_tag","embeddable":true,"href":"http:\/\/labestiadeportiva.com\/lbd\/wp-json\/wp\/v2\/tags?post=16516"}],"curies":[{"name":"wp","href":"https:\/\/api.w.org\/{rel}","templated":true}]}}