{"id":16520,"date":"2015-07-26T21:00:02","date_gmt":"2015-07-27T00:00:02","guid":{"rendered":"http:\/\/labestiadeportiva.com\/lbd\/?p=16520"},"modified":"2015-07-26T21:01:31","modified_gmt":"2015-07-27T00:01:31","slug":"podio-para-yerobi-en-la-maraton-del-asm","status":"publish","type":"post","link":"http:\/\/labestiadeportiva.com\/lbd\/podio-para-yerobi-en-la-maraton-del-asm\/","title":{"rendered":"Podio para Yerobi en la \u201cMarat\u00f3n\u201d del ASM"},"content":{"rendered":"<p><a href=\"http:\/\/labestiadeportiva.com\/lbd\/wp-content\/uploads\/2015\/07\/Lucas-yerobi-Domingo.jpg\"><img loading=\"lazy\" class=\"alignleft size-medium wp-image-16521\" src=\"http:\/\/labestiadeportiva.com\/lbd\/wp-content\/uploads\/2015\/07\/Lucas-yerobi-Domingo-300x201.jpg\" alt=\"Lucas yerobi - Domingo\" width=\"300\" height=\"201\" srcset=\"http:\/\/labestiadeportiva.com\/lbd\/wp-content\/uploads\/2015\/07\/Lucas-yerobi-Domingo-300x201.jpg 300w, http:\/\/labestiadeportiva.com\/lbd\/wp-content\/uploads\/2015\/07\/Lucas-yerobi-Domingo.jpg 775w\" sizes=\"(max-width: 300px) 100vw, 300px\" \/><\/a>El piloto ushuaiense, Lucas Yerobi, se qued\u00f3 con la tercera ubicaci\u00f3n producto de dos grandes competencias finales y un importante progreso en pista en el marco de una nueva fecha dentro de la categor\u00eda Asociaci\u00f3n Standard Mejorado la cual entreg\u00f3 puntaje especial. Fuente y foto prensa Lucas Yerobi.<\/p>\n<p>En horas de la ma\u00f1ana y con el suelo que a\u00fan mostraba rastros de humedad acorde al fr\u00edo de las \u00faltimas horas, Lucas Yerobi llev\u00f3 a cabo la competencia final de pilotos titulares, donde part\u00eda desde la 13\u00b0 colocaci\u00f3n en busca de un progreso que le posibilite acercarse a la zona de vanguardia pensando en la sumatoria de puntos que hab\u00eda en juego en dicha carrera y lo que podr\u00eda ocurrir en la final de invitados.<!--more--><\/p>\n<p>El piloto fueguino, fue inteligente al momento de partir, qued\u00e1ndose con la und\u00e9cima colocaci\u00f3n pr\u00e1cticamente desde el comienzo tras no involucrarse en ning\u00fan tipo de incidente. Tras ello, fue progresando r\u00e1pidamente para poder aparecer entre los cinco pilotos m\u00e1s destacados y mostrando su intenci\u00f3n de seguir ganando terreno para afianzarse cada vez m\u00e1s adelante en el clasificador, tal como finalmente pudo conseguirlo.<\/p>\n<p>Lucas se hac\u00eda del cuarto lugar a poco del final y manten\u00eda una intensa disputa con Nicol\u00e1s Blanco, a quien lleg\u00f3 a superar sin mantener la colocaci\u00f3n y cruzando finalmente la bandera a cuadros en cuarta colocaci\u00f3n.<\/p>\n<p>Pese a ello, tras la competencia final quien culmin\u00f3 en tercer lugar fue excluido, lo cual le permiti\u00f3 a Lucas finalmente completar su trabajo en tercera posici\u00f3n, con un tiempo que depositaba la responsabilidad en lo que pueda ocurrir en la segunda final, donde el propio Lucas tomar\u00eda el mando del Fiat Uno pero en este caso con el duro trabajo por delante de tener que ganar posiciones desde la 38\u00ba colocaci\u00f3n desde la cual deber\u00eda partir entre los pilotos invitados.<\/p>\n<p>Cuatro horas pasaron desde que culmin\u00f3 la primera carrera y Lucas ya estaba en condiciones de poner en marcha el motor de su auto por segunda vez en lo que iba del d\u00eda domingo, tratando de repetir parte de lo alcanzado en la competencia de la ma\u00f1ana y ubicando su objetivo en la meta de sumar la mayor cantidad de puntos posibles para ir acrecentando su ubicaci\u00f3n en el campeonato actual, sacando provecho de la cantidad de puntos que se hab\u00edan puesto en disputa.<\/p>\n<p>La partida del piloto fueguino ya marc\u00f3 el antecedente de lo que vendr\u00eda, ya que nuevamente pudo ganar lugares r\u00e1pidamente para aparecer en 23\u00ba lugar en s\u00f3lo una vuelta, cuando detuvo su avance producto de la salida del \u00fanico Auto de Seguridad que se har\u00eda presente durante la competencia.<\/p>\n<p>Llevada a cabo la reanudaci\u00f3n, Lucas quiso darle continuidad al progreso que ven\u00eda demostrando y consigui\u00f3 seguir adelante con su progreso, afianz\u00e1ndose entre los veinte de adelante y completando la carrera final en 13\u00ba posici\u00f3n, trabajo que le permiti\u00f3 el gratificante premio de completar el fin de semana, tras la sumatoria de tiempos, en tercer escal\u00f3n del podio, logrando concretar finalmente el podio que se ven\u00eda negando y completando un resultado por dem\u00e1s alentador pensando en lo que ser\u00e1 la \u00faltima parte de la temporada dentro de ASM, donde se ha ubicado en una posici\u00f3n expectante en funci\u00f3n del campeonato.<\/p>\n<p><span style=\"color: #0000ff;\">\u201cEstoy muy contento, el auto mejor\u00f3 mucho el domingo en lo que respecta al motor y eso es producto del trabajo que han realizado tanto los chicos del JRT Chasis como as\u00ed tambi\u00e9n de Nicol\u00e1s Corti\u00f1as en lo que respecta al motor. Esperemos que sea el primer paso para poder comenzar a encadenar buenos resultados e ir ganando terreno en el campeonato\u201d<\/span> manifest\u00f3 Lucas una vez concluida la \u201cMaraton 2015\u201d la cual lo tuvo como gran protagonista.<\/p>\n<p>La pr\u00f3xima fecha del a\u00f1o dentro de ASM tendr\u00e1 lugar entre los d\u00edas 29 y 30 de agosto en el aut\u00f3dromo Roberto Mouras de La Plata, teniendo en cuenta que una semana antes saldr\u00e1 a pista nuevamente dentro de la Clase Tres del Turismo Pista, en este caso visitando el aut\u00f3dromo de la ciudad de Rafaela.<\/p>\n<p>Lucas Yerobi agradece el apoyo brindado a \u201cGr\u00faas Delta, Agua Jony, Hertz, Orange Car Wash, Seinco Servicios y Log\u00edstica, VM Repuestos, Municipalidad de Ushuaia, El Diario Del Fin Del Mundo, Pizza Bely, La 97 Radio Fueguina, Escale Andina, Argentina Publicidad, John Foos, La Cien.1, Azzurra, El Gran Corsini, Almar Construcciones y Club Del Pastor Blanco Suizo\u201d<\/p>\n<div class='epvc-post-count'><span class='epvc-eye'><\/span>  <span class=\"epvc-count\"> 1.097<\/span><span class='epvc-label'> veces le\u00edda<\/span><\/div>\n<div class=\"jwsharethis\">\nShare this: \n<br \/>\n<a href=\"mailto:?subject=Podio%20para%20Yerobi%20en%20la%20%E2%80%9CMarat%C3%B3n%E2%80%9D%20del%20ASM&amp;body=http%3A%2F%2Flabestiadeportiva.com%2Flbd%2Fpodio-para-yerobi-en-la-maraton-del-asm%2F\">\n<img src=\"http:\/\/labestiadeportiva.com\/lbd\/wp-content\/plugins\/jw-share-this\/email.png\" alt=\"Share this page via Email\" \/>\n<\/a>\n<a target=\"_blank\" href=\"http:\/\/www.stumbleupon.com\/submit?url=http%3A%2F%2Flabestiadeportiva.com%2Flbd%2Fpodio-para-yerobi-en-la-maraton-del-asm%2F&amp;title=Podio+para+Yerobi+en+la+%E2%80%9CMarat%C3%B3n%E2%80%9D+del+ASM\">\n<img src=\"http:\/\/labestiadeportiva.com\/lbd\/wp-content\/plugins\/jw-share-this\/su.png\" alt=\"Share this page via Stumble Upon\" \/>\n<\/a>\n<a target=\"_blank\" href=\"http:\/\/digg.com\/submit?url=http%3A%2F%2Flabestiadeportiva.com%2Flbd%2Fpodio-para-yerobi-en-la-maraton-del-asm%2F&amp;title=Podio+para+Yerobi+en+la+%E2%80%9CMarat%C3%B3n%E2%80%9D+del+ASM\">\n<img src=\"http:\/\/labestiadeportiva.com\/lbd\/wp-content\/plugins\/jw-share-this\/digg.png\" alt=\"Share this page via Digg this\" \/>\n<\/a>\n<a target=\"_blank\" href=\"http:\/\/www.facebook.com\/sharer.php?u=http%3A%2F%2Flabestiadeportiva.com%2Flbd%2Fpodio-para-yerobi-en-la-maraton-del-asm%2F&amp;t=Podio+para+Yerobi+en+la+%E2%80%9CMarat%C3%B3n%E2%80%9D+del+ASM\">\n<img src=\"http:\/\/labestiadeportiva.com\/lbd\/wp-content\/plugins\/jw-share-this\/fb.png\" alt=\"Share this page via Facebook\" \/>\n<\/a>\n<a target=\"_blank\" href=\"http:\/\/twitter.com\/intent\/tweet?text=I+like+http%3A%2F%2Flabestiadeportiva.com%2Flbd%2Fpodio-para-yerobi-en-la-maraton-del-asm%2F&amp;title=Podio+para+Yerobi+en+la+%E2%80%9CMarat%C3%B3n%E2%80%9D+del+ASM\">\n<img src=\"http:\/\/labestiadeportiva.com\/lbd\/wp-content\/plugins\/jw-share-this\/twitter.png\" alt=\"Share this page via Twitter\" \/>\n<\/a>\n<\/div>\n","protected":false},"excerpt":{"rendered":"<p>El piloto ushuaiense, Lucas Yerobi, se qued\u00f3 con la tercera ubicaci\u00f3n producto de dos grandes competencias finales y un importante progreso en pista en el marco de una nueva fecha dentro de la categor\u00eda Asociaci\u00f3n Standard Mejorado la cual entreg\u00f3 puntaje especial. Fuente y foto prensa Lucas Yerobi. En horas de la ma\u00f1ana y con &hellip; <a href=\"http:\/\/labestiadeportiva.com\/lbd\/podio-para-yerobi-en-la-maraton-del-asm\/\" class=\"more-link\">Seguir leyendo <span class=\"screen-reader-text\">Podio para Yerobi en la \u201cMarat\u00f3n\u201d del ASM<\/span> <span class=\"meta-nav\">&rarr;<\/span><\/a><\/p>\n","protected":false},"author":1,"featured_media":16521,"comment_status":"open","ping_status":"open","sticky":false,"template":"","format":"standard","meta":[],"categories":[2135,5,6,1],"tags":[],"_links":{"self":[{"href":"http:\/\/labestiadeportiva.com\/lbd\/wp-json\/wp\/v2\/posts\/16520"}],"collection":[{"href":"http:\/\/labestiadeportiva.com\/lbd\/wp-json\/wp\/v2\/posts"}],"about":[{"href":"http:\/\/labestiadeportiva.com\/lbd\/wp-json\/wp\/v2\/types\/post"}],"author":[{"embeddable":true,"href":"http:\/\/labestiadeportiva.com\/lbd\/wp-json\/wp\/v2\/users\/1"}],"replies":[{"embeddable":true,"href":"http:\/\/labestiadeportiva.com\/lbd\/wp-json\/wp\/v2\/comments?post=16520"}],"version-history":[{"count":2,"href":"http:\/\/labestiadeportiva.com\/lbd\/wp-json\/wp\/v2\/posts\/16520\/revisions"}],"predecessor-version":[{"id":16523,"href":"http:\/\/labestiadeportiva.com\/lbd\/wp-json\/wp\/v2\/posts\/16520\/revisions\/16523"}],"wp:featuredmedia":[{"embeddable":true,"href":"http:\/\/labestiadeportiva.com\/lbd\/wp-json\/wp\/v2\/media\/16521"}],"wp:attachment":[{"href":"http:\/\/labestiadeportiva.com\/lbd\/wp-json\/wp\/v2\/media?parent=16520"}],"wp:term":[{"taxonomy":"category","embeddable":true,"href":"http:\/\/labestiadeportiva.com\/lbd\/wp-json\/wp\/v2\/categories?post=16520"},{"taxonomy":"post_tag","embeddable":true,"href":"http:\/\/labestiadeportiva.com\/lbd\/wp-json\/wp\/v2\/tags?post=16520"}],"curies":[{"name":"wp","href":"https:\/\/api.w.org\/{rel}","templated":true}]}}