{"id":16575,"date":"2015-07-29T12:31:28","date_gmt":"2015-07-29T15:31:28","guid":{"rendered":"http:\/\/labestiadeportiva.com\/lbd\/?p=16575"},"modified":"2015-07-29T12:32:45","modified_gmt":"2015-07-29T15:32:45","slug":"tropiezo-magallanico","status":"publish","type":"post","link":"http:\/\/labestiadeportiva.com\/lbd\/tropiezo-magallanico\/","title":{"rendered":"Tropiezo magall\u00e1nico"},"content":{"rendered":"<p>Por <a href=\"http:\/\/www.mzldeportes.com\">Mauricio Zentner Lavori<\/a> (Futsal Federado para LBD)<\/p>\n<p><a href=\"http:\/\/labestiadeportiva.com\/lbd\/wp-content\/uploads\/2015\/07\/Guala.jpg\"><img loading=\"lazy\" class=\" size-medium wp-image-16576 alignleft\" src=\"http:\/\/labestiadeportiva.com\/lbd\/wp-content\/uploads\/2015\/07\/Guala-300x191.jpg\" alt=\"Guala\" width=\"300\" height=\"191\" srcset=\"http:\/\/labestiadeportiva.com\/lbd\/wp-content\/uploads\/2015\/07\/Guala-300x191.jpg 300w, http:\/\/labestiadeportiva.com\/lbd\/wp-content\/uploads\/2015\/07\/Guala.jpg 1024w\" sizes=\"(max-width: 300px) 100vw, 300px\" \/><\/a><\/p>\n<p>Fin de semana at\u00edpico para la FEUFUTSAL con actividad por duplicado en la Primera \u00abA\u00bb de los Mayores donde HAF \u00abB\u00bb sac\u00f3 el mayor r\u00e9dito al triunfar en sus dos compromisos, dejando a Magallanes Azul sin invicto y meti\u00e9ndose en la pelea por la tercera ubicaci\u00f3n de la tabla. Las fotos son gentileza de MZL Deportes.com.<br \/>\n<!--moreLeer nota completa --><\/p>\n<p>La Federaci\u00f3n Ushuaiense de F\u00fatbol de Sal\u00f3n no ten\u00eda en sus planes detener el desarrollo de la Primera \u00abA\u00bb de Mayores y por eso disput\u00f3 los reprogramados de la jornada 13 el s\u00e1bado a la espera de la Fecha 14 que se llev\u00f3 a cabo el domingo.<\/p>\n<p>Y vaya si no se trajo una sorpresa bajo la manga esta doble actividad porque HAF \u00abB\u00bb, dirigido por el flamante t\u00e9cnico de los Cadetes: \u00abBeto\u00bb Hern\u00e1ndez, le quit\u00f3 el invicto al l\u00edder Magallanes Azul luego de derrotarlo por 3-1 en el partido estelar.<\/p>\n<p>Si bien los comandados por Alejandro Vel\u00e1zquez sufrieron el traj\u00edn de los viajes hacia el norte de la isla para disputar dos amistosos ante el seleccionado de Rio Grande (10-3 y 7-6), nunca pudieron encontrar espacios en la defensa rival y, las pocas veces que lo hicieron, se encontraron con la humanidad del arquero tapando todo lo que se interpon\u00eda en su camino.<\/p>\n<p>Con este resultado y sumado al triunfo dominical del Magallanes Blanco (con los regresos de Natanael Silva y Federico Martirena) sobre Ateneo Verde, que hab\u00eda sumado los dos puntos el s\u00e1bado ante 17 de Octubre, la tercera colocaci\u00f3n sigue siendo una inc\u00f3gnita abierta puesto que son cuatro los equipos que igualan en su cosecha con 16 unidades.<\/p>\n<p>Sin lugar a dudas una muestra clara de la paridad y el equilibrio en el rendimiento de los equipos en la b\u00fasqueda de la mejor ubicaci\u00f3n para los cruces de Playoffs que prometen ser infartantes.<\/p>\n<p>Cada vez falta menos para el cierre de la ronda clasificatoria y hay mucha tela por cortar todav\u00eda&#8230;<\/p>\n<p><a href=\"http:\/\/labestiadeportiva.com\/lbd\/wp-content\/uploads\/2015\/07\/Yanadel.jpg\"><img loading=\"lazy\" class=\"aligncenter size-medium wp-image-16578\" src=\"http:\/\/labestiadeportiva.com\/lbd\/wp-content\/uploads\/2015\/07\/Yanadel-300x192.jpg\" alt=\"Yanadel\" width=\"300\" height=\"192\" srcset=\"http:\/\/labestiadeportiva.com\/lbd\/wp-content\/uploads\/2015\/07\/Yanadel-300x192.jpg 300w, http:\/\/labestiadeportiva.com\/lbd\/wp-content\/uploads\/2015\/07\/Yanadel-1024x655.jpg 1024w, http:\/\/labestiadeportiva.com\/lbd\/wp-content\/uploads\/2015\/07\/Yanadel.jpg 1600w\" sizes=\"(max-width: 300px) 100vw, 300px\" \/><\/a><\/p>\n<p><span style=\"color: #3366ff;\"><strong>FECHA 13<\/strong><\/span><br \/>\nS\u00e1bado 25 en Campolter<br \/>\nAteneo Verde 12-3 17 de Octubre<br \/>\nHAF \u00abB\u00bb 10-3 Magallanes Blanco<br \/>\nEl Porvenir \u00abA\u00bb 2-1 Argentinos del Sur<br \/>\nEl Porvenir \u00abB\u00bb 6-2 Comercio (*)<br \/>\n(*) Resta completar la mitad del complemento con fecha a definir.<\/p>\n<p><span style=\"color: #3366ff;\"><strong>FECHA 14<\/strong><\/span><br \/>\nDomingo 26 en Campolter<br \/>\nArgentinos del Sur 7-5 17 de Octubre<br \/>\nAteneo Verde 2-5 Magallanes Blanco<br \/>\nMagallanes Azul 1-3 HAF \u00abB\u00bb<br \/>\nEl Porvenir \u00abA\u00bb 4-4 Comercio<br \/>\nEl Porvenir \u00abB\u00bb 0-1 \u00d3ptica Social \u00abA\u00bb<\/p>\n<p><span style=\"color: #339966;\"><strong>POSICIONES<\/strong><\/span><br \/>\n1 Magallanes Azul 23<br \/>\n2 \u00d3ptica Social \u00abA\u00bb 18<br \/>\nT-3 Ateneo Verde 16<br \/>\nT-3 Argentinos del Sur 16<br \/>\nT-3 Magallanes Blanco 16<br \/>\nT-3 HAF \u00abB\u00bb 16<br \/>\n7 El Porvenir \u00abB\u00bb 13 (*)<br \/>\n8 Comercio 12 (*)<br \/>\n9 El Porvenir \u00abA\u00bb 7<br \/>\n10 17 de Octubre 1<br \/>\n(*) Deben completar la Fecha 13<\/p>\n<p>&nbsp;<\/p>\n<p><em><strong><span style=\"color: #ff0000;\">USHUAIA CAMPE\u00d3N<\/span><\/strong><\/em><\/p>\n<p>El seleccionado ushuaiense de Cadetes dirigido t\u00e9cnicamente por Alberto Hern\u00e1ndez y asistido por Fabi\u00e1n S\u00e1nchez, le clav\u00f3 una pu\u00f1alada letal a R\u00edo Grande ante su gente en las semifinales y aprovech\u00f3 el envi\u00f3n an\u00edmico para sorprender en la definici\u00f3n al candidato Comodoro Rivadavia en base a un gran planteo t\u00e1ctico.<\/p>\n<p>De la mano de una generaci\u00f3n dorada, que ven\u00eda de obtener el segundo puesto en los Juegos Patag\u00f3nicos EPADE de Futbol 11 con Ralinqueo al mando, Ushuaia se consagr\u00f3 CAMPE\u00d3N ARGENTINO en un certamen que no tuvo la convocatoria nacional que se esperaba pero que, indudablemente, pretende ser el inicio de un camino que se extienda con el paso de los a\u00f1os.<\/p>\n<p><a href=\"http:\/\/labestiadeportiva.com\/lbd\/wp-content\/uploads\/2015\/07\/MZL2.jpg\"><img loading=\"lazy\" class=\"  wp-image-16577 aligncenter\" src=\"http:\/\/labestiadeportiva.com\/lbd\/wp-content\/uploads\/2015\/07\/MZL2-300x195.jpg\" alt=\"MZL\" width=\"426\" height=\"277\" srcset=\"http:\/\/labestiadeportiva.com\/lbd\/wp-content\/uploads\/2015\/07\/MZL2-300x195.jpg 300w, http:\/\/labestiadeportiva.com\/lbd\/wp-content\/uploads\/2015\/07\/MZL2.jpg 800w\" sizes=\"(max-width: 426px) 100vw, 426px\" \/><\/a><\/p>\n<p style=\"text-align: center;\">CAMPE\u00d3N ARGENTINO CADETES 2015. Ph: Futsal Ush<\/p>\n<p>&nbsp;<\/p>\n<p>&nbsp;<\/p>\n<div class='epvc-post-count'><span class='epvc-eye'><\/span>  <span class=\"epvc-count\"> 981<\/span><span class='epvc-label'> veces le\u00edda<\/span><\/div>\n<div class=\"jwsharethis\">\nShare this: \n<br \/>\n<a href=\"mailto:?subject=Tropiezo%20magall%C3%A1nico&amp;body=http%3A%2F%2Flabestiadeportiva.com%2Flbd%2Ftropiezo-magallanico%2F\">\n<img src=\"http:\/\/labestiadeportiva.com\/lbd\/wp-content\/plugins\/jw-share-this\/email.png\" alt=\"Share this page via Email\" \/>\n<\/a>\n<a target=\"_blank\" href=\"http:\/\/www.stumbleupon.com\/submit?url=http%3A%2F%2Flabestiadeportiva.com%2Flbd%2Ftropiezo-magallanico%2F&amp;title=Tropiezo+magall%C3%A1nico\">\n<img src=\"http:\/\/labestiadeportiva.com\/lbd\/wp-content\/plugins\/jw-share-this\/su.png\" alt=\"Share this page via Stumble Upon\" \/>\n<\/a>\n<a target=\"_blank\" href=\"http:\/\/digg.com\/submit?url=http%3A%2F%2Flabestiadeportiva.com%2Flbd%2Ftropiezo-magallanico%2F&amp;title=Tropiezo+magall%C3%A1nico\">\n<img src=\"http:\/\/labestiadeportiva.com\/lbd\/wp-content\/plugins\/jw-share-this\/digg.png\" alt=\"Share this page via Digg this\" \/>\n<\/a>\n<a target=\"_blank\" href=\"http:\/\/www.facebook.com\/sharer.php?u=http%3A%2F%2Flabestiadeportiva.com%2Flbd%2Ftropiezo-magallanico%2F&amp;t=Tropiezo+magall%C3%A1nico\">\n<img src=\"http:\/\/labestiadeportiva.com\/lbd\/wp-content\/plugins\/jw-share-this\/fb.png\" alt=\"Share this page via Facebook\" \/>\n<\/a>\n<a target=\"_blank\" href=\"http:\/\/twitter.com\/intent\/tweet?text=I+like+http%3A%2F%2Flabestiadeportiva.com%2Flbd%2Ftropiezo-magallanico%2F&amp;title=Tropiezo+magall%C3%A1nico\">\n<img src=\"http:\/\/labestiadeportiva.com\/lbd\/wp-content\/plugins\/jw-share-this\/twitter.png\" alt=\"Share this page via Twitter\" \/>\n<\/a>\n<\/div>\n","protected":false},"excerpt":{"rendered":"<p>Por Mauricio Zentner Lavori (Futsal Federado para LBD) Fin de semana at\u00edpico para la FEUFUTSAL con actividad por duplicado en la Primera \u00abA\u00bb de los Mayores donde HAF \u00abB\u00bb sac\u00f3 el mayor r\u00e9dito al triunfar en sus dos compromisos, dejando a Magallanes Azul sin invicto y meti\u00e9ndose en la pelea por la tercera ubicaci\u00f3n de &hellip; <a href=\"http:\/\/labestiadeportiva.com\/lbd\/tropiezo-magallanico\/\" class=\"more-link\">Seguir leyendo <span class=\"screen-reader-text\">Tropiezo magall\u00e1nico<\/span> <span class=\"meta-nav\">&rarr;<\/span><\/a><\/p>\n","protected":false},"author":1,"featured_media":16576,"comment_status":"open","ping_status":"open","sticky":false,"template":"","format":"standard","meta":[],"categories":[5,6,31,1],"tags":[],"_links":{"self":[{"href":"http:\/\/labestiadeportiva.com\/lbd\/wp-json\/wp\/v2\/posts\/16575"}],"collection":[{"href":"http:\/\/labestiadeportiva.com\/lbd\/wp-json\/wp\/v2\/posts"}],"about":[{"href":"http:\/\/labestiadeportiva.com\/lbd\/wp-json\/wp\/v2\/types\/post"}],"author":[{"embeddable":true,"href":"http:\/\/labestiadeportiva.com\/lbd\/wp-json\/wp\/v2\/users\/1"}],"replies":[{"embeddable":true,"href":"http:\/\/labestiadeportiva.com\/lbd\/wp-json\/wp\/v2\/comments?post=16575"}],"version-history":[{"count":2,"href":"http:\/\/labestiadeportiva.com\/lbd\/wp-json\/wp\/v2\/posts\/16575\/revisions"}],"predecessor-version":[{"id":16580,"href":"http:\/\/labestiadeportiva.com\/lbd\/wp-json\/wp\/v2\/posts\/16575\/revisions\/16580"}],"wp:featuredmedia":[{"embeddable":true,"href":"http:\/\/labestiadeportiva.com\/lbd\/wp-json\/wp\/v2\/media\/16576"}],"wp:attachment":[{"href":"http:\/\/labestiadeportiva.com\/lbd\/wp-json\/wp\/v2\/media?parent=16575"}],"wp:term":[{"taxonomy":"category","embeddable":true,"href":"http:\/\/labestiadeportiva.com\/lbd\/wp-json\/wp\/v2\/categories?post=16575"},{"taxonomy":"post_tag","embeddable":true,"href":"http:\/\/labestiadeportiva.com\/lbd\/wp-json\/wp\/v2\/tags?post=16575"}],"curies":[{"name":"wp","href":"https:\/\/api.w.org\/{rel}","templated":true}]}}