{"id":16581,"date":"2015-07-29T12:38:28","date_gmt":"2015-07-29T15:38:28","guid":{"rendered":"http:\/\/labestiadeportiva.com\/lbd\/?p=16581"},"modified":"2015-07-29T12:44:08","modified_gmt":"2015-07-29T15:44:08","slug":"llega-la-back-to-future-wallner","status":"publish","type":"post","link":"http:\/\/labestiadeportiva.com\/lbd\/llega-la-back-to-future-wallner\/","title":{"rendered":"Llega la Back to Future Wallner"},"content":{"rendered":"<p><a href=\"http:\/\/labestiadeportiva.com\/lbd\/wp-content\/uploads\/2015\/07\/AL68364.jpg\"><img loading=\"lazy\" class=\" size-medium wp-image-16583 alignleft\" src=\"http:\/\/labestiadeportiva.com\/lbd\/wp-content\/uploads\/2015\/07\/AL68364-300x200.jpg\" alt=\"_AL68364\" width=\"300\" height=\"200\" srcset=\"http:\/\/labestiadeportiva.com\/lbd\/wp-content\/uploads\/2015\/07\/AL68364-300x200.jpg 300w, http:\/\/labestiadeportiva.com\/lbd\/wp-content\/uploads\/2015\/07\/AL68364-1024x683.jpg 1024w\" sizes=\"(max-width: 300px) 100vw, 300px\" \/><\/a>El pr\u00f3ximo viernes 31 de julio la hist\u00f3rica pista Wallner volver\u00e1 a sentir la adrenalina con un nuevo evento impulsado por la Sub Comisi\u00f3n de Snowboard, buscando retomar la actividad en este emblem\u00e1tico lugar en el marco de la primera cita del Abierto Fueguino. Fuente y foto: Prensa CAU. <!--moreLeer nota completa --><\/p>\n<p>Desde el Club Andino Ushuaia se contin\u00faa con la promoci\u00f3n de las distintas disciplinas que desarrolla la instituci\u00f3n y en esta oportunidad hacemos referencia al Snowboard, que en menos de una semana innovar\u00e1 con una Competencia Abierta Nocturna de Slopestyle para la disciplina en la pista Wallner.<\/p>\n<p>Bajo el nombre oficial \u201cBACK TO FUTURE WALLNER PROJET 2015\u201d,\u00a0 esta primera edici\u00f3n dentro de lo que ser\u00e1 el Abierto Fueguino, surgi\u00f3 desde el seno del grupo de competici\u00f3n de la escuela del CAU, atentos a la primera nevada grande del mes de mayo.<\/p>\n<p><em><span style=\"color: #3366ff;\">\u201cLos chicos vinieron a armar sus saltos y a divertirse, pero vieron la posibilidad de armar algo para ellos y todos los chicos de la ciudad que quieran participar en la competencia de saltos, revalorizando este lugar hist\u00f3rico donde muchos de sus padres dieron sus primeros pasos tanto hace muchos a\u00f1os atr\u00e1s\u201d<\/span><\/em>, informaron desde la Sub Comisi\u00f3n en relaci\u00f3n al origen de esta innovadora iniciativa.<\/p>\n<p>A lo que a\u00f1adieron: <em><span style=\"color: #3366ff;\">\u201cEsa fue la excusa ideal para armar la competencia, una verdadera jornada de diversi\u00f3n, deporte y camarader\u00eda ante un marco imponente y con la particularidad de ser nocturna, estableciendo un evento \u00fanico para esta temporada\u201d<\/span><\/em>.<\/p>\n<p>Las inscripciones estar\u00e1n abiertas hasta ma\u00f1ana jueves 30\/07 y las mismas se pueden concretar directamente en la sede del club, situada en la calle Leandro N. Alem 2873,\u00a0 o v\u00eda internet entrando a la p\u00e1gina del CAU (http:\/\/www.clubandinoushuaia. com.ar), donde encontrar\u00e1n toda la informaci\u00f3n necesaria.<\/p>\n<p>Asimismo, cabe destacar que habr\u00e1 un buffet a cargo de la Comisi\u00f3n de Padres de Cadetes, m\u00fasica con DJ en vivo e importantes premios de los principales comercios de la ciudad que apoyan esta iniciativa.<\/p>\n<p>Las categor\u00edas participantes para Mujeres y Varones estar\u00e1n divididas de 8-12 a\u00f1os; entre 13-16 y Mayores.<\/p>\n<p><a href=\"http:\/\/labestiadeportiva.com\/lbd\/wp-content\/uploads\/2015\/07\/MZL-21.jpg\"><img loading=\"lazy\" class=\"aligncenter  wp-image-16582\" src=\"http:\/\/labestiadeportiva.com\/lbd\/wp-content\/uploads\/2015\/07\/MZL-21-212x300.jpg\" alt=\"MZL 2\" width=\"325\" height=\"460\" srcset=\"http:\/\/labestiadeportiva.com\/lbd\/wp-content\/uploads\/2015\/07\/MZL-21-212x300.jpg 212w, http:\/\/labestiadeportiva.com\/lbd\/wp-content\/uploads\/2015\/07\/MZL-21.jpg 650w\" sizes=\"(max-width: 325px) 100vw, 325px\" \/><\/a><\/p>\n<div class='epvc-post-count'><span class='epvc-eye'><\/span>  <span class=\"epvc-count\"> 888<\/span><span class='epvc-label'> veces le\u00edda<\/span><\/div>\n<div class=\"jwsharethis\">\nShare this: \n<br \/>\n<a href=\"mailto:?subject=Llega%20la%20Back%20to%20Future%20Wallner&amp;body=http%3A%2F%2Flabestiadeportiva.com%2Flbd%2Fllega-la-back-to-future-wallner%2F\">\n<img src=\"http:\/\/labestiadeportiva.com\/lbd\/wp-content\/plugins\/jw-share-this\/email.png\" alt=\"Share this page via Email\" \/>\n<\/a>\n<a target=\"_blank\" href=\"http:\/\/www.stumbleupon.com\/submit?url=http%3A%2F%2Flabestiadeportiva.com%2Flbd%2Fllega-la-back-to-future-wallner%2F&amp;title=Llega+la+Back+to+Future+Wallner\">\n<img src=\"http:\/\/labestiadeportiva.com\/lbd\/wp-content\/plugins\/jw-share-this\/su.png\" alt=\"Share this page via Stumble Upon\" \/>\n<\/a>\n<a target=\"_blank\" href=\"http:\/\/digg.com\/submit?url=http%3A%2F%2Flabestiadeportiva.com%2Flbd%2Fllega-la-back-to-future-wallner%2F&amp;title=Llega+la+Back+to+Future+Wallner\">\n<img src=\"http:\/\/labestiadeportiva.com\/lbd\/wp-content\/plugins\/jw-share-this\/digg.png\" alt=\"Share this page via Digg this\" \/>\n<\/a>\n<a target=\"_blank\" href=\"http:\/\/www.facebook.com\/sharer.php?u=http%3A%2F%2Flabestiadeportiva.com%2Flbd%2Fllega-la-back-to-future-wallner%2F&amp;t=Llega+la+Back+to+Future+Wallner\">\n<img src=\"http:\/\/labestiadeportiva.com\/lbd\/wp-content\/plugins\/jw-share-this\/fb.png\" alt=\"Share this page via Facebook\" \/>\n<\/a>\n<a target=\"_blank\" href=\"http:\/\/twitter.com\/intent\/tweet?text=I+like+http%3A%2F%2Flabestiadeportiva.com%2Flbd%2Fllega-la-back-to-future-wallner%2F&amp;title=Llega+la+Back+to+Future+Wallner\">\n<img src=\"http:\/\/labestiadeportiva.com\/lbd\/wp-content\/plugins\/jw-share-this\/twitter.png\" alt=\"Share this page via Twitter\" \/>\n<\/a>\n<\/div>\n","protected":false},"excerpt":{"rendered":"<p>El pr\u00f3ximo viernes 31 de julio la hist\u00f3rica pista Wallner volver\u00e1 a sentir la adrenalina con un nuevo evento impulsado por la Sub Comisi\u00f3n de Snowboard, buscando retomar la actividad en este emblem\u00e1tico lugar en el marco de la primera cita del Abierto Fueguino. Fuente y foto: Prensa CAU. 888 veces le\u00edda Share this:<\/p>\n","protected":false},"author":1,"featured_media":16583,"comment_status":"open","ping_status":"open","sticky":false,"template":"","format":"standard","meta":[],"categories":[5,41,1],"tags":[],"_links":{"self":[{"href":"http:\/\/labestiadeportiva.com\/lbd\/wp-json\/wp\/v2\/posts\/16581"}],"collection":[{"href":"http:\/\/labestiadeportiva.com\/lbd\/wp-json\/wp\/v2\/posts"}],"about":[{"href":"http:\/\/labestiadeportiva.com\/lbd\/wp-json\/wp\/v2\/types\/post"}],"author":[{"embeddable":true,"href":"http:\/\/labestiadeportiva.com\/lbd\/wp-json\/wp\/v2\/users\/1"}],"replies":[{"embeddable":true,"href":"http:\/\/labestiadeportiva.com\/lbd\/wp-json\/wp\/v2\/comments?post=16581"}],"version-history":[{"count":2,"href":"http:\/\/labestiadeportiva.com\/lbd\/wp-json\/wp\/v2\/posts\/16581\/revisions"}],"predecessor-version":[{"id":16585,"href":"http:\/\/labestiadeportiva.com\/lbd\/wp-json\/wp\/v2\/posts\/16581\/revisions\/16585"}],"wp:featuredmedia":[{"embeddable":true,"href":"http:\/\/labestiadeportiva.com\/lbd\/wp-json\/wp\/v2\/media\/16583"}],"wp:attachment":[{"href":"http:\/\/labestiadeportiva.com\/lbd\/wp-json\/wp\/v2\/media?parent=16581"}],"wp:term":[{"taxonomy":"category","embeddable":true,"href":"http:\/\/labestiadeportiva.com\/lbd\/wp-json\/wp\/v2\/categories?post=16581"},{"taxonomy":"post_tag","embeddable":true,"href":"http:\/\/labestiadeportiva.com\/lbd\/wp-json\/wp\/v2\/tags?post=16581"}],"curies":[{"name":"wp","href":"https:\/\/api.w.org\/{rel}","templated":true}]}}