{"id":16586,"date":"2015-07-29T13:46:49","date_gmt":"2015-07-29T16:46:49","guid":{"rendered":"http:\/\/labestiadeportiva.com\/lbd\/?p=16586"},"modified":"2015-07-29T13:46:49","modified_gmt":"2015-07-29T16:46:49","slug":"argentina-enfrentara-a-belgica-por-copa-davis","status":"publish","type":"post","link":"http:\/\/labestiadeportiva.com\/lbd\/argentina-enfrentara-a-belgica-por-copa-davis\/","title":{"rendered":"Argentina enfrentar\u00e1 a B\u00e9lgica por Copa Davis"},"content":{"rendered":"<p>Por Mat\u00edas Pouso (Corresponsal LBD en CABA)<\/p>\n<p><a href=\"http:\/\/labestiadeportiva.com\/lbd\/wp-content\/uploads\/2015\/07\/1437247628_810209_1437247806_noticia_grande.jpg\"><img loading=\"lazy\" class=\"alignleft size-medium wp-image-16587\" src=\"http:\/\/labestiadeportiva.com\/lbd\/wp-content\/uploads\/2015\/07\/1437247628_810209_1437247806_noticia_grande-300x206.jpg\" alt=\"1437247628_810209_1437247806_noticia_grande\" width=\"300\" height=\"206\" srcset=\"http:\/\/labestiadeportiva.com\/lbd\/wp-content\/uploads\/2015\/07\/1437247628_810209_1437247806_noticia_grande-300x206.jpg 300w, http:\/\/labestiadeportiva.com\/lbd\/wp-content\/uploads\/2015\/07\/1437247628_810209_1437247806_noticia_grande.jpg 980w\" sizes=\"(max-width: 300px) 100vw, 300px\" \/><\/a>El conjunto dirigido por Daniel Orsanic viajar\u00e1 a Bruselas para enfrentar a su par belga en busca de una nueva final de Copa Davis. El Estadio Forest National ser\u00e1 la sede de esta serie los d\u00edas 18,19 y 20 de septiembre.<!--more--><\/p>\n<p>La serie de cuartos de final frente a Serbia se resolvi\u00f3 de manera m\u00e1s sencilla de lo que se esperaba. Las victorias en singles del viernes allanaron el camino para que el triunfo en dobles el s\u00e1bado depositara a los albicelestes en una nueva semifinal de Grupo Mundial.<\/p>\n<p>Por su parte, el conjunto europeo se ha aprovechado de sus competidores que no contaron con sus jugadores clave en cada serie, derrotando a Suiza y Canad\u00e1 en octavos y cuartos de final respectivamente. Ser\u00e1 la primera semifinal para los belgas desde 1999, cuando cay\u00f3 de visitante frente a Francia.<\/p>\n<p>El Forest National es utilizado como sede de conciertos y eventos deportivos multitudinarios y albergar\u00e1 alrededor de 8 mil espectadores que le dar\u00e1n el apoyo necesario a su equipo para que pueda acceder a la segunda final de Copa Davis en su historia, la anterior fue en 1904, en el a\u00f1o de su debut en la competencia.<\/p>\n<p><a href=\"http:\/\/labestiadeportiva.com\/lbd\/wp-content\/uploads\/2015\/07\/belgium-tennis-team-davis-cup.jpg\"><img loading=\"lazy\" class=\"aligncenter size-medium wp-image-16588\" src=\"http:\/\/labestiadeportiva.com\/lbd\/wp-content\/uploads\/2015\/07\/belgium-tennis-team-davis-cup-300x225.jpg\" alt=\"belgium-tennis-team-davis-cup\" width=\"300\" height=\"225\" srcset=\"http:\/\/labestiadeportiva.com\/lbd\/wp-content\/uploads\/2015\/07\/belgium-tennis-team-davis-cup-300x225.jpg 300w, http:\/\/labestiadeportiva.com\/lbd\/wp-content\/uploads\/2015\/07\/belgium-tennis-team-davis-cup.jpg 806w\" sizes=\"(max-width: 300px) 100vw, 300px\" \/><\/a>El equipo capitaneado por Johan Van Herck intentar\u00e1 aprovechar el beneficio de la local\u00eda por tercera vez consecutiva en este a\u00f1o, luego de haber vencido en marzo en primera ronda a Suiza, campe\u00f3n el a\u00f1o pasado, y a Canad\u00e1 hace dos semanas. La superficie para septiembre ser\u00e1 r\u00e1pida (pintura estilo acr\u00edlico, con cobertura de resina).<\/p>\n<p>Argentina jugar\u00e1 su d\u00e9cima semifinal en 14 a\u00f1os, adem\u00e1s de haber disputado en total, aunque sin haber conquistado a\u00fan la Copa Davis, cuatro finales: 1981, 2006, 2008 y 2011.<\/p>\n<p>Los dirigidos por Daniel Orsanic arriban a la semifinal luego de un 3-2 de local ante Brasil en marzo y un 4-1 ante Serbia en julio, en ambos casos de local sobre polvo de ladrillo en Tecn\u00f3polis, el primero a cielo abierto y el segundo bajo techo.<\/p>\n<p>En el frente a frente, belgas y argentinos jugaron una sola vez all\u00e1 por 1948, en una segunda ronda europea que B\u00e9lgica gan\u00f3 por 3-2 en Bruselas.<\/p>\n<p>David Goffin y Leonardo Mayer, los n\u00famero 1 de ambos equipos, se encuentran en un gran momento en el circuito, el belga ocupa el puesto 14 del ranking y el argentino el 36.<\/p>\n<p>Los dos son respaldados por grupos de jugadores dentro del top 100 y con gran experiencia defendiendo sendas banderas, por lo que se presume ser\u00e1 una serie muy pareja.<\/p>\n<p><a href=\"http:\/\/labestiadeportiva.com\/lbd\/wp-content\/uploads\/2015\/07\/55aa922a3b315_1420_.jpg\"><img loading=\"lazy\" class=\"aligncenter size-medium wp-image-16589\" src=\"http:\/\/labestiadeportiva.com\/lbd\/wp-content\/uploads\/2015\/07\/55aa922a3b315_1420_-300x172.jpg\" alt=\"55aa922a3b315_1420_!\" width=\"300\" height=\"172\" srcset=\"http:\/\/labestiadeportiva.com\/lbd\/wp-content\/uploads\/2015\/07\/55aa922a3b315_1420_-300x172.jpg 300w, http:\/\/labestiadeportiva.com\/lbd\/wp-content\/uploads\/2015\/07\/55aa922a3b315_1420_-1024x586.jpg 1024w, http:\/\/labestiadeportiva.com\/lbd\/wp-content\/uploads\/2015\/07\/55aa922a3b315_1420_.jpg 1420w\" sizes=\"(max-width: 300px) 100vw, 300px\" \/><\/a><\/p>\n<div class='epvc-post-count'><span class='epvc-eye'><\/span>  <span class=\"epvc-count\"> 1.016<\/span><span class='epvc-label'> veces le\u00edda<\/span><\/div>\n<div class=\"jwsharethis\">\nShare this: \n<br \/>\n<a href=\"mailto:?subject=Argentina%20enfrentar%C3%A1%20a%20B%C3%A9lgica%20por%20Copa%20Davis&amp;body=http%3A%2F%2Flabestiadeportiva.com%2Flbd%2Fargentina-enfrentara-a-belgica-por-copa-davis%2F\">\n<img src=\"http:\/\/labestiadeportiva.com\/lbd\/wp-content\/plugins\/jw-share-this\/email.png\" alt=\"Share this page via Email\" \/>\n<\/a>\n<a target=\"_blank\" href=\"http:\/\/www.stumbleupon.com\/submit?url=http%3A%2F%2Flabestiadeportiva.com%2Flbd%2Fargentina-enfrentara-a-belgica-por-copa-davis%2F&amp;title=Argentina+enfrentar%C3%A1+a+B%C3%A9lgica+por+Copa+Davis\">\n<img src=\"http:\/\/labestiadeportiva.com\/lbd\/wp-content\/plugins\/jw-share-this\/su.png\" alt=\"Share this page via Stumble Upon\" \/>\n<\/a>\n<a target=\"_blank\" href=\"http:\/\/digg.com\/submit?url=http%3A%2F%2Flabestiadeportiva.com%2Flbd%2Fargentina-enfrentara-a-belgica-por-copa-davis%2F&amp;title=Argentina+enfrentar%C3%A1+a+B%C3%A9lgica+por+Copa+Davis\">\n<img src=\"http:\/\/labestiadeportiva.com\/lbd\/wp-content\/plugins\/jw-share-this\/digg.png\" alt=\"Share this page via Digg this\" \/>\n<\/a>\n<a target=\"_blank\" href=\"http:\/\/www.facebook.com\/sharer.php?u=http%3A%2F%2Flabestiadeportiva.com%2Flbd%2Fargentina-enfrentara-a-belgica-por-copa-davis%2F&amp;t=Argentina+enfrentar%C3%A1+a+B%C3%A9lgica+por+Copa+Davis\">\n<img src=\"http:\/\/labestiadeportiva.com\/lbd\/wp-content\/plugins\/jw-share-this\/fb.png\" alt=\"Share this page via Facebook\" \/>\n<\/a>\n<a target=\"_blank\" href=\"http:\/\/twitter.com\/intent\/tweet?text=I+like+http%3A%2F%2Flabestiadeportiva.com%2Flbd%2Fargentina-enfrentara-a-belgica-por-copa-davis%2F&amp;title=Argentina+enfrentar%C3%A1+a+B%C3%A9lgica+por+Copa+Davis\">\n<img src=\"http:\/\/labestiadeportiva.com\/lbd\/wp-content\/plugins\/jw-share-this\/twitter.png\" alt=\"Share this page via Twitter\" \/>\n<\/a>\n<\/div>\n","protected":false},"excerpt":{"rendered":"<p>Por Mat\u00edas Pouso (Corresponsal LBD en CABA) El conjunto dirigido por Daniel Orsanic viajar\u00e1 a Bruselas para enfrentar a su par belga en busca de una nueva final de Copa Davis. El Estadio Forest National ser\u00e1 la sede de esta serie los d\u00edas 18,19 y 20 de septiembre. 1.016 veces le\u00edda Share this:<\/p>\n","protected":false},"author":1,"featured_media":16587,"comment_status":"open","ping_status":"open","sticky":false,"template":"","format":"standard","meta":[],"categories":[4,6,1,39],"tags":[40,83,4835],"_links":{"self":[{"href":"http:\/\/labestiadeportiva.com\/lbd\/wp-json\/wp\/v2\/posts\/16586"}],"collection":[{"href":"http:\/\/labestiadeportiva.com\/lbd\/wp-json\/wp\/v2\/posts"}],"about":[{"href":"http:\/\/labestiadeportiva.com\/lbd\/wp-json\/wp\/v2\/types\/post"}],"author":[{"embeddable":true,"href":"http:\/\/labestiadeportiva.com\/lbd\/wp-json\/wp\/v2\/users\/1"}],"replies":[{"embeddable":true,"href":"http:\/\/labestiadeportiva.com\/lbd\/wp-json\/wp\/v2\/comments?post=16586"}],"version-history":[{"count":1,"href":"http:\/\/labestiadeportiva.com\/lbd\/wp-json\/wp\/v2\/posts\/16586\/revisions"}],"predecessor-version":[{"id":16590,"href":"http:\/\/labestiadeportiva.com\/lbd\/wp-json\/wp\/v2\/posts\/16586\/revisions\/16590"}],"wp:featuredmedia":[{"embeddable":true,"href":"http:\/\/labestiadeportiva.com\/lbd\/wp-json\/wp\/v2\/media\/16587"}],"wp:attachment":[{"href":"http:\/\/labestiadeportiva.com\/lbd\/wp-json\/wp\/v2\/media?parent=16586"}],"wp:term":[{"taxonomy":"category","embeddable":true,"href":"http:\/\/labestiadeportiva.com\/lbd\/wp-json\/wp\/v2\/categories?post=16586"},{"taxonomy":"post_tag","embeddable":true,"href":"http:\/\/labestiadeportiva.com\/lbd\/wp-json\/wp\/v2\/tags?post=16586"}],"curies":[{"name":"wp","href":"https:\/\/api.w.org\/{rel}","templated":true}]}}