{"id":16599,"date":"2015-07-30T20:17:06","date_gmt":"2015-07-30T23:17:06","guid":{"rendered":"http:\/\/labestiadeportiva.com\/lbd\/?p=16599"},"modified":"2015-07-30T20:24:49","modified_gmt":"2015-07-30T23:24:49","slug":"regreso-con-un-3-x-3","status":"publish","type":"post","link":"http:\/\/labestiadeportiva.com\/lbd\/regreso-con-un-3-x-3\/","title":{"rendered":"Regres\u00f3 con un 3 x 3"},"content":{"rendered":"<p><a href=\"http:\/\/labestiadeportiva.com\/lbd\/wp-content\/uploads\/2015\/07\/MG_7769.jpg\"><img loading=\"lazy\" class=\"alignleft size-medium wp-image-16600\" src=\"http:\/\/labestiadeportiva.com\/lbd\/wp-content\/uploads\/2015\/07\/MG_7769-300x183.jpg\" alt=\"_MG_7769\" width=\"300\" height=\"183\" srcset=\"http:\/\/labestiadeportiva.com\/lbd\/wp-content\/uploads\/2015\/07\/MG_7769-300x183.jpg 300w, http:\/\/labestiadeportiva.com\/lbd\/wp-content\/uploads\/2015\/07\/MG_7769.jpg 800w\" sizes=\"(max-width: 300px) 100vw, 300px\" \/><\/a>El b\u00e1squet local volvi\u00f3 a actuar luego de 15 d\u00edas de parate. Fue este s\u00e1bado en la cancha 4 del \u201cHugo Italo Favale\u201d a trav\u00e9s de la competencia en formato reducido a la que se agreg\u00f3 un torneo de triples. 70 jugadores presentes en las categor\u00edas mayores, damas y U15.<!--more--><\/p>\n<p>Luego de un l\u00f3gico y peque\u00f1o receso invernal, donde descansaron los torneos de formativas, primera y veteranos, el fin de semana volvi\u00f3 a aparecer la \u201cnaranja\u201d en el parqu\u00e9 municipal.<\/p>\n<p>Con una estructura no habitual y desde cerca del mediod\u00eda hasta entrada la tarde casi 70 jugadores de diferentes edades se dieron cita en el Polideportivo Municipal.<\/p>\n<p><a href=\"http:\/\/labestiadeportiva.com\/lbd\/wp-content\/uploads\/2015\/07\/MG_7775.jpg\"><img loading=\"lazy\" class=\"aligncenter size-medium wp-image-16601\" src=\"http:\/\/labestiadeportiva.com\/lbd\/wp-content\/uploads\/2015\/07\/MG_7775-300x168.jpg\" alt=\"_MG_7775\" width=\"300\" height=\"168\" srcset=\"http:\/\/labestiadeportiva.com\/lbd\/wp-content\/uploads\/2015\/07\/MG_7775-300x168.jpg 300w, http:\/\/labestiadeportiva.com\/lbd\/wp-content\/uploads\/2015\/07\/MG_7775.jpg 800w\" sizes=\"(max-width: 300px) 100vw, 300px\" \/><\/a>La categor\u00eda mayores libres permiti\u00f3 que juveniles, mayores y veteranos fueran de la partida al igual que las damas como as\u00ed tambi\u00e9n los muchachos U15.<\/p>\n<p>En cuanto a la estructura de los partidos se desarrollaron de diez minutos donde cada equipo ont\u00f3 con doce segundos de posesi\u00f3n.<\/p>\n<p>En mayores el conjunto conformado por Greco, Matos, Siracusa y D\u00edaz fueron los vencedores mientras que en damas Ysfran, Navarro, Jaime y Olgu\u00edn se destacaron sobre el resto. En cuanto a los U15 Luj\u00e1n, Choque, Celone y M\u00f3naco salieron victoriosos.<\/p>\n<p>A la hora de los lanzamientos a distancia, torneo de triples, Mar\u00eda Mancilla y Franco Navarro fueron los m\u00e1s certeros.<\/p>\n<p><a href=\"http:\/\/labestiadeportiva.com\/lbd\/wp-content\/uploads\/2015\/07\/MG_7772.jpg\"><img loading=\"lazy\" class=\"aligncenter size-medium wp-image-16602\" src=\"http:\/\/labestiadeportiva.com\/lbd\/wp-content\/uploads\/2015\/07\/MG_7772-300x231.jpg\" alt=\"_MG_7772\" width=\"300\" height=\"231\" srcset=\"http:\/\/labestiadeportiva.com\/lbd\/wp-content\/uploads\/2015\/07\/MG_7772-300x231.jpg 300w, http:\/\/labestiadeportiva.com\/lbd\/wp-content\/uploads\/2015\/07\/MG_7772.jpg 778w\" sizes=\"(max-width: 300px) 100vw, 300px\" \/><\/a>Desde LBD dialogamos brevemente con el referente local, Guillermo \u201cDesnu\u201d Navarro, quien se mostr\u00f3 conforme por la asistencia de practicantes en el evento.<\/p>\n<p>Nos expres\u00f3 que la ausencia de actividad durante las vacaciones de invierno fue principalmente debido a que los equipos contaban con varias bajas en sus planteles.<\/p>\n<p>Asimismo el dirigente confirm\u00f3 que en breve continuar\u00e1n los torneos de formativas, primera y veteranos.<\/p>\n<p>El pasado s\u00e1bado volvi\u00f3 el b\u00e1squet y por lo que pudo observase las ganas de sus jugadores contin\u00faan intactas.<\/p>\n<p><span style=\"color: #0000ff;\">Todos los Ganadores del 3&#215;3<\/span><br \/>\nMayores: Greco, Matos, Siracusa y D\u00edaz.<br \/>\nDamas: Ysfran, Navarro, Jaime y Olgu\u00edn.<br \/>\nU15: Luj\u00e1n, Choque, Celone y M\u00f3naco.<\/p>\n<p><span style=\"color: #0000ff;\">Vencedores Torneo de Triples<\/span><br \/>\nDamas: Mar\u00eda Mansilla.<br \/>\nCaballeros: Franco Navarro<\/p>\n<p><a href=\"http:\/\/labestiadeportiva.com\/lbd\/wp-content\/uploads\/2015\/07\/MG_7777.jpg\"><img loading=\"lazy\" class=\"aligncenter size-medium wp-image-16603\" src=\"http:\/\/labestiadeportiva.com\/lbd\/wp-content\/uploads\/2015\/07\/MG_7777-300x207.jpg\" alt=\"_MG_7777\" width=\"300\" height=\"207\" srcset=\"http:\/\/labestiadeportiva.com\/lbd\/wp-content\/uploads\/2015\/07\/MG_7777-300x207.jpg 300w, http:\/\/labestiadeportiva.com\/lbd\/wp-content\/uploads\/2015\/07\/MG_7777.jpg 800w\" sizes=\"(max-width: 300px) 100vw, 300px\" \/><\/a><\/p>\n<div class='epvc-post-count'><span class='epvc-eye'><\/span>  <span class=\"epvc-count\"> 998<\/span><span class='epvc-label'> veces le\u00edda<\/span><\/div>\n<div class=\"jwsharethis\">\nShare this: \n<br \/>\n<a href=\"mailto:?subject=Regres%C3%B3%20con%20un%203%20x%203&amp;body=http%3A%2F%2Flabestiadeportiva.com%2Flbd%2Fregreso-con-un-3-x-3%2F\">\n<img src=\"http:\/\/labestiadeportiva.com\/lbd\/wp-content\/plugins\/jw-share-this\/email.png\" alt=\"Share this page via Email\" \/>\n<\/a>\n<a target=\"_blank\" href=\"http:\/\/www.stumbleupon.com\/submit?url=http%3A%2F%2Flabestiadeportiva.com%2Flbd%2Fregreso-con-un-3-x-3%2F&amp;title=Regres%C3%B3+con+un+3+x+3\">\n<img src=\"http:\/\/labestiadeportiva.com\/lbd\/wp-content\/plugins\/jw-share-this\/su.png\" alt=\"Share this page via Stumble Upon\" \/>\n<\/a>\n<a target=\"_blank\" href=\"http:\/\/digg.com\/submit?url=http%3A%2F%2Flabestiadeportiva.com%2Flbd%2Fregreso-con-un-3-x-3%2F&amp;title=Regres%C3%B3+con+un+3+x+3\">\n<img src=\"http:\/\/labestiadeportiva.com\/lbd\/wp-content\/plugins\/jw-share-this\/digg.png\" alt=\"Share this page via Digg this\" \/>\n<\/a>\n<a target=\"_blank\" href=\"http:\/\/www.facebook.com\/sharer.php?u=http%3A%2F%2Flabestiadeportiva.com%2Flbd%2Fregreso-con-un-3-x-3%2F&amp;t=Regres%C3%B3+con+un+3+x+3\">\n<img src=\"http:\/\/labestiadeportiva.com\/lbd\/wp-content\/plugins\/jw-share-this\/fb.png\" alt=\"Share this page via Facebook\" \/>\n<\/a>\n<a target=\"_blank\" href=\"http:\/\/twitter.com\/intent\/tweet?text=I+like+http%3A%2F%2Flabestiadeportiva.com%2Flbd%2Fregreso-con-un-3-x-3%2F&amp;title=Regres%C3%B3+con+un+3+x+3\">\n<img src=\"http:\/\/labestiadeportiva.com\/lbd\/wp-content\/plugins\/jw-share-this\/twitter.png\" alt=\"Share this page via Twitter\" \/>\n<\/a>\n<\/div>\n","protected":false},"excerpt":{"rendered":"<p>El b\u00e1squet local volvi\u00f3 a actuar luego de 15 d\u00edas de parate. Fue este s\u00e1bado en la cancha 4 del \u201cHugo Italo Favale\u201d a trav\u00e9s de la competencia en formato reducido a la que se agreg\u00f3 un torneo de triples. 70 jugadores presentes en las categor\u00edas mayores, damas y U15. 998 veces le\u00edda Share this:<\/p>\n","protected":false},"author":1,"featured_media":16600,"comment_status":"open","ping_status":"open","sticky":false,"template":"","format":"standard","meta":[],"categories":[43,5,1],"tags":[2272,171,2273,83],"_links":{"self":[{"href":"http:\/\/labestiadeportiva.com\/lbd\/wp-json\/wp\/v2\/posts\/16599"}],"collection":[{"href":"http:\/\/labestiadeportiva.com\/lbd\/wp-json\/wp\/v2\/posts"}],"about":[{"href":"http:\/\/labestiadeportiva.com\/lbd\/wp-json\/wp\/v2\/types\/post"}],"author":[{"embeddable":true,"href":"http:\/\/labestiadeportiva.com\/lbd\/wp-json\/wp\/v2\/users\/1"}],"replies":[{"embeddable":true,"href":"http:\/\/labestiadeportiva.com\/lbd\/wp-json\/wp\/v2\/comments?post=16599"}],"version-history":[{"count":2,"href":"http:\/\/labestiadeportiva.com\/lbd\/wp-json\/wp\/v2\/posts\/16599\/revisions"}],"predecessor-version":[{"id":16605,"href":"http:\/\/labestiadeportiva.com\/lbd\/wp-json\/wp\/v2\/posts\/16599\/revisions\/16605"}],"wp:featuredmedia":[{"embeddable":true,"href":"http:\/\/labestiadeportiva.com\/lbd\/wp-json\/wp\/v2\/media\/16600"}],"wp:attachment":[{"href":"http:\/\/labestiadeportiva.com\/lbd\/wp-json\/wp\/v2\/media?parent=16599"}],"wp:term":[{"taxonomy":"category","embeddable":true,"href":"http:\/\/labestiadeportiva.com\/lbd\/wp-json\/wp\/v2\/categories?post=16599"},{"taxonomy":"post_tag","embeddable":true,"href":"http:\/\/labestiadeportiva.com\/lbd\/wp-json\/wp\/v2\/tags?post=16599"}],"curies":[{"name":"wp","href":"https:\/\/api.w.org\/{rel}","templated":true}]}}