{"id":16757,"date":"2015-08-12T02:39:53","date_gmt":"2015-08-12T05:39:53","guid":{"rendered":"http:\/\/labestiadeportiva.com\/lbd\/?p=16757"},"modified":"2015-08-12T02:39:53","modified_gmt":"2015-08-12T05:39:53","slug":"reescribiendo-la-historia","status":"publish","type":"post","link":"http:\/\/labestiadeportiva.com\/lbd\/reescribiendo-la-historia\/","title":{"rendered":"Reescribiendo la historia"},"content":{"rendered":"<p><a href=\"http:\/\/labestiadeportiva.com\/lbd\/wp-content\/uploads\/2015\/08\/Mailing-3.jpg\"><img loading=\"lazy\" class=\"alignleft size-medium wp-image-16758\" src=\"http:\/\/labestiadeportiva.com\/lbd\/wp-content\/uploads\/2015\/08\/Mailing-3-300x154.jpg\" alt=\"Mailing (3)\" width=\"300\" height=\"154\" srcset=\"http:\/\/labestiadeportiva.com\/lbd\/wp-content\/uploads\/2015\/08\/Mailing-3-300x154.jpg 300w, http:\/\/labestiadeportiva.com\/lbd\/wp-content\/uploads\/2015\/08\/Mailing-3-1024x526.jpg 1024w, http:\/\/labestiadeportiva.com\/lbd\/wp-content\/uploads\/2015\/08\/Mailing-3.jpg 1600w\" sizes=\"(max-width: 300px) 100vw, 300px\" \/><\/a>En el marco de la primera fecha del Abierto Fueguino de Snowboard la emblem\u00e1tica pista Wallner volvi\u00f3 a vibrar el pasado viernes con la \u201cBack to the Future Wallner Project\u201d ante un marco natural imponente. Chicos y grandes se unieron bajo un solo objetivo y disfrutaron de una verdadera fiesta que tendr\u00e1 continuidad el viernes 21 en el Glaciar Martial. Fuente y fotos prensa CAU.<!--more--><\/p>\n<p>Toda idea tiene un inicio en la mente y este fin de semana la \u201cBack to the Future Wallner Project\u201d se convirti\u00f3 en realidad, volviendo a las fuentes y d\u00e1ndole vida a un emblem\u00e1tico lugar de nuestra instituci\u00f3n.<\/p>\n<p>Una pista hist\u00f3rica que fue sede de una jornada a pura emoci\u00f3n, en la noche del viernes, donde se juntaron grandes y chicos para disfrutar del Snowboard, poniendo de manifiesto todas sus cualidades t\u00e9cnicas.<\/p>\n<p>Iniciaron los m\u00e1s chicos alrededor de las 19 horas, buscando altura en el salto principal que luego ten\u00eda como cierre otra rampa al final de la bajada y continuaron sucesivamente las categor\u00edas, tanto en damas como caballeros, culminando con una Free Session para todos los que se hab\u00edan quedado con ganas de una \u00faltima tirada.<\/p>\n<p><a href=\"http:\/\/labestiadeportiva.com\/lbd\/wp-content\/uploads\/2015\/08\/Mailing-5.jpg\"><img loading=\"lazy\" class=\"aligncenter size-medium wp-image-16759\" src=\"http:\/\/labestiadeportiva.com\/lbd\/wp-content\/uploads\/2015\/08\/Mailing-5-300x194.jpg\" alt=\"Mailing (5)\" width=\"300\" height=\"194\" srcset=\"http:\/\/labestiadeportiva.com\/lbd\/wp-content\/uploads\/2015\/08\/Mailing-5-300x194.jpg 300w, http:\/\/labestiadeportiva.com\/lbd\/wp-content\/uploads\/2015\/08\/Mailing-5-1024x664.jpg 1024w, http:\/\/labestiadeportiva.com\/lbd\/wp-content\/uploads\/2015\/08\/Mailing-5.jpg 1600w\" sizes=\"(max-width: 300px) 100vw, 300px\" \/><\/a>El freestyle en esqu\u00ed tambi\u00e9n se hizo presente con hist\u00f3ricos como Ivan Kuray y \u201cCorcho\u201d Jofr\u00e9, quienes ofrecieron un espect\u00e1culo incre\u00edble en cada uno de sus saltos.<\/p>\n<p>Posteriormente y con alegr\u00eda generalizada se llev\u00f3 a cabo la entrega de premios y el sorteo de la rifa que cont\u00f3 con importantes premios, para colaborar con la gira europea que tendr\u00e1 como protagonistas a los m\u00e1s chicos en el verano de 2016.<\/p>\n<p><span style=\"color: #0000ff;\">\u201cSe demostr\u00f3 que si se quiere, se puede. Logramos que el patio de casa tenga vida otra vez, en honor a los pioneros del club que, hace m\u00e1s de 50 a\u00f1os, se enfrentaron a una pista en este maravilloso lugar\u201d<\/span>, manifestaron desde la Sub Comisi\u00f3n de la disciplina<\/p>\n<p>Cabe destacar que la pr\u00f3xima fecha del Abierto Fueguino de Snowboard se desarrollar\u00e1 el viernes 21\u00a0 en el Glaciar Martial, poniendo otra vez toda la adrenalina en la pista de la ciudad.<\/p>\n<p>La inscripci\u00f3n para dicha cita se encuentra abierta hasta las 14 del mismo d\u00eda y se puede concretar ingresando a la p\u00e1gina del Club Andino Ushuaia (www.clubandinoushuaia.com.ar).<\/p>\n<p><a href=\"http:\/\/labestiadeportiva.com\/lbd\/wp-content\/uploads\/2015\/08\/Mailing-21.jpg\"><img loading=\"lazy\" class=\"aligncenter size-medium wp-image-16760\" src=\"http:\/\/labestiadeportiva.com\/lbd\/wp-content\/uploads\/2015\/08\/Mailing-21-300x189.jpg\" alt=\"Mailing (2)\" width=\"300\" height=\"189\" srcset=\"http:\/\/labestiadeportiva.com\/lbd\/wp-content\/uploads\/2015\/08\/Mailing-21-300x189.jpg 300w, http:\/\/labestiadeportiva.com\/lbd\/wp-content\/uploads\/2015\/08\/Mailing-21-1024x644.jpg 1024w, http:\/\/labestiadeportiva.com\/lbd\/wp-content\/uploads\/2015\/08\/Mailing-21.jpg 1600w\" sizes=\"(max-width: 300px) 100vw, 300px\" \/><\/a><span style=\"color: #0000ff;\">Back to the Future Wallner Project 2015<\/span><\/p>\n<p>Posiciones por Categor\u00edas<\/p>\n<p>13 a 16 a\u00f1os &#8211; Mujeres<\/p>\n<p><span style=\"color: #ff0000;\">1\u00ba Azul Chavez<\/span><\/p>\n<p>2\u00ba Sof\u00eda Wolfsteller<\/p>\n<p>3\u00ba Agustina Pardo<\/p>\n<p>&nbsp;<\/p>\n<p>+17 a\u00f1os &#8211; Mujeres<\/p>\n<p><span style=\"color: #ff0000;\">1\u00ba Macarena Caballero<\/span><\/p>\n<p>2\u00ba Fiona Torello Andreu (Font Romeu)<\/p>\n<p>3\u00ba Natalia Silvoso<\/p>\n<p>&nbsp;<\/p>\n<p>8 a 12 a\u00f1os &#8211; Varones<\/p>\n<p><span style=\"color: #ff0000;\">1\u00ba Alan Brandeman<\/span><\/p>\n<p>2\u00ba Dante Vera<\/p>\n<p>3\u00ba Joaqu\u00edn Rodriguez<\/p>\n<p>&nbsp;<\/p>\n<p>13 a 16 a\u00f1os &#8211; Varones<\/p>\n<p><span style=\"color: #ff0000;\">1\u00ba Axel Brandeman<\/span><\/p>\n<p>2\u00ba Gianluca Cebron<\/p>\n<p>3\u00ba Mateo Valcheff<\/p>\n<p>&nbsp;<\/p>\n<p>+17 a\u00f1os &#8211; Varones<\/p>\n<p><span style=\"color: #ff0000;\">1\u00ba Tom\u00e1s Castelli<\/span><\/p>\n<p>2\u00ba Felipe Berberis<\/p>\n<p>3\u00ba El\u00edas Almonacid<\/p>\n<p>&nbsp;<\/p>\n<p><span style=\"color: #ff6600;\"><a href=\"http:\/\/labestiadeportiva.com\/lbd\/wp-content\/uploads\/2015\/08\/Mailing-11.jpg\"><img loading=\"lazy\" class=\"aligncenter size-medium wp-image-16761\" src=\"http:\/\/labestiadeportiva.com\/lbd\/wp-content\/uploads\/2015\/08\/Mailing-11-300x215.jpg\" alt=\"Mailing (1)\" width=\"300\" height=\"215\" srcset=\"http:\/\/labestiadeportiva.com\/lbd\/wp-content\/uploads\/2015\/08\/Mailing-11-300x215.jpg 300w, http:\/\/labestiadeportiva.com\/lbd\/wp-content\/uploads\/2015\/08\/Mailing-11-1024x734.jpg 1024w, http:\/\/labestiadeportiva.com\/lbd\/wp-content\/uploads\/2015\/08\/Mailing-11.jpg 1600w\" sizes=\"(max-width: 300px) 100vw, 300px\" \/><\/a>Premios especiales<\/span><\/p>\n<p>Valent\u00edn Moreno<\/p>\n<p>Tob\u00edas Zamora<\/p>\n<p>Enzo Mair<\/p>\n<p>Tom\u00e1s Castelli<\/p>\n<div class='epvc-post-count'><span class='epvc-eye'><\/span>  <span class=\"epvc-count\"> 1.053<\/span><span class='epvc-label'> veces le\u00edda<\/span><\/div>\n<div class=\"jwsharethis\">\nShare this: \n<br \/>\n<a href=\"mailto:?subject=Reescribiendo%20la%20historia&amp;body=http%3A%2F%2Flabestiadeportiva.com%2Flbd%2Freescribiendo-la-historia%2F\">\n<img src=\"http:\/\/labestiadeportiva.com\/lbd\/wp-content\/plugins\/jw-share-this\/email.png\" alt=\"Share this page via Email\" \/>\n<\/a>\n<a target=\"_blank\" href=\"http:\/\/www.stumbleupon.com\/submit?url=http%3A%2F%2Flabestiadeportiva.com%2Flbd%2Freescribiendo-la-historia%2F&amp;title=Reescribiendo+la+historia\">\n<img src=\"http:\/\/labestiadeportiva.com\/lbd\/wp-content\/plugins\/jw-share-this\/su.png\" alt=\"Share this page via Stumble Upon\" \/>\n<\/a>\n<a target=\"_blank\" href=\"http:\/\/digg.com\/submit?url=http%3A%2F%2Flabestiadeportiva.com%2Flbd%2Freescribiendo-la-historia%2F&amp;title=Reescribiendo+la+historia\">\n<img src=\"http:\/\/labestiadeportiva.com\/lbd\/wp-content\/plugins\/jw-share-this\/digg.png\" alt=\"Share this page via Digg this\" \/>\n<\/a>\n<a target=\"_blank\" href=\"http:\/\/www.facebook.com\/sharer.php?u=http%3A%2F%2Flabestiadeportiva.com%2Flbd%2Freescribiendo-la-historia%2F&amp;t=Reescribiendo+la+historia\">\n<img src=\"http:\/\/labestiadeportiva.com\/lbd\/wp-content\/plugins\/jw-share-this\/fb.png\" alt=\"Share this page via Facebook\" \/>\n<\/a>\n<a target=\"_blank\" href=\"http:\/\/twitter.com\/intent\/tweet?text=I+like+http%3A%2F%2Flabestiadeportiva.com%2Flbd%2Freescribiendo-la-historia%2F&amp;title=Reescribiendo+la+historia\">\n<img src=\"http:\/\/labestiadeportiva.com\/lbd\/wp-content\/plugins\/jw-share-this\/twitter.png\" alt=\"Share this page via Twitter\" \/>\n<\/a>\n<\/div>\n","protected":false},"excerpt":{"rendered":"<p>En el marco de la primera fecha del Abierto Fueguino de Snowboard la emblem\u00e1tica pista Wallner volvi\u00f3 a vibrar el pasado viernes con la \u201cBack to the Future Wallner Project\u201d ante un marco natural imponente. Chicos y grandes se unieron bajo un solo objetivo y disfrutaron de una verdadera fiesta que tendr\u00e1 continuidad el viernes &hellip; <a href=\"http:\/\/labestiadeportiva.com\/lbd\/reescribiendo-la-historia\/\" class=\"more-link\">Seguir leyendo <span class=\"screen-reader-text\">Reescribiendo la historia<\/span> <span class=\"meta-nav\">&rarr;<\/span><\/a><\/p>\n","protected":false},"author":1,"featured_media":16758,"comment_status":"open","ping_status":"open","sticky":false,"template":"","format":"standard","meta":[],"categories":[5,41,1,2300],"tags":[42,83,358],"_links":{"self":[{"href":"http:\/\/labestiadeportiva.com\/lbd\/wp-json\/wp\/v2\/posts\/16757"}],"collection":[{"href":"http:\/\/labestiadeportiva.com\/lbd\/wp-json\/wp\/v2\/posts"}],"about":[{"href":"http:\/\/labestiadeportiva.com\/lbd\/wp-json\/wp\/v2\/types\/post"}],"author":[{"embeddable":true,"href":"http:\/\/labestiadeportiva.com\/lbd\/wp-json\/wp\/v2\/users\/1"}],"replies":[{"embeddable":true,"href":"http:\/\/labestiadeportiva.com\/lbd\/wp-json\/wp\/v2\/comments?post=16757"}],"version-history":[{"count":1,"href":"http:\/\/labestiadeportiva.com\/lbd\/wp-json\/wp\/v2\/posts\/16757\/revisions"}],"predecessor-version":[{"id":16762,"href":"http:\/\/labestiadeportiva.com\/lbd\/wp-json\/wp\/v2\/posts\/16757\/revisions\/16762"}],"wp:featuredmedia":[{"embeddable":true,"href":"http:\/\/labestiadeportiva.com\/lbd\/wp-json\/wp\/v2\/media\/16758"}],"wp:attachment":[{"href":"http:\/\/labestiadeportiva.com\/lbd\/wp-json\/wp\/v2\/media?parent=16757"}],"wp:term":[{"taxonomy":"category","embeddable":true,"href":"http:\/\/labestiadeportiva.com\/lbd\/wp-json\/wp\/v2\/categories?post=16757"},{"taxonomy":"post_tag","embeddable":true,"href":"http:\/\/labestiadeportiva.com\/lbd\/wp-json\/wp\/v2\/tags?post=16757"}],"curies":[{"name":"wp","href":"https:\/\/api.w.org\/{rel}","templated":true}]}}