{"id":16766,"date":"2015-08-12T17:32:27","date_gmt":"2015-08-12T20:32:27","guid":{"rendered":"http:\/\/labestiadeportiva.com\/lbd\/?p=16766"},"modified":"2015-08-12T17:32:27","modified_gmt":"2015-08-12T20:32:27","slug":"las-chicas-a-comodoro","status":"publish","type":"post","link":"http:\/\/labestiadeportiva.com\/lbd\/las-chicas-a-comodoro\/","title":{"rendered":"Las \u201cchicas\u201d a Comodoro"},"content":{"rendered":"<p><a href=\"http:\/\/labestiadeportiva.com\/lbd\/wp-content\/uploads\/2015\/08\/futsal-ushuaiense.jpg\"><img loading=\"lazy\" class=\"alignleft size-medium wp-image-16767\" src=\"http:\/\/labestiadeportiva.com\/lbd\/wp-content\/uploads\/2015\/08\/futsal-ushuaiense-300x185.jpg\" alt=\"futsal ushuaiense\" width=\"300\" height=\"185\" srcset=\"http:\/\/labestiadeportiva.com\/lbd\/wp-content\/uploads\/2015\/08\/futsal-ushuaiense-300x185.jpg 300w, http:\/\/labestiadeportiva.com\/lbd\/wp-content\/uploads\/2015\/08\/futsal-ushuaiense.jpg 631w\" sizes=\"(max-width: 300px) 100vw, 300px\" \/><\/a>La selecci\u00f3n femenina de futsal partir\u00e1 hacia la ciudad del petr\u00f3leo, Comodoro Rivadavia, en las primeras horas del viernes 14. A partir del domingo 16 y hasta s\u00e1bado 22 competir\u00e1 en el Campeonato Argentino en tierra chubutense junto a otros 11 representativos. El s\u00e1bado 15 se efectuar\u00e1 la reuni\u00f3n previa de delegados como as\u00ed tambi\u00e9n la acreditaci\u00f3n de listas de buena fe. La foto es gentileza de Futsal Ushuaiense.<br \/>\n<!--more--><\/p>\n<p>El conjunto ushuaiense conducido por Anah\u00ed Vigil cerrar\u00e1 su preparaci\u00f3n este mi\u00e9rcoles por la tarde, desde las 19, en instalaciones del gimnasio de la Escuela Provincial N\u00ba 13.<\/p>\n<p>Se medir\u00e1 amistosamente ante los varones de Los Cuervos FDM, Asimismo la Federaci\u00f3n Ushuaiense aprovechar\u00e1 la oportunidad para hacer entrega de la indumentaria oficial.<\/p>\n<p>Desde LBD te contamos quienes ser\u00e1n las selecciones participantes como as\u00ed tambi\u00e9n las jugadores locales.<\/p>\n<p><span style=\"color: #0000ff;\">Nacional Femenino Chubut 2015<\/span><\/p>\n<p>Los equipos\u00a0participantes: Esquel,\u00a0C\u00f3rdoba,\u00a0Sarmiento,\u00a0Tucum\u00e1n,\u00a0Pico Truncado,\u00a0Ushuaia,\u00a0Comodoro Rivadavia,\u00a0Trelew,\u00a0R\u00edo Grande,\u00a0Puerto Deseado,\u00a0Mendoza,\u00a028 de Noviembre.<\/p>\n<p>El plantel:\u00a0<span style=\"color: #ff0000;\">Paola Mayorga, Azul P\u00e9rez, Viviana Limachi, Luc\u00eda Vel\u00e1zquez, Sol Jara, Gisel Silva, Roc\u00edo Correa, Marta Calpanchay, Yesica \u00c1lvarez, Melina Barbosa, Luc\u00eda Moyano, Cecilia Pino, Milagros G\u00f3mez y Maira Maidana.<\/span><\/p>\n<p>Cuerpo T\u00e9cnico:\u00a0D.T. Anah\u00ed Vigil, A.T. Carina Soto, P.F. Sebasti\u00e1n Arizmendi, Delegada: Sonia Ben\u00edtez.<\/p>\n<div class='epvc-post-count'><span class='epvc-eye'><\/span>  <span class=\"epvc-count\"> 1.199<\/span><span class='epvc-label'> veces le\u00edda<\/span><\/div>\n<div class=\"jwsharethis\">\nShare this: \n<br \/>\n<a href=\"mailto:?subject=Las%20%E2%80%9Cchicas%E2%80%9D%20a%20Comodoro&amp;body=http%3A%2F%2Flabestiadeportiva.com%2Flbd%2Flas-chicas-a-comodoro%2F\">\n<img src=\"http:\/\/labestiadeportiva.com\/lbd\/wp-content\/plugins\/jw-share-this\/email.png\" alt=\"Share this page via Email\" \/>\n<\/a>\n<a target=\"_blank\" href=\"http:\/\/www.stumbleupon.com\/submit?url=http%3A%2F%2Flabestiadeportiva.com%2Flbd%2Flas-chicas-a-comodoro%2F&amp;title=Las+%E2%80%9Cchicas%E2%80%9D+a+Comodoro\">\n<img src=\"http:\/\/labestiadeportiva.com\/lbd\/wp-content\/plugins\/jw-share-this\/su.png\" alt=\"Share this page via Stumble Upon\" \/>\n<\/a>\n<a target=\"_blank\" href=\"http:\/\/digg.com\/submit?url=http%3A%2F%2Flabestiadeportiva.com%2Flbd%2Flas-chicas-a-comodoro%2F&amp;title=Las+%E2%80%9Cchicas%E2%80%9D+a+Comodoro\">\n<img src=\"http:\/\/labestiadeportiva.com\/lbd\/wp-content\/plugins\/jw-share-this\/digg.png\" alt=\"Share this page via Digg this\" \/>\n<\/a>\n<a target=\"_blank\" href=\"http:\/\/www.facebook.com\/sharer.php?u=http%3A%2F%2Flabestiadeportiva.com%2Flbd%2Flas-chicas-a-comodoro%2F&amp;t=Las+%E2%80%9Cchicas%E2%80%9D+a+Comodoro\">\n<img src=\"http:\/\/labestiadeportiva.com\/lbd\/wp-content\/plugins\/jw-share-this\/fb.png\" alt=\"Share this page via Facebook\" \/>\n<\/a>\n<a target=\"_blank\" href=\"http:\/\/twitter.com\/intent\/tweet?text=I+like+http%3A%2F%2Flabestiadeportiva.com%2Flbd%2Flas-chicas-a-comodoro%2F&amp;title=Las+%E2%80%9Cchicas%E2%80%9D+a+Comodoro\">\n<img src=\"http:\/\/labestiadeportiva.com\/lbd\/wp-content\/plugins\/jw-share-this\/twitter.png\" alt=\"Share this page via Twitter\" \/>\n<\/a>\n<\/div>\n","protected":false},"excerpt":{"rendered":"<p>La selecci\u00f3n femenina de futsal partir\u00e1 hacia la ciudad del petr\u00f3leo, Comodoro Rivadavia, en las primeras horas del viernes 14. A partir del domingo 16 y hasta s\u00e1bado 22 competir\u00e1 en el Campeonato Argentino en tierra chubutense junto a otros 11 representativos. El s\u00e1bado 15 se efectuar\u00e1 la reuni\u00f3n previa de delegados como as\u00ed tambi\u00e9n &hellip; <a href=\"http:\/\/labestiadeportiva.com\/lbd\/las-chicas-a-comodoro\/\" class=\"more-link\">Seguir leyendo <span class=\"screen-reader-text\">Las \u201cchicas\u201d a Comodoro<\/span> <span class=\"meta-nav\">&rarr;<\/span><\/a><\/p>\n","protected":false},"author":1,"featured_media":16767,"comment_status":"open","ping_status":"open","sticky":false,"template":"","format":"standard","meta":[],"categories":[5,6,31,1],"tags":[1467,215,4833,2301],"_links":{"self":[{"href":"http:\/\/labestiadeportiva.com\/lbd\/wp-json\/wp\/v2\/posts\/16766"}],"collection":[{"href":"http:\/\/labestiadeportiva.com\/lbd\/wp-json\/wp\/v2\/posts"}],"about":[{"href":"http:\/\/labestiadeportiva.com\/lbd\/wp-json\/wp\/v2\/types\/post"}],"author":[{"embeddable":true,"href":"http:\/\/labestiadeportiva.com\/lbd\/wp-json\/wp\/v2\/users\/1"}],"replies":[{"embeddable":true,"href":"http:\/\/labestiadeportiva.com\/lbd\/wp-json\/wp\/v2\/comments?post=16766"}],"version-history":[{"count":1,"href":"http:\/\/labestiadeportiva.com\/lbd\/wp-json\/wp\/v2\/posts\/16766\/revisions"}],"predecessor-version":[{"id":16768,"href":"http:\/\/labestiadeportiva.com\/lbd\/wp-json\/wp\/v2\/posts\/16766\/revisions\/16768"}],"wp:featuredmedia":[{"embeddable":true,"href":"http:\/\/labestiadeportiva.com\/lbd\/wp-json\/wp\/v2\/media\/16767"}],"wp:attachment":[{"href":"http:\/\/labestiadeportiva.com\/lbd\/wp-json\/wp\/v2\/media?parent=16766"}],"wp:term":[{"taxonomy":"category","embeddable":true,"href":"http:\/\/labestiadeportiva.com\/lbd\/wp-json\/wp\/v2\/categories?post=16766"},{"taxonomy":"post_tag","embeddable":true,"href":"http:\/\/labestiadeportiva.com\/lbd\/wp-json\/wp\/v2\/tags?post=16766"}],"curies":[{"name":"wp","href":"https:\/\/api.w.org\/{rel}","templated":true}]}}