{"id":16769,"date":"2015-08-14T06:42:13","date_gmt":"2015-08-14T09:42:13","guid":{"rendered":"http:\/\/labestiadeportiva.com\/lbd\/?p=16769"},"modified":"2015-08-14T06:42:13","modified_gmt":"2015-08-14T09:42:13","slug":"gph-en-marcha","status":"publish","type":"post","link":"http:\/\/labestiadeportiva.com\/lbd\/gph-en-marcha\/","title":{"rendered":"GPH en marcha"},"content":{"rendered":"<p>Por Mauricio Zentner Lavori (Automovilismo para LBD)<\/p>\n<p><a href=\"http:\/\/labestiadeportiva.com\/lbd\/wp-content\/uploads\/2015\/08\/MZL-4.jpg\"><img loading=\"lazy\" class=\"alignleft size-medium wp-image-16770\" src=\"http:\/\/labestiadeportiva.com\/lbd\/wp-content\/uploads\/2015\/08\/MZL-4-300x225.jpg\" alt=\"MZL 4\" width=\"300\" height=\"225\" srcset=\"http:\/\/labestiadeportiva.com\/lbd\/wp-content\/uploads\/2015\/08\/MZL-4-300x225.jpg 300w, http:\/\/labestiadeportiva.com\/lbd\/wp-content\/uploads\/2015\/08\/MZL-4-1024x768.jpg 1024w, http:\/\/labestiadeportiva.com\/lbd\/wp-content\/uploads\/2015\/08\/MZL-4.jpg 2048w\" sizes=\"(max-width: 300px) 100vw, 300px\" \/><\/a><\/p>\n<p>La cuenta regresiva lleg\u00f3 a cero, los galpones de Vialidad Provincial ya fueron el epicentro para el paso de los 37 binomios de Ushuaia y hoy desde las 13 horas se largar\u00e1 el clasificatorio, con el objetivo de encolumnar a los 229 inscriptos para la primera etapa de ma\u00f1ana. <!--moreLeer nota completa --><\/p>\n<p>Si hablamos de un evento que marca el automovilismo de la Tierra del Fuego no nos quedan dudas de que la Hermandad, el Gran Premio argentino &#8211; chileno, es la competencia emblem\u00e1tica y tradicional por estas latitudes. Hoy se iniciar\u00e1 oficialmente la 42\u00aa edici\u00f3n con la disputa del clasificatorio desde el Bajo Aeronaval hasta la zona de El Tropez\u00f3n, en Rio Grande.<\/p>\n<p>Las acciones comenzar\u00e1n a partir de las 8.30 donde los pilotos entrar\u00e1n en r\u00e9gimen de parque cerrado en el Aut\u00f3dromo de aquella ciudad. Hasta las 9.15 lo har\u00e1n los segmentos A, B, C, luego hasta las 10 la categor\u00eda D, y de ah\u00ed hasta las 10.45 los segmentos E, F, G.<\/p>\n<p>Posteriormente, y tambi\u00e9n segmentados de esa manera, saldr\u00e1n a hacer el reconocimiento de ruta de lo que ser\u00e1 el clasificatorio antes de que, en horas del mediod\u00eda, se de inicio al mismo. Esta exigencia deber\u00e1n hacerla las siete categor\u00edas, cada 1 minuto y aquel auto que no clasifique largar\u00e1 la 1\u00aa etapa por ranking despu\u00e9s del \u00faltimo auto clasificado. Este registro s\u00f3lo determinar\u00e1 el orden de largada para ma\u00f1ana s\u00e1bado, mientras que el domingo las ubicaciones se dar\u00e1n de acuerdo a los tiempos de la etapa inicial.<\/p>\n<p>Como dijimos, el s\u00e1bado ser\u00e1 el momento de salir a la ruta para desandar la basta cantidad de kil\u00f3metros entre territorio nacional y trasandino. Desde las 7 de la ma\u00f1ana empezar\u00e1n a llegar las unidades al Aut\u00f3dromo de la ciudad de R\u00edo Grande. Entre las 7:45 y las 8:30 se desarrollar\u00e1n los actos protocolares de rigor y desde las 9:00 el primer binomio de la categor\u00eda menor empezar\u00e1 a desandar los m\u00e1s de 400 kil\u00f3metros que separan R\u00edo Grande con la ciudad de Puerto Porvenir.\u00a0Antes de dirigirse hacia la zona de largada, las autoridades han decidido hacer una especie de rampa simb\u00f3lica en la zona de boxes del coliseo riograndense para luego s\u00ed encolumnarse en el tomatiempos, en el bajo aeronaval.<\/p>\n<p>El domingo, con el mismo horario ya que la hora oficial es argentina esta vez, har\u00e1n lo propio desde Porvenir con destino a RG para finalizar con la m\u00edtica prueba.<\/p>\n<p>Por el lado de Ushuaia, si bien se inscribieron 37 unidades, cabe destacar la baja de los hermanos Mu\u00f1oz en la D que dieron ardua batalla el a\u00f1o pasado y resta por confirmar si el resto super\u00f3 sin inconvenientes la verificaci\u00f3n de ayer en Vialidad Provincial. En tanto, la\u00a0presencia de varios debutantes como Nicol\u00e1s Ciccarella en la C, Toni Barria y Danielito Preto en la D, Sofia Pad\u00edn en la E y Diego Jerez en la F, muestran esta pasi\u00f3n que sigue creciendo y forjando a la nueva generaci\u00f3n de pilotos que intentar\u00e1n mantener los grandes resultados de nuestra ciudad en esta competencia.<\/p>\n<p>Y en lo que respecta a los candidatos, el segmento D tendr\u00e1 al interminable Norberto Pavlov acompa\u00f1ado por su hijo Emilio, el retorno a las pistas de Mart\u00edn C\u00e1rdenas junto a Marcelo Garro, la estirpe del gran Roberto Orellana como estandartes principales; sumando en la E lo que pueda hacer Pablo Godoy.<\/p>\n<p>En la F se destaca el binomio Praussello &#8211; Wilder que viene de hacer podio hace una temporada atr\u00e1s junto con Adri\u00e1n Fernandino y la vuelta de Gustavo D&#8217;angelo navegado por su hermano Javier. En la G habr\u00e1 varios como Daniel y Ruggero Preto, Jorge Greco y Daniel Pad\u00edn, que no estaba en el primer listado que envi\u00f3 la organizaci\u00f3n pero despu\u00e9s efectiviz\u00f3 su presencia.<\/p>\n<p>Las alternativas podr\u00e1n seguirse mediante la transmisi\u00f3n oficial de FM Fuego 90.1, la cual ser\u00e1 retransmitida por FM Fundaci\u00f3n Austral 103.1 en Ushuaia.\u00a0Sin lugar a dudas una 42\u00aa edici\u00f3n que se las trae, con enorme presencia capitalina y la ilusi\u00f3n de traer una nueva copa para la ciudad m\u00e1s austral del mundo.<\/p>\n<p>Suerte a todos los protagonistas!<\/p>\n<p>&nbsp;<\/p>\n<p><span style=\"color: #ff0000;\">Listado de Inscriptos &#8211; Ushuaia<\/span><\/p>\n<p><span style=\"color: #0000ff;\">Categor\u00eda \u201cD\u201d<\/span><\/p>\n<p>N\u00ba Piloto \u2013 Navegante Auto<\/p>\n<p>410 Roberto Orellana \u2013 Dar\u00edo Roa VW Gol<\/p>\n<p>411 Fernando Mu\u00f1oz \u2013 Javier Mu\u00f1oz VW Gol<\/p>\n<p>420 Pe\u00f1a R Y C Competici\u00f3n (Rodriguez\/Von Mundhart) Chevrolet Corsa<\/p>\n<p>426 Norberto Pavlov \u2013 Emilio Pavlov VW Gol<\/p>\n<p>427 Pe\u00f1a Vm Competici\u00f3n (Von Mundhart Alan\/Joel) VW Gol<\/p>\n<p>430 Carlos C\u00e1rcamo \u2013 Enrique C\u00e1rcamo VW Gol<\/p>\n<p>428 Gustavo Fontenla \u2013 Alberto Calder\u00f3n VW Gol<\/p>\n<p>457 Joaqu\u00edn Praussello \u2013 Lucas Garro VW Gol<\/p>\n<p>459 Nerio Sartini \u2013 Hiram Ru\u00edz Ford Ka<\/p>\n<p>479 Pe\u00f1a Lazu &#8211; Cumelcan (Deane Pablo) Ford Ka<\/p>\n<p>484 Pe\u00f1a Jg Rally ( Nicol\u00e1s Jara) VW Gol<\/p>\n<p>505 H\u00e9ctor Magallanes \u2013 Ricardo Otei VW Gol<\/p>\n<p>510 Javier Soto \u2013 Jos\u00e9 Aravena VW Gol<\/p>\n<p>518 Antonio Barr\u00eda \u2013 Alejandro Uribe VW Gol<\/p>\n<p>526 Daniel Preto (h) \u2013 Pablo Barr\u00eda VW Gol<\/p>\n<p>530 Ezequiel Coliague \u2013 Maximiliano Coliague VW Gol<\/p>\n<p>534 Gast\u00f3n Guti\u00e9rrez \u2013 Sebasti\u00e1n Tossen VW Gol<\/p>\n<p>535 Mart\u00edn C\u00e1rdenas \u2013 Marcelo Garro VW Gol<\/p>\n<p><a href=\"http:\/\/labestiadeportiva.com\/lbd\/wp-content\/uploads\/2015\/08\/11889465_881519458585317_6825244787215051265_n.jpg\"><img loading=\"lazy\" class=\"alignleft  wp-image-16784\" src=\"http:\/\/labestiadeportiva.com\/lbd\/wp-content\/uploads\/2015\/08\/11889465_881519458585317_6825244787215051265_n-300x169.jpg\" alt=\"11889465_881519458585317_6825244787215051265_n\" width=\"391\" height=\"220\" srcset=\"http:\/\/labestiadeportiva.com\/lbd\/wp-content\/uploads\/2015\/08\/11889465_881519458585317_6825244787215051265_n-300x169.jpg 300w, http:\/\/labestiadeportiva.com\/lbd\/wp-content\/uploads\/2015\/08\/11889465_881519458585317_6825244787215051265_n.jpg 960w\" sizes=\"(max-width: 391px) 100vw, 391px\" \/><\/a><\/p>\n<p>&nbsp;<\/p>\n<p>&nbsp;<\/p>\n<p>&nbsp;<\/p>\n<p>&nbsp;<\/p>\n<p>&nbsp;<\/p>\n<p>&nbsp;<\/p>\n<p><span style=\"color: #0000ff;\">Categor\u00eda \u201cE\u201d <\/span><\/p>\n<p>N\u00ba Piloto \u2013 Navegante Auto<\/p>\n<p>614 Pablo Godoy \u2013 Marcelo Carazo Honda Fit<\/p>\n<p>648 Pe\u00f1a Rb Competici\u00f3n ( Padin \/ Echazarreta) Suzuki Swift<\/p>\n<p>&nbsp;<\/p>\n<p><span style=\"color: #0000ff;\">Categor\u00eda \u201cF\u201d <\/span><\/p>\n<p>N\u00ba Piloto \u2013 Navegante Auto<\/p>\n<p>704 Fernando Praussello \u2013 Sebasti\u00e1n Wilder Fiat Palio<\/p>\n<p>705 Adri\u00e1n Fernandino \u2013 Roberto Aravena VW Gol<\/p>\n<p>710 Rub\u00e9n Marchan \u2013 Carlos Vera VW Gol<\/p>\n<p>717 Julio Sarmiento \u2013 Cristian C\u00e1rcamo VW Gol<\/p>\n<p>721 Hugo \u00c1lvarez \u2013 Julio Nelli VW Gol<\/p>\n<p>726 Pe\u00f1a Leal Hns (Leal Cristian \/ Mat\u00edas) VW Gacel<\/p>\n<p>745 Diego Jerez \u2013 Miguel Jerez VW Gol<\/p>\n<p>746 Gustavo D\u00b4Angelo \u2013 Javier D\u00b4Angelo VW Senda<\/p>\n<p>747 Jonatan Villareal \u2013 Cristian Neiras Renault Fuego Gtx<\/p>\n<p>&nbsp;<\/p>\n<p><span style=\"color: #0000ff;\">Categor\u00eda \u201cG\u201d<\/span><\/p>\n<p>N\u00ba Piloto \u2013 Navegante Auto<\/p>\n<p>806 Jorge Greco \u2013 Jorge Lechman Citroen C4<\/p>\n<p>807 Ruggero Preto \u2013 Facundo Peix Honda Civic SI<\/p>\n<p>811 Ariel Ermaliuk \u2013 Mart\u00edn Chinicola Honda Civic Lxs<\/p>\n<p>818 Pe\u00f1a Vm Competici\u00f3n 2 (Von Mundhart Ariel \/ Edgardo) Ford Escort<\/p>\n<p>833 Daniel Preto \u2013 Samdro Morales Honda Civic SI<\/p>\n<p>836 Daniel Pad\u00edn \u2013 Sandra Palavecino Honda Acura RSX<\/p>\n<div class='epvc-post-count'><span class='epvc-eye'><\/span>  <span class=\"epvc-count\"> 1.125<\/span><span class='epvc-label'> veces le\u00edda<\/span><\/div>\n<div class=\"jwsharethis\">\nShare this: \n<br \/>\n<a href=\"mailto:?subject=GPH%20en%20marcha&amp;body=http%3A%2F%2Flabestiadeportiva.com%2Flbd%2Fgph-en-marcha%2F\">\n<img src=\"http:\/\/labestiadeportiva.com\/lbd\/wp-content\/plugins\/jw-share-this\/email.png\" alt=\"Share this page via Email\" \/>\n<\/a>\n<a target=\"_blank\" href=\"http:\/\/www.stumbleupon.com\/submit?url=http%3A%2F%2Flabestiadeportiva.com%2Flbd%2Fgph-en-marcha%2F&amp;title=GPH+en+marcha\">\n<img src=\"http:\/\/labestiadeportiva.com\/lbd\/wp-content\/plugins\/jw-share-this\/su.png\" alt=\"Share this page via Stumble Upon\" \/>\n<\/a>\n<a target=\"_blank\" href=\"http:\/\/digg.com\/submit?url=http%3A%2F%2Flabestiadeportiva.com%2Flbd%2Fgph-en-marcha%2F&amp;title=GPH+en+marcha\">\n<img src=\"http:\/\/labestiadeportiva.com\/lbd\/wp-content\/plugins\/jw-share-this\/digg.png\" alt=\"Share this page via Digg this\" \/>\n<\/a>\n<a target=\"_blank\" href=\"http:\/\/www.facebook.com\/sharer.php?u=http%3A%2F%2Flabestiadeportiva.com%2Flbd%2Fgph-en-marcha%2F&amp;t=GPH+en+marcha\">\n<img src=\"http:\/\/labestiadeportiva.com\/lbd\/wp-content\/plugins\/jw-share-this\/fb.png\" alt=\"Share this page via Facebook\" \/>\n<\/a>\n<a target=\"_blank\" href=\"http:\/\/twitter.com\/intent\/tweet?text=I+like+http%3A%2F%2Flabestiadeportiva.com%2Flbd%2Fgph-en-marcha%2F&amp;title=GPH+en+marcha\">\n<img src=\"http:\/\/labestiadeportiva.com\/lbd\/wp-content\/plugins\/jw-share-this\/twitter.png\" alt=\"Share this page via Twitter\" \/>\n<\/a>\n<\/div>\n","protected":false},"excerpt":{"rendered":"<p>Por Mauricio Zentner Lavori (Automovilismo para LBD) La cuenta regresiva lleg\u00f3 a cero, los galpones de Vialidad Provincial ya fueron el epicentro para el paso de los 37 binomios de Ushuaia y hoy desde las 13 horas se largar\u00e1 el clasificatorio, con el objetivo de encolumnar a los 229 inscriptos para la primera etapa de &hellip; <a href=\"http:\/\/labestiadeportiva.com\/lbd\/gph-en-marcha\/\" class=\"more-link\">Seguir leyendo <span class=\"screen-reader-text\">GPH en marcha<\/span> <span class=\"meta-nav\">&rarr;<\/span><\/a><\/p>\n","protected":false},"author":1,"featured_media":16770,"comment_status":"open","ping_status":"open","sticky":false,"template":"","format":"standard","meta":[],"categories":[5,4,1],"tags":[],"_links":{"self":[{"href":"http:\/\/labestiadeportiva.com\/lbd\/wp-json\/wp\/v2\/posts\/16769"}],"collection":[{"href":"http:\/\/labestiadeportiva.com\/lbd\/wp-json\/wp\/v2\/posts"}],"about":[{"href":"http:\/\/labestiadeportiva.com\/lbd\/wp-json\/wp\/v2\/types\/post"}],"author":[{"embeddable":true,"href":"http:\/\/labestiadeportiva.com\/lbd\/wp-json\/wp\/v2\/users\/1"}],"replies":[{"embeddable":true,"href":"http:\/\/labestiadeportiva.com\/lbd\/wp-json\/wp\/v2\/comments?post=16769"}],"version-history":[{"count":2,"href":"http:\/\/labestiadeportiva.com\/lbd\/wp-json\/wp\/v2\/posts\/16769\/revisions"}],"predecessor-version":[{"id":16785,"href":"http:\/\/labestiadeportiva.com\/lbd\/wp-json\/wp\/v2\/posts\/16769\/revisions\/16785"}],"wp:featuredmedia":[{"embeddable":true,"href":"http:\/\/labestiadeportiva.com\/lbd\/wp-json\/wp\/v2\/media\/16770"}],"wp:attachment":[{"href":"http:\/\/labestiadeportiva.com\/lbd\/wp-json\/wp\/v2\/media?parent=16769"}],"wp:term":[{"taxonomy":"category","embeddable":true,"href":"http:\/\/labestiadeportiva.com\/lbd\/wp-json\/wp\/v2\/categories?post=16769"},{"taxonomy":"post_tag","embeddable":true,"href":"http:\/\/labestiadeportiva.com\/lbd\/wp-json\/wp\/v2\/tags?post=16769"}],"curies":[{"name":"wp","href":"https:\/\/api.w.org\/{rel}","templated":true}]}}