{"id":16778,"date":"2015-08-13T19:01:29","date_gmt":"2015-08-13T22:01:29","guid":{"rendered":"http:\/\/labestiadeportiva.com\/lbd\/?p=16778"},"modified":"2015-08-13T19:01:29","modified_gmt":"2015-08-13T22:01:29","slug":"calculamos-alrededor-de-400-participantes-audio","status":"publish","type":"post","link":"http:\/\/labestiadeportiva.com\/lbd\/calculamos-alrededor-de-400-participantes-audio\/","title":{"rendered":"\u00abCalculamos alrededor de 400 participantes\u00bb (Audio)"},"content":{"rendered":"<p><a href=\"http:\/\/labestiadeportiva.com\/lbd\/wp-content\/uploads\/2015\/08\/MG_2556.jpg\"><img loading=\"lazy\" class=\"alignleft size-medium wp-image-16779\" src=\"http:\/\/labestiadeportiva.com\/lbd\/wp-content\/uploads\/2015\/08\/MG_2556-300x180.jpg\" alt=\"_MG_2556\" width=\"300\" height=\"180\" srcset=\"http:\/\/labestiadeportiva.com\/lbd\/wp-content\/uploads\/2015\/08\/MG_2556-300x180.jpg 300w, http:\/\/labestiadeportiva.com\/lbd\/wp-content\/uploads\/2015\/08\/MG_2556.jpg 800w\" sizes=\"(max-width: 300px) 100vw, 300px\" \/><\/a>El domingo a media ma\u00f1ana, minutos despu\u00e9s de las 11, en el Centro Invernal Tierra Mayor se iniciar\u00e1 la 29\u00ba edici\u00f3n de la Marchablanca. Habr\u00e1 tres recorridos 21, 10 y 1.5 k. El viernes de 16 a 20 y s\u00e1bado de 10 a 13 en el Y\u00e1mana Bar entrega de dorsales e inscripciones. Desde LBD dialogamos con el profesor Pablo Valcheff, compartimos la entrevista lograda en la 94.1 FM del Sur.<!--more--><\/p>\n<p><iframe loading=\"lazy\" src=\"https:\/\/www.youtube.com\/embed\/MQNM8-kdf9E\" width=\"420\" height=\"315\" frameborder=\"0\" allowfullscreen=\"allowfullscreen\"><\/iframe><\/p>\n<div class='epvc-post-count'><span class='epvc-eye'><\/span>  <span class=\"epvc-count\"> 1.087<\/span><span class='epvc-label'> veces le\u00edda<\/span><\/div>\n<div class=\"jwsharethis\">\nShare this: \n<br \/>\n<a href=\"mailto:?subject=%C2%ABCalculamos%20alrededor%20de%20400%20participantes%C2%BB%20%28Audio%29&amp;body=http%3A%2F%2Flabestiadeportiva.com%2Flbd%2Fcalculamos-alrededor-de-400-participantes-audio%2F\">\n<img src=\"http:\/\/labestiadeportiva.com\/lbd\/wp-content\/plugins\/jw-share-this\/email.png\" alt=\"Share this page via Email\" \/>\n<\/a>\n<a target=\"_blank\" href=\"http:\/\/www.stumbleupon.com\/submit?url=http%3A%2F%2Flabestiadeportiva.com%2Flbd%2Fcalculamos-alrededor-de-400-participantes-audio%2F&amp;title=%C2%ABCalculamos+alrededor+de+400+participantes%C2%BB+%28Audio%29\">\n<img src=\"http:\/\/labestiadeportiva.com\/lbd\/wp-content\/plugins\/jw-share-this\/su.png\" alt=\"Share this page via Stumble Upon\" \/>\n<\/a>\n<a target=\"_blank\" href=\"http:\/\/digg.com\/submit?url=http%3A%2F%2Flabestiadeportiva.com%2Flbd%2Fcalculamos-alrededor-de-400-participantes-audio%2F&amp;title=%C2%ABCalculamos+alrededor+de+400+participantes%C2%BB+%28Audio%29\">\n<img src=\"http:\/\/labestiadeportiva.com\/lbd\/wp-content\/plugins\/jw-share-this\/digg.png\" alt=\"Share this page via Digg this\" \/>\n<\/a>\n<a target=\"_blank\" href=\"http:\/\/www.facebook.com\/sharer.php?u=http%3A%2F%2Flabestiadeportiva.com%2Flbd%2Fcalculamos-alrededor-de-400-participantes-audio%2F&amp;t=%C2%ABCalculamos+alrededor+de+400+participantes%C2%BB+%28Audio%29\">\n<img src=\"http:\/\/labestiadeportiva.com\/lbd\/wp-content\/plugins\/jw-share-this\/fb.png\" alt=\"Share this page via Facebook\" \/>\n<\/a>\n<a target=\"_blank\" href=\"http:\/\/twitter.com\/intent\/tweet?text=I+like+http%3A%2F%2Flabestiadeportiva.com%2Flbd%2Fcalculamos-alrededor-de-400-participantes-audio%2F&amp;title=%C2%ABCalculamos+alrededor+de+400+participantes%C2%BB+%28Audio%29\">\n<img src=\"http:\/\/labestiadeportiva.com\/lbd\/wp-content\/plugins\/jw-share-this\/twitter.png\" alt=\"Share this page via Twitter\" \/>\n<\/a>\n<\/div>\n","protected":false},"excerpt":{"rendered":"<p>El domingo a media ma\u00f1ana, minutos despu\u00e9s de las 11, en el Centro Invernal Tierra Mayor se iniciar\u00e1 la 29\u00ba edici\u00f3n de la Marchablanca. Habr\u00e1 tres recorridos 21, 10 y 1.5 k. El viernes de 16 a 20 y s\u00e1bado de 10 a 13 en el Y\u00e1mana Bar entrega de dorsales e inscripciones. Desde LBD &hellip; <a href=\"http:\/\/labestiadeportiva.com\/lbd\/calculamos-alrededor-de-400-participantes-audio\/\" class=\"more-link\">Seguir leyendo <span class=\"screen-reader-text\">\u00abCalculamos alrededor de 400 participantes\u00bb (Audio)<\/span> <span class=\"meta-nav\">&rarr;<\/span><\/a><\/p>\n","protected":false},"author":1,"featured_media":16781,"comment_status":"open","ping_status":"open","sticky":false,"template":"","format":"standard","meta":[],"categories":[5,4,6,41,29,1],"tags":[4836,4838,4832,830],"_links":{"self":[{"href":"http:\/\/labestiadeportiva.com\/lbd\/wp-json\/wp\/v2\/posts\/16778"}],"collection":[{"href":"http:\/\/labestiadeportiva.com\/lbd\/wp-json\/wp\/v2\/posts"}],"about":[{"href":"http:\/\/labestiadeportiva.com\/lbd\/wp-json\/wp\/v2\/types\/post"}],"author":[{"embeddable":true,"href":"http:\/\/labestiadeportiva.com\/lbd\/wp-json\/wp\/v2\/users\/1"}],"replies":[{"embeddable":true,"href":"http:\/\/labestiadeportiva.com\/lbd\/wp-json\/wp\/v2\/comments?post=16778"}],"version-history":[{"count":1,"href":"http:\/\/labestiadeportiva.com\/lbd\/wp-json\/wp\/v2\/posts\/16778\/revisions"}],"predecessor-version":[{"id":16782,"href":"http:\/\/labestiadeportiva.com\/lbd\/wp-json\/wp\/v2\/posts\/16778\/revisions\/16782"}],"wp:featuredmedia":[{"embeddable":true,"href":"http:\/\/labestiadeportiva.com\/lbd\/wp-json\/wp\/v2\/media\/16781"}],"wp:attachment":[{"href":"http:\/\/labestiadeportiva.com\/lbd\/wp-json\/wp\/v2\/media?parent=16778"}],"wp:term":[{"taxonomy":"category","embeddable":true,"href":"http:\/\/labestiadeportiva.com\/lbd\/wp-json\/wp\/v2\/categories?post=16778"},{"taxonomy":"post_tag","embeddable":true,"href":"http:\/\/labestiadeportiva.com\/lbd\/wp-json\/wp\/v2\/tags?post=16778"}],"curies":[{"name":"wp","href":"https:\/\/api.w.org\/{rel}","templated":true}]}}