{"id":16820,"date":"2015-08-17T16:00:48","date_gmt":"2015-08-17T19:00:48","guid":{"rendered":"http:\/\/labestiadeportiva.com\/lbd\/?p=16820"},"modified":"2015-08-17T16:10:47","modified_gmt":"2015-08-17T19:10:47","slug":"por-la-victoria-a-rafaela","status":"publish","type":"post","link":"http:\/\/labestiadeportiva.com\/lbd\/por-la-victoria-a-rafaela\/","title":{"rendered":"Por la victoria a Rafaela"},"content":{"rendered":"<p><a href=\"http:\/\/labestiadeportiva.com\/lbd\/wp-content\/uploads\/2015\/08\/Yerobi1.jpg\"><img loading=\"lazy\" class=\"alignleft size-medium wp-image-16821\" src=\"http:\/\/labestiadeportiva.com\/lbd\/wp-content\/uploads\/2015\/08\/Yerobi1-300x163.jpg\" alt=\"Yerobi1\" width=\"300\" height=\"163\" srcset=\"http:\/\/labestiadeportiva.com\/lbd\/wp-content\/uploads\/2015\/08\/Yerobi1-300x163.jpg 300w, http:\/\/labestiadeportiva.com\/lbd\/wp-content\/uploads\/2015\/08\/Yerobi1.jpg 674w\" sizes=\"(max-width: 300px) 100vw, 300px\" \/><\/a>Luego de haber alcanzado la segunda ubicaci\u00f3n en la fecha pasada y ascender en funci\u00f3n de la ubicaci\u00f3n que ocupa en el campeonato el piloto ushuaiense, Lucas Yerobi, conf\u00eda en alargar su buen momento tratando de conseguir otro resultado positivo dentro del Turismo Pista Clase 3, en este caso en Rafaela, escenario que visitar\u00e1 por primera vez tal como ocurre con la gran mayor\u00eda de participantes. Fuente y foto prensa Lucas Yerobi.<!--more--><\/p>\n<p>Pensando en mantener el rendimiento evidenciado en La Plata, los trabajos durante el receso de cinco semanas se han centrado en un repaso general sobre el VW Trend junto a Lucas Benincasa, al tiempo que Sebasti\u00e1n Colombo recuper\u00f3 el motor que hab\u00eda mostrado algunas falencias durante parte del fin de semana, poni\u00e9ndolo a punto para poder tenerlo en uso en el transcurso de la pr\u00f3xima competencia.<\/p>\n<p>Si bien la idea primordial del piloto de Tierra del Fuego es la de ir en busca de una sumatoria de puntos importante, el hecho de contar con puntaje y medio en juego, hace que la victoria signifique un valioso premio para poder lanzarse de lleno a la disputa por el t\u00edtulo, motivo por el cual all\u00ed estar\u00e1 centrado el objetivo de Yerobi, manteniendo la calma y tratando de estar en el lote de punta desde el comienzo de la actividad.<\/p>\n<p><span style=\"color: #0000ff;\">\u00abEl segundo lugar conseguido en la fecha pasada fue un impulso importante para encarar la segunda parte del a\u00f1o, donde intentaremos sacar provecho de las fechas con puntaje y medio para poder descontar en la lucha por la primera ubicaci\u00f3n del campeonato. <\/span><\/p>\n<p><span style=\"color: #0000ff;\">No conozco Rafaela pero llegamos con varias mejoras sobre el auto y tratar\u00e9 de adaptarme r\u00e1pido durante las pruebas del viernes para clasificar lo m\u00e1s adelante posible y afrontar la continuidad del fin de semana con chances de podio\u00bb<\/span> expres\u00f3 Lucas, quien se mantiene en el quinto lugar del campeonato dentro del TP Clase 3.<\/p>\n<p>La actividad para Yerobi comenzar\u00e1 el viernes con las tandas de pruebas, previstas para las 9.30, 11.15 y 14.35 horas respectivamente, mientras que la clasificaci\u00f3n se llevar\u00e1 a cabo a partir de las 16.40 horas.<\/p>\n<p>El s\u00e1bado, las series est\u00e1n previstas para las 14.20 con seis vueltas por recorrer, mientras que el d\u00eda domingo se llevar\u00e1 a cabo la carrera final, con horario a confirmar y contando con televisaci\u00f3n a trav\u00e9s de la pantalla de Canal 13, en vivo y en directo.<\/p>\n<p>Lucas Yerobi agradece el apoyo brindado a \u201cGr\u00faas Delta, Agua Jony, Hertz, Orange Car Wash, Seinco Servicios y Log\u00edstica, VM Repuestos, Municipalidad de Ushuaia, El Diario Del Fin Del Mundo, Pizza Bely, La 97 Radio Fueguina, Escale Andina, Argentina Publicidad, John Foos, La Cien.1, Azzurra, El Gran Corsini, Almar Construcciones y Club Del Pastor Blanco Suizo\u201d<\/p>\n<div class='epvc-post-count'><span class='epvc-eye'><\/span>  <span class=\"epvc-count\"> 1.022<\/span><span class='epvc-label'> veces le\u00edda<\/span><\/div>\n<div class=\"jwsharethis\">\nShare this: \n<br \/>\n<a href=\"mailto:?subject=Por%20la%20victoria%20a%20Rafaela&amp;body=http%3A%2F%2Flabestiadeportiva.com%2Flbd%2Fpor-la-victoria-a-rafaela%2F\">\n<img src=\"http:\/\/labestiadeportiva.com\/lbd\/wp-content\/plugins\/jw-share-this\/email.png\" alt=\"Share this page via Email\" \/>\n<\/a>\n<a target=\"_blank\" href=\"http:\/\/www.stumbleupon.com\/submit?url=http%3A%2F%2Flabestiadeportiva.com%2Flbd%2Fpor-la-victoria-a-rafaela%2F&amp;title=Por+la+victoria+a+Rafaela\">\n<img src=\"http:\/\/labestiadeportiva.com\/lbd\/wp-content\/plugins\/jw-share-this\/su.png\" alt=\"Share this page via Stumble Upon\" \/>\n<\/a>\n<a target=\"_blank\" href=\"http:\/\/digg.com\/submit?url=http%3A%2F%2Flabestiadeportiva.com%2Flbd%2Fpor-la-victoria-a-rafaela%2F&amp;title=Por+la+victoria+a+Rafaela\">\n<img src=\"http:\/\/labestiadeportiva.com\/lbd\/wp-content\/plugins\/jw-share-this\/digg.png\" alt=\"Share this page via Digg this\" \/>\n<\/a>\n<a target=\"_blank\" href=\"http:\/\/www.facebook.com\/sharer.php?u=http%3A%2F%2Flabestiadeportiva.com%2Flbd%2Fpor-la-victoria-a-rafaela%2F&amp;t=Por+la+victoria+a+Rafaela\">\n<img src=\"http:\/\/labestiadeportiva.com\/lbd\/wp-content\/plugins\/jw-share-this\/fb.png\" alt=\"Share this page via Facebook\" \/>\n<\/a>\n<a target=\"_blank\" href=\"http:\/\/twitter.com\/intent\/tweet?text=I+like+http%3A%2F%2Flabestiadeportiva.com%2Flbd%2Fpor-la-victoria-a-rafaela%2F&amp;title=Por+la+victoria+a+Rafaela\">\n<img src=\"http:\/\/labestiadeportiva.com\/lbd\/wp-content\/plugins\/jw-share-this\/twitter.png\" alt=\"Share this page via Twitter\" \/>\n<\/a>\n<\/div>\n","protected":false},"excerpt":{"rendered":"<p>Luego de haber alcanzado la segunda ubicaci\u00f3n en la fecha pasada y ascender en funci\u00f3n de la ubicaci\u00f3n que ocupa en el campeonato el piloto ushuaiense, Lucas Yerobi, conf\u00eda en alargar su buen momento tratando de conseguir otro resultado positivo dentro del Turismo Pista Clase 3, en este caso en Rafaela, escenario que visitar\u00e1 por &hellip; <a href=\"http:\/\/labestiadeportiva.com\/lbd\/por-la-victoria-a-rafaela\/\" class=\"more-link\">Seguir leyendo <span class=\"screen-reader-text\">Por la victoria a Rafaela<\/span> <span class=\"meta-nav\">&rarr;<\/span><\/a><\/p>\n","protected":false},"author":1,"featured_media":16821,"comment_status":"open","ping_status":"open","sticky":false,"template":"","format":"standard","meta":[],"categories":[2135,5,6,1],"tags":[86,152,808],"_links":{"self":[{"href":"http:\/\/labestiadeportiva.com\/lbd\/wp-json\/wp\/v2\/posts\/16820"}],"collection":[{"href":"http:\/\/labestiadeportiva.com\/lbd\/wp-json\/wp\/v2\/posts"}],"about":[{"href":"http:\/\/labestiadeportiva.com\/lbd\/wp-json\/wp\/v2\/types\/post"}],"author":[{"embeddable":true,"href":"http:\/\/labestiadeportiva.com\/lbd\/wp-json\/wp\/v2\/users\/1"}],"replies":[{"embeddable":true,"href":"http:\/\/labestiadeportiva.com\/lbd\/wp-json\/wp\/v2\/comments?post=16820"}],"version-history":[{"count":2,"href":"http:\/\/labestiadeportiva.com\/lbd\/wp-json\/wp\/v2\/posts\/16820\/revisions"}],"predecessor-version":[{"id":16823,"href":"http:\/\/labestiadeportiva.com\/lbd\/wp-json\/wp\/v2\/posts\/16820\/revisions\/16823"}],"wp:featuredmedia":[{"embeddable":true,"href":"http:\/\/labestiadeportiva.com\/lbd\/wp-json\/wp\/v2\/media\/16821"}],"wp:attachment":[{"href":"http:\/\/labestiadeportiva.com\/lbd\/wp-json\/wp\/v2\/media?parent=16820"}],"wp:term":[{"taxonomy":"category","embeddable":true,"href":"http:\/\/labestiadeportiva.com\/lbd\/wp-json\/wp\/v2\/categories?post=16820"},{"taxonomy":"post_tag","embeddable":true,"href":"http:\/\/labestiadeportiva.com\/lbd\/wp-json\/wp\/v2\/tags?post=16820"}],"curies":[{"name":"wp","href":"https:\/\/api.w.org\/{rel}","templated":true}]}}