{"id":16897,"date":"2015-08-21T15:39:26","date_gmt":"2015-08-21T18:39:26","guid":{"rendered":"http:\/\/labestiadeportiva.com\/lbd\/?p=16897"},"modified":"2015-08-21T15:39:26","modified_gmt":"2015-08-21T18:39:26","slug":"arriba-el-telon","status":"publish","type":"post","link":"http:\/\/labestiadeportiva.com\/lbd\/arriba-el-telon\/","title":{"rendered":"Arriba el tel\u00f3n"},"content":{"rendered":"<p>Por Daniel Campos (Corresponsal LBD en Palma de Mallorca, Espa\u00f1a)<\/p>\n<p><a href=\"http:\/\/labestiadeportiva.com\/lbd\/wp-content\/uploads\/2015\/08\/rosbergSpa.jpg\"><img loading=\"lazy\" class=\"alignleft size-medium wp-image-16898\" src=\"http:\/\/labestiadeportiva.com\/lbd\/wp-content\/uploads\/2015\/08\/rosbergSpa-300x169.jpg\" alt=\"rosbergSpa\" width=\"300\" height=\"169\" srcset=\"http:\/\/labestiadeportiva.com\/lbd\/wp-content\/uploads\/2015\/08\/rosbergSpa-300x169.jpg 300w, http:\/\/labestiadeportiva.com\/lbd\/wp-content\/uploads\/2015\/08\/rosbergSpa.jpg 630w\" sizes=\"(max-width: 300px) 100vw, 300px\" \/><\/a>Este fin de semana vuelve la F\u00f3rmula Uno, y lo hace desde un trazado m\u00edtico como es Spa Francorchamps, sede del Gran Premio de B\u00e9lgica. Tras las vacaciones de verano en territorio europeo, la m\u00e1xima categor\u00eda se traslada a las Ardenas.<br \/>\n<!--more--><\/p>\n<p>el circuito m\u00e1s largo del calendario 2015, unos siete kil\u00f3metros de longitud, los pilotos tras cubrir las 44 vueltas a la que esta pactado este gran premio, completaran un total 308,052 km de distancia de carrera.<\/p>\n<p>Un dibujo de alta velocidad, con grandes desniveles, con 19 curvas 10 a la izquierda y 9 a la derecha, son famosos sus rectas y enlazadas, como Eau Rouge-Raidillon, la horquilla La Source o la bajada Malmedy. Este viernes ya los pilotos tomaron contacto con el asfalto, en la sesi\u00f3n de la ma\u00f1ana\u00a0 destacaron como siempre los Mercedes Benz, con Rosberg y Hamilton dominando las acciones.<\/p>\n<p>esa misma sesi\u00f3n la sorpresa la dieron los hombres de Red Bull que se acercaron a los autos plateados, tal es el caso de Riciardo que se ubic\u00f3 en tercera posici\u00f3n con su Red Bull.<\/p>\n<p>Muy cerca de los monoplazas de la bebida energ\u00e9tica aparecieron los dos Ferrari muy juntos, Vettel , el \u00faltimo ganador antes del par\u00f3n y un entonado Kimi Raikkonen, que tras su renovaci\u00f3n de contrato por una a\u00f1o m\u00e1s con la casa de Maranello, se mostr\u00f3 muy r\u00e1pido con el otro Ferrari.<\/p>\n<p>nota de dramatismo la puso el venezolano Pastor Maldonado que sufri\u00f3 un fuerte golpe con su Lotus y dej\u00e1ndoles a sus mec\u00e1nicos, bastante trabajo por delante. Ya por la tarde, volvieron la trabajo los hombres y maquinas y se repiti\u00f3 la t\u00f3nica de la primera sesi\u00f3n, adelante los Mercedes, seguido por los dos Red Bull.<\/p>\n<p>mejor tiempo lo marc\u00f3 el alem\u00e1n Nico Rosberg con un registro de 1:49,385. Pero la alegr\u00eda no fue completa, ya que el piloto germano, tuvo un fuera de pista, producido por un revent\u00f3n en su rueda trasera derecha justamente en un tramo de gran velocidad en la zona de Blanchimont.<\/p>\n<p>Por suerte Rosberg pudo bajarse de su auto sin problemas y volvi\u00f3 a boxes en la misma gr\u00faa que transportaba su maltrecho monoplaza. Ma\u00f1ana s\u00e1bado por la tarde se llevara a cabo la clasificaci\u00f3n y el domingo la carrera.<\/p>\n<p><a href=\"http:\/\/labestiadeportiva.com\/lbd\/wp-content\/uploads\/2015\/08\/Circuit-de-Spa-Francorchamps_1.jpg\"><img loading=\"lazy\" class=\"aligncenter size-medium wp-image-16899\" src=\"http:\/\/labestiadeportiva.com\/lbd\/wp-content\/uploads\/2015\/08\/Circuit-de-Spa-Francorchamps_1-300x169.jpg\" alt=\"Gran Turismo 5\" width=\"300\" height=\"169\" srcset=\"http:\/\/labestiadeportiva.com\/lbd\/wp-content\/uploads\/2015\/08\/Circuit-de-Spa-Francorchamps_1-300x169.jpg 300w, http:\/\/labestiadeportiva.com\/lbd\/wp-content\/uploads\/2015\/08\/Circuit-de-Spa-Francorchamps_1-1024x576.jpg 1024w, http:\/\/labestiadeportiva.com\/lbd\/wp-content\/uploads\/2015\/08\/Circuit-de-Spa-Francorchamps_1.jpg 1920w\" sizes=\"(max-width: 300px) 100vw, 300px\" \/><\/a><\/p>\n<div class='epvc-post-count'><span class='epvc-eye'><\/span>  <span class=\"epvc-count\"> 1.082<\/span><span class='epvc-label'> veces le\u00edda<\/span><\/div>\n<div class=\"jwsharethis\">\nShare this: \n<br \/>\n<a href=\"mailto:?subject=Arriba%20el%20tel%C3%B3n&amp;body=http%3A%2F%2Flabestiadeportiva.com%2Flbd%2Farriba-el-telon%2F\">\n<img src=\"http:\/\/labestiadeportiva.com\/lbd\/wp-content\/plugins\/jw-share-this\/email.png\" alt=\"Share this page via Email\" \/>\n<\/a>\n<a target=\"_blank\" href=\"http:\/\/www.stumbleupon.com\/submit?url=http%3A%2F%2Flabestiadeportiva.com%2Flbd%2Farriba-el-telon%2F&amp;title=Arriba+el+tel%C3%B3n\">\n<img src=\"http:\/\/labestiadeportiva.com\/lbd\/wp-content\/plugins\/jw-share-this\/su.png\" alt=\"Share this page via Stumble Upon\" \/>\n<\/a>\n<a target=\"_blank\" href=\"http:\/\/digg.com\/submit?url=http%3A%2F%2Flabestiadeportiva.com%2Flbd%2Farriba-el-telon%2F&amp;title=Arriba+el+tel%C3%B3n\">\n<img src=\"http:\/\/labestiadeportiva.com\/lbd\/wp-content\/plugins\/jw-share-this\/digg.png\" alt=\"Share this page via Digg this\" \/>\n<\/a>\n<a target=\"_blank\" href=\"http:\/\/www.facebook.com\/sharer.php?u=http%3A%2F%2Flabestiadeportiva.com%2Flbd%2Farriba-el-telon%2F&amp;t=Arriba+el+tel%C3%B3n\">\n<img src=\"http:\/\/labestiadeportiva.com\/lbd\/wp-content\/plugins\/jw-share-this\/fb.png\" alt=\"Share this page via Facebook\" \/>\n<\/a>\n<a target=\"_blank\" href=\"http:\/\/twitter.com\/intent\/tweet?text=I+like+http%3A%2F%2Flabestiadeportiva.com%2Flbd%2Farriba-el-telon%2F&amp;title=Arriba+el+tel%C3%B3n\">\n<img src=\"http:\/\/labestiadeportiva.com\/lbd\/wp-content\/plugins\/jw-share-this\/twitter.png\" alt=\"Share this page via Twitter\" \/>\n<\/a>\n<\/div>\n","protected":false},"excerpt":{"rendered":"<p>Por Daniel Campos (Corresponsal LBD en Palma de Mallorca, Espa\u00f1a) Este fin de semana vuelve la F\u00f3rmula Uno, y lo hace desde un trazado m\u00edtico como es Spa Francorchamps, sede del Gran Premio de B\u00e9lgica. Tras las vacaciones de verano en territorio europeo, la m\u00e1xima categor\u00eda se traslada a las Ardenas. 1.082 veces le\u00edda Share &hellip; <a href=\"http:\/\/labestiadeportiva.com\/lbd\/arriba-el-telon\/\" class=\"more-link\">Seguir leyendo <span class=\"screen-reader-text\">Arriba el tel\u00f3n<\/span> <span class=\"meta-nav\">&rarr;<\/span><\/a><\/p>\n","protected":false},"author":1,"featured_media":16898,"comment_status":"open","ping_status":"open","sticky":false,"template":"","format":"standard","meta":[],"categories":[2176,4,2028,1],"tags":[1740,86,148,887],"_links":{"self":[{"href":"http:\/\/labestiadeportiva.com\/lbd\/wp-json\/wp\/v2\/posts\/16897"}],"collection":[{"href":"http:\/\/labestiadeportiva.com\/lbd\/wp-json\/wp\/v2\/posts"}],"about":[{"href":"http:\/\/labestiadeportiva.com\/lbd\/wp-json\/wp\/v2\/types\/post"}],"author":[{"embeddable":true,"href":"http:\/\/labestiadeportiva.com\/lbd\/wp-json\/wp\/v2\/users\/1"}],"replies":[{"embeddable":true,"href":"http:\/\/labestiadeportiva.com\/lbd\/wp-json\/wp\/v2\/comments?post=16897"}],"version-history":[{"count":1,"href":"http:\/\/labestiadeportiva.com\/lbd\/wp-json\/wp\/v2\/posts\/16897\/revisions"}],"predecessor-version":[{"id":16900,"href":"http:\/\/labestiadeportiva.com\/lbd\/wp-json\/wp\/v2\/posts\/16897\/revisions\/16900"}],"wp:featuredmedia":[{"embeddable":true,"href":"http:\/\/labestiadeportiva.com\/lbd\/wp-json\/wp\/v2\/media\/16898"}],"wp:attachment":[{"href":"http:\/\/labestiadeportiva.com\/lbd\/wp-json\/wp\/v2\/media?parent=16897"}],"wp:term":[{"taxonomy":"category","embeddable":true,"href":"http:\/\/labestiadeportiva.com\/lbd\/wp-json\/wp\/v2\/categories?post=16897"},{"taxonomy":"post_tag","embeddable":true,"href":"http:\/\/labestiadeportiva.com\/lbd\/wp-json\/wp\/v2\/tags?post=16897"}],"curies":[{"name":"wp","href":"https:\/\/api.w.org\/{rel}","templated":true}]}}