{"id":16910,"date":"2015-08-22T10:17:51","date_gmt":"2015-08-22T13:17:51","guid":{"rendered":"http:\/\/labestiadeportiva.com\/lbd\/?p=16910"},"modified":"2015-08-22T11:04:52","modified_gmt":"2015-08-22T14:04:52","slug":"fuimos-fieles-al-estilo-del-futsal-patagonico-audio","status":"publish","type":"post","link":"http:\/\/labestiadeportiva.com\/lbd\/fuimos-fieles-al-estilo-del-futsal-patagonico-audio\/","title":{"rendered":"\u201cFuimos fieles al estilo del futsal patag\u00f3nico\u201d (Audio)"},"content":{"rendered":"<p><a href=\"http:\/\/labestiadeportiva.com\/lbd\/wp-content\/uploads\/2015\/08\/11873495_895954237153010_1669694012740071158_n.jpg\"><img loading=\"lazy\" class=\"alignleft size-medium wp-image-16911\" src=\"http:\/\/labestiadeportiva.com\/lbd\/wp-content\/uploads\/2015\/08\/11873495_895954237153010_1669694012740071158_n-300x162.jpg\" alt=\"11873495_895954237153010_1669694012740071158_n\" width=\"300\" height=\"162\" srcset=\"http:\/\/labestiadeportiva.com\/lbd\/wp-content\/uploads\/2015\/08\/11873495_895954237153010_1669694012740071158_n-300x162.jpg 300w, http:\/\/labestiadeportiva.com\/lbd\/wp-content\/uploads\/2015\/08\/11873495_895954237153010_1669694012740071158_n.jpg 793w\" sizes=\"(max-width: 300px) 100vw, 300px\" \/><\/a>De regreso de su primera experiencia internacional, el Sudamericano de Clubes Zona Sur, donde logr\u00f3 un meritorio cuarto lugar dialogamos con el entrenador de Casa Magallanes Alejandro Vel\u00e1zquez. Balance de lo vivido, donde el multicampe\u00f3n local jug\u00f3 de igual a igual ante clubes uruguayos, paraguayos y brasile\u00f1os varios de los cuales tienen entre sus filas jugadores profesionales. Compartimos la entrevistas lograda con el entrenador este jueves en la 94.1 FM del Sur. <!--more--><\/p>\n<p><iframe loading=\"lazy\" src=\"https:\/\/www.youtube.com\/embed\/iPC4xDxKBfk\" width=\"420\" height=\"315\" frameborder=\"0\" allowfullscreen=\"allowfullscreen\"><\/iframe><\/p>\n<div class='epvc-post-count'><span class='epvc-eye'><\/span>  <span class=\"epvc-count\"> 1.057<\/span><span class='epvc-label'> veces le\u00edda<\/span><\/div>\n<div class=\"jwsharethis\">\nShare this: \n<br \/>\n<a href=\"mailto:?subject=%E2%80%9CFuimos%20fieles%20al%20estilo%20del%20futsal%20patag%C3%B3nico%E2%80%9D%20%28Audio%29&amp;body=http%3A%2F%2Flabestiadeportiva.com%2Flbd%2Ffuimos-fieles-al-estilo-del-futsal-patagonico-audio%2F\">\n<img src=\"http:\/\/labestiadeportiva.com\/lbd\/wp-content\/plugins\/jw-share-this\/email.png\" alt=\"Share this page via Email\" \/>\n<\/a>\n<a target=\"_blank\" href=\"http:\/\/www.stumbleupon.com\/submit?url=http%3A%2F%2Flabestiadeportiva.com%2Flbd%2Ffuimos-fieles-al-estilo-del-futsal-patagonico-audio%2F&amp;title=%E2%80%9CFuimos+fieles+al+estilo+del+futsal+patag%C3%B3nico%E2%80%9D+%28Audio%29\">\n<img src=\"http:\/\/labestiadeportiva.com\/lbd\/wp-content\/plugins\/jw-share-this\/su.png\" alt=\"Share this page via Stumble Upon\" \/>\n<\/a>\n<a target=\"_blank\" href=\"http:\/\/digg.com\/submit?url=http%3A%2F%2Flabestiadeportiva.com%2Flbd%2Ffuimos-fieles-al-estilo-del-futsal-patagonico-audio%2F&amp;title=%E2%80%9CFuimos+fieles+al+estilo+del+futsal+patag%C3%B3nico%E2%80%9D+%28Audio%29\">\n<img src=\"http:\/\/labestiadeportiva.com\/lbd\/wp-content\/plugins\/jw-share-this\/digg.png\" alt=\"Share this page via Digg this\" \/>\n<\/a>\n<a target=\"_blank\" href=\"http:\/\/www.facebook.com\/sharer.php?u=http%3A%2F%2Flabestiadeportiva.com%2Flbd%2Ffuimos-fieles-al-estilo-del-futsal-patagonico-audio%2F&amp;t=%E2%80%9CFuimos+fieles+al+estilo+del+futsal+patag%C3%B3nico%E2%80%9D+%28Audio%29\">\n<img src=\"http:\/\/labestiadeportiva.com\/lbd\/wp-content\/plugins\/jw-share-this\/fb.png\" alt=\"Share this page via Facebook\" \/>\n<\/a>\n<a target=\"_blank\" href=\"http:\/\/twitter.com\/intent\/tweet?text=I+like+http%3A%2F%2Flabestiadeportiva.com%2Flbd%2Ffuimos-fieles-al-estilo-del-futsal-patagonico-audio%2F&amp;title=%E2%80%9CFuimos+fieles+al+estilo+del+futsal+patag%C3%B3nico%E2%80%9D+%28Audio%29\">\n<img src=\"http:\/\/labestiadeportiva.com\/lbd\/wp-content\/plugins\/jw-share-this\/twitter.png\" alt=\"Share this page via Twitter\" \/>\n<\/a>\n<\/div>\n","protected":false},"excerpt":{"rendered":"<p>De regreso de su primera experiencia internacional, el Sudamericano de Clubes Zona Sur, donde logr\u00f3 un meritorio cuarto lugar dialogamos con el entrenador de Casa Magallanes Alejandro Vel\u00e1zquez. Balance de lo vivido, donde el multicampe\u00f3n local jug\u00f3 de igual a igual ante clubes uruguayos, paraguayos y brasile\u00f1os varios de los cuales tienen entre sus filas &hellip; <a href=\"http:\/\/labestiadeportiva.com\/lbd\/fuimos-fieles-al-estilo-del-futsal-patagonico-audio\/\" class=\"more-link\">Seguir leyendo <span class=\"screen-reader-text\">\u201cFuimos fieles al estilo del futsal patag\u00f3nico\u201d (Audio)<\/span> <span class=\"meta-nav\">&rarr;<\/span><\/a><\/p>\n","protected":false},"author":1,"featured_media":16911,"comment_status":"open","ping_status":"open","sticky":false,"template":"","format":"standard","meta":[],"categories":[5,4,6,60,31,1],"tags":[2311,4838,117,2289,2287],"_links":{"self":[{"href":"http:\/\/labestiadeportiva.com\/lbd\/wp-json\/wp\/v2\/posts\/16910"}],"collection":[{"href":"http:\/\/labestiadeportiva.com\/lbd\/wp-json\/wp\/v2\/posts"}],"about":[{"href":"http:\/\/labestiadeportiva.com\/lbd\/wp-json\/wp\/v2\/types\/post"}],"author":[{"embeddable":true,"href":"http:\/\/labestiadeportiva.com\/lbd\/wp-json\/wp\/v2\/users\/1"}],"replies":[{"embeddable":true,"href":"http:\/\/labestiadeportiva.com\/lbd\/wp-json\/wp\/v2\/comments?post=16910"}],"version-history":[{"count":3,"href":"http:\/\/labestiadeportiva.com\/lbd\/wp-json\/wp\/v2\/posts\/16910\/revisions"}],"predecessor-version":[{"id":16914,"href":"http:\/\/labestiadeportiva.com\/lbd\/wp-json\/wp\/v2\/posts\/16910\/revisions\/16914"}],"wp:featuredmedia":[{"embeddable":true,"href":"http:\/\/labestiadeportiva.com\/lbd\/wp-json\/wp\/v2\/media\/16911"}],"wp:attachment":[{"href":"http:\/\/labestiadeportiva.com\/lbd\/wp-json\/wp\/v2\/media?parent=16910"}],"wp:term":[{"taxonomy":"category","embeddable":true,"href":"http:\/\/labestiadeportiva.com\/lbd\/wp-json\/wp\/v2\/categories?post=16910"},{"taxonomy":"post_tag","embeddable":true,"href":"http:\/\/labestiadeportiva.com\/lbd\/wp-json\/wp\/v2\/tags?post=16910"}],"curies":[{"name":"wp","href":"https:\/\/api.w.org\/{rel}","templated":true}]}}