{"id":16938,"date":"2015-08-24T17:04:59","date_gmt":"2015-08-24T20:04:59","guid":{"rendered":"http:\/\/labestiadeportiva.com\/lbd\/?p=16938"},"modified":"2015-08-24T17:04:59","modified_gmt":"2015-08-24T20:04:59","slug":"yerobi-sumo-otro-podio-y-se-acerca-en-el-campeonato","status":"publish","type":"post","link":"http:\/\/labestiadeportiva.com\/lbd\/yerobi-sumo-otro-podio-y-se-acerca-en-el-campeonato\/","title":{"rendered":"Yerobi sum\u00f3 otro podio y se acerca en el campeonato"},"content":{"rendered":"<p><a href=\"http:\/\/labestiadeportiva.com\/lbd\/wp-content\/uploads\/2015\/08\/Yerobi-Podio.jpg\"><img loading=\"lazy\" class=\"alignleft size-medium wp-image-16939\" src=\"http:\/\/labestiadeportiva.com\/lbd\/wp-content\/uploads\/2015\/08\/Yerobi-Podio-300x169.jpg\" alt=\"Yerobi - Podio\" width=\"300\" height=\"169\" srcset=\"http:\/\/labestiadeportiva.com\/lbd\/wp-content\/uploads\/2015\/08\/Yerobi-Podio-300x169.jpg 300w, http:\/\/labestiadeportiva.com\/lbd\/wp-content\/uploads\/2015\/08\/Yerobi-Podio.jpg 800w\" sizes=\"(max-width: 300px) 100vw, 300px\" \/><\/a>Tan complicada como se preve\u00eda, finalmente result\u00f3 la s\u00e9ptima final de la temporada dentro de la clase mayor y en el trazado de Rafaela, el cual ve\u00eda partir al piloto fueguino entre los diez de adelante pero con grandes nombres por delante, con los cuales deber\u00eda pelear de igual a igual para progresar. Fuente y foto prensa Lucas Yerobi.<\/p>\n<p>El comienzo ten\u00eda al fueguino manteniendo la posici\u00f3n sin mayores modificaciones y con gran paridad, lo cual hac\u00eda fundamental el hecho de mantenerse en pista sin involucrarse en alternativas de riesgo y sin poder progresar tras la aparici\u00f3n del auto de seguridad con s\u00f3lo dos vueltas cumplidas.<\/p>\n<p>La reanudaci\u00f3n no le permit\u00eda en primer momento a Lucas la chance de avanzar, sin embargo se manten\u00eda en un lugar expectante y una alternativa que ocurr\u00eda por delante con otro piloto, finalmente le hac\u00eda ganar algo de terreno y acercarse a los lugares de privilegio, sinti\u00e9ndose cada vez m\u00e1s protagonista sobre el Trend que atiende Lucas Benincasa y motoriza Sebasti\u00e1n Colombo.<\/p>\n<p>Una nueva interrupci\u00f3n por AS, ya mostraba al piloto de Ushuaia entre los seis de adelante, marcando diferencias tras la reanudaci\u00f3n y acomod\u00e1ndose en un lugar que le permit\u00eda sumar puntos importantes para seguir su paso ascendente en el campeonato, pese a intentar ganar alguna ubicaci\u00f3n m\u00e1s.<\/p>\n<p>Fue sexto lugar para Yerobi, que subi\u00f3 al podio por segunda fecha consecutiva y consigui\u00f3 ratificar el buen momento que atraviesa sobre el Trend que conduce.<\/p>\n<p><span style=\"color: #0000ff;\">\u201cEstoy contento por el resultado, si bien podr\u00edamos haber terminado un poco m\u00e1s adelante pero es bueno sumar y acercarnos a los primeros lugares del campeonato. Esperemos seguir por este camino e ir sumando puntos gruesos en lo que resta de la temporada, siempre con la meta puesta en pelear el campeonato hasta el final\u201d<\/span> Indic\u00f3 Lucas cerrada la final.<\/p>\n<p>El campeonato tiene a Yerobi ocupando la cuarta posici\u00f3n, con un total de 133 puntos. La pr\u00f3xima fecha dentro del Turismo Pista tendr\u00e1 lugar entre los d\u00edas 18, 19 y 20 de septiembre en La Plata, mientras que la pr\u00f3xima semana el fueguino se presentar\u00e1 en una nueva fecha de ASM.<\/p>\n<p>Lucas Yerobi agradece el apoyo brindado a \u201cGr\u00faas Delta, Agua Jony, Hertz, Orange Car Wash, Seinco Servicios y Log\u00edstica, VM Repuestos, Municipalidad de Ushuaia, El Diario Del Fin Del Mundo, Pizza Bely, La 97 Radio Fueguina, Escale Andina, Argentina Publicidad, John Foos, La Cien.1, Azzurra, El Gran Corsini, Almar Construcciones y Club Del Pastor Blanco Suizo\u201d<\/p>\n<p><a href=\"http:\/\/labestiadeportiva.com\/lbd\/wp-content\/uploads\/2015\/08\/Yerobi-Domingo.jpg\"><img loading=\"lazy\" class=\"aligncenter size-medium wp-image-16940\" src=\"http:\/\/labestiadeportiva.com\/lbd\/wp-content\/uploads\/2015\/08\/Yerobi-Domingo-300x177.jpg\" alt=\"Yerobi - Domingo\" width=\"300\" height=\"177\" srcset=\"http:\/\/labestiadeportiva.com\/lbd\/wp-content\/uploads\/2015\/08\/Yerobi-Domingo-300x177.jpg 300w, http:\/\/labestiadeportiva.com\/lbd\/wp-content\/uploads\/2015\/08\/Yerobi-Domingo.jpg 800w\" sizes=\"(max-width: 300px) 100vw, 300px\" \/><\/a><\/p>\n<div class='epvc-post-count'><span class='epvc-eye'><\/span>  <span class=\"epvc-count\"> 1.376<\/span><span class='epvc-label'> veces le\u00edda<\/span><\/div>\n<div class=\"jwsharethis\">\nShare this: \n<br \/>\n<a href=\"mailto:?subject=Yerobi%20sum%C3%B3%20otro%20podio%20y%20se%20acerca%20en%20el%20campeonato&amp;body=http%3A%2F%2Flabestiadeportiva.com%2Flbd%2Fyerobi-sumo-otro-podio-y-se-acerca-en-el-campeonato%2F\">\n<img src=\"http:\/\/labestiadeportiva.com\/lbd\/wp-content\/plugins\/jw-share-this\/email.png\" alt=\"Share this page via Email\" \/>\n<\/a>\n<a target=\"_blank\" href=\"http:\/\/www.stumbleupon.com\/submit?url=http%3A%2F%2Flabestiadeportiva.com%2Flbd%2Fyerobi-sumo-otro-podio-y-se-acerca-en-el-campeonato%2F&amp;title=Yerobi+sum%C3%B3+otro+podio+y+se+acerca+en+el+campeonato\">\n<img src=\"http:\/\/labestiadeportiva.com\/lbd\/wp-content\/plugins\/jw-share-this\/su.png\" alt=\"Share this page via Stumble Upon\" \/>\n<\/a>\n<a target=\"_blank\" href=\"http:\/\/digg.com\/submit?url=http%3A%2F%2Flabestiadeportiva.com%2Flbd%2Fyerobi-sumo-otro-podio-y-se-acerca-en-el-campeonato%2F&amp;title=Yerobi+sum%C3%B3+otro+podio+y+se+acerca+en+el+campeonato\">\n<img src=\"http:\/\/labestiadeportiva.com\/lbd\/wp-content\/plugins\/jw-share-this\/digg.png\" alt=\"Share this page via Digg this\" \/>\n<\/a>\n<a target=\"_blank\" href=\"http:\/\/www.facebook.com\/sharer.php?u=http%3A%2F%2Flabestiadeportiva.com%2Flbd%2Fyerobi-sumo-otro-podio-y-se-acerca-en-el-campeonato%2F&amp;t=Yerobi+sum%C3%B3+otro+podio+y+se+acerca+en+el+campeonato\">\n<img src=\"http:\/\/labestiadeportiva.com\/lbd\/wp-content\/plugins\/jw-share-this\/fb.png\" alt=\"Share this page via Facebook\" \/>\n<\/a>\n<a target=\"_blank\" href=\"http:\/\/twitter.com\/intent\/tweet?text=I+like+http%3A%2F%2Flabestiadeportiva.com%2Flbd%2Fyerobi-sumo-otro-podio-y-se-acerca-en-el-campeonato%2F&amp;title=Yerobi+sum%C3%B3+otro+podio+y+se+acerca+en+el+campeonato\">\n<img src=\"http:\/\/labestiadeportiva.com\/lbd\/wp-content\/plugins\/jw-share-this\/twitter.png\" alt=\"Share this page via Twitter\" \/>\n<\/a>\n<\/div>\n","protected":false},"excerpt":{"rendered":"<p>Tan complicada como se preve\u00eda, finalmente result\u00f3 la s\u00e9ptima final de la temporada dentro de la clase mayor y en el trazado de Rafaela, el cual ve\u00eda partir al piloto fueguino entre los diez de adelante pero con grandes nombres por delante, con los cuales deber\u00eda pelear de igual a igual para progresar. Fuente y &hellip; <a href=\"http:\/\/labestiadeportiva.com\/lbd\/yerobi-sumo-otro-podio-y-se-acerca-en-el-campeonato\/\" class=\"more-link\">Seguir leyendo <span class=\"screen-reader-text\">Yerobi sum\u00f3 otro podio y se acerca en el campeonato<\/span> <span class=\"meta-nav\">&rarr;<\/span><\/a><\/p>\n","protected":false},"author":1,"featured_media":16939,"comment_status":"open","ping_status":"open","sticky":false,"template":"","format":"standard","meta":[],"categories":[2135,5,6,1],"tags":[524,152,808],"_links":{"self":[{"href":"http:\/\/labestiadeportiva.com\/lbd\/wp-json\/wp\/v2\/posts\/16938"}],"collection":[{"href":"http:\/\/labestiadeportiva.com\/lbd\/wp-json\/wp\/v2\/posts"}],"about":[{"href":"http:\/\/labestiadeportiva.com\/lbd\/wp-json\/wp\/v2\/types\/post"}],"author":[{"embeddable":true,"href":"http:\/\/labestiadeportiva.com\/lbd\/wp-json\/wp\/v2\/users\/1"}],"replies":[{"embeddable":true,"href":"http:\/\/labestiadeportiva.com\/lbd\/wp-json\/wp\/v2\/comments?post=16938"}],"version-history":[{"count":1,"href":"http:\/\/labestiadeportiva.com\/lbd\/wp-json\/wp\/v2\/posts\/16938\/revisions"}],"predecessor-version":[{"id":16941,"href":"http:\/\/labestiadeportiva.com\/lbd\/wp-json\/wp\/v2\/posts\/16938\/revisions\/16941"}],"wp:featuredmedia":[{"embeddable":true,"href":"http:\/\/labestiadeportiva.com\/lbd\/wp-json\/wp\/v2\/media\/16939"}],"wp:attachment":[{"href":"http:\/\/labestiadeportiva.com\/lbd\/wp-json\/wp\/v2\/media?parent=16938"}],"wp:term":[{"taxonomy":"category","embeddable":true,"href":"http:\/\/labestiadeportiva.com\/lbd\/wp-json\/wp\/v2\/categories?post=16938"},{"taxonomy":"post_tag","embeddable":true,"href":"http:\/\/labestiadeportiva.com\/lbd\/wp-json\/wp\/v2\/tags?post=16938"}],"curies":[{"name":"wp","href":"https:\/\/api.w.org\/{rel}","templated":true}]}}