{"id":17008,"date":"2015-09-02T18:34:46","date_gmt":"2015-09-02T21:34:46","guid":{"rendered":"http:\/\/labestiadeportiva.com\/lbd\/?p=17008"},"modified":"2015-09-02T18:48:34","modified_gmt":"2015-09-02T21:48:34","slug":"voy-a-cumplir-uno-de-mis-suenos-en-el-automovilismo-audio","status":"publish","type":"post","link":"http:\/\/labestiadeportiva.com\/lbd\/voy-a-cumplir-uno-de-mis-suenos-en-el-automovilismo-audio\/","title":{"rendered":"\u201cVoy a cumplir uno de mis sue\u00f1os en el automovilismo (Audio)"},"content":{"rendered":"<p><a href=\"http:\/\/labestiadeportiva.com\/lbd\/wp-content\/uploads\/2015\/09\/IMG-20150901-WA0009.jpg\"><img loading=\"lazy\" class=\"alignleft size-medium wp-image-17009\" src=\"http:\/\/labestiadeportiva.com\/lbd\/wp-content\/uploads\/2015\/09\/IMG-20150901-WA0009-300x137.jpg\" alt=\"IMG-20150901-WA0009\" width=\"300\" height=\"137\" srcset=\"http:\/\/labestiadeportiva.com\/lbd\/wp-content\/uploads\/2015\/09\/IMG-20150901-WA0009-300x137.jpg 300w, http:\/\/labestiadeportiva.com\/lbd\/wp-content\/uploads\/2015\/09\/IMG-20150901-WA0009-1024x466.jpg 1024w, http:\/\/labestiadeportiva.com\/lbd\/wp-content\/uploads\/2015\/09\/IMG-20150901-WA0009.jpg 1600w\" sizes=\"(max-width: 300px) 100vw, 300px\" \/><\/a>El ushuaiense, Lucas Yerobi, confirm\u00f3 su participaci\u00f3n en una de las principales categor\u00edas del automovilismo argentino. Lo har\u00e1 en el equipo FE a cargo de Rub\u00e9n Salerno conduciendo un VW Vento. El debut se producir\u00e1 el 19 y 20 de septiembre en el aut\u00f3dromo \u201cRoberto Mouras\u201d de la capital bonaerense. Desde LBD dialogamos con el, compartimos la entrevista lograda este lunes en la 94.1 FM del Sur.<!--more--><\/p>\n<p><iframe loading=\"lazy\" width=\"420\" height=\"315\" src=\"https:\/\/www.youtube.com\/embed\/m2RlPS5kZ90\" frameborder=\"0\" allowfullscreen><\/iframe><\/p>\n<div class='epvc-post-count'><span class='epvc-eye'><\/span>  <span class=\"epvc-count\"> 1.212<\/span><span class='epvc-label'> veces le\u00edda<\/span><\/div>\n<div class=\"jwsharethis\">\nShare this: \n<br \/>\n<a href=\"mailto:?subject=%E2%80%9CVoy%20a%20cumplir%20uno%20de%20mis%20sue%C3%B1os%20en%20el%20automovilismo%20%28Audio%29&amp;body=http%3A%2F%2Flabestiadeportiva.com%2Flbd%2Fvoy-a-cumplir-uno-de-mis-suenos-en-el-automovilismo-audio%2F\">\n<img src=\"http:\/\/labestiadeportiva.com\/lbd\/wp-content\/plugins\/jw-share-this\/email.png\" alt=\"Share this page via Email\" \/>\n<\/a>\n<a target=\"_blank\" href=\"http:\/\/www.stumbleupon.com\/submit?url=http%3A%2F%2Flabestiadeportiva.com%2Flbd%2Fvoy-a-cumplir-uno-de-mis-suenos-en-el-automovilismo-audio%2F&amp;title=%E2%80%9CVoy+a+cumplir+uno+de+mis+sue%C3%B1os+en+el+automovilismo+%28Audio%29\">\n<img src=\"http:\/\/labestiadeportiva.com\/lbd\/wp-content\/plugins\/jw-share-this\/su.png\" alt=\"Share this page via Stumble Upon\" \/>\n<\/a>\n<a target=\"_blank\" href=\"http:\/\/digg.com\/submit?url=http%3A%2F%2Flabestiadeportiva.com%2Flbd%2Fvoy-a-cumplir-uno-de-mis-suenos-en-el-automovilismo-audio%2F&amp;title=%E2%80%9CVoy+a+cumplir+uno+de+mis+sue%C3%B1os+en+el+automovilismo+%28Audio%29\">\n<img src=\"http:\/\/labestiadeportiva.com\/lbd\/wp-content\/plugins\/jw-share-this\/digg.png\" alt=\"Share this page via Digg this\" \/>\n<\/a>\n<a target=\"_blank\" href=\"http:\/\/www.facebook.com\/sharer.php?u=http%3A%2F%2Flabestiadeportiva.com%2Flbd%2Fvoy-a-cumplir-uno-de-mis-suenos-en-el-automovilismo-audio%2F&amp;t=%E2%80%9CVoy+a+cumplir+uno+de+mis+sue%C3%B1os+en+el+automovilismo+%28Audio%29\">\n<img src=\"http:\/\/labestiadeportiva.com\/lbd\/wp-content\/plugins\/jw-share-this\/fb.png\" alt=\"Share this page via Facebook\" \/>\n<\/a>\n<a target=\"_blank\" href=\"http:\/\/twitter.com\/intent\/tweet?text=I+like+http%3A%2F%2Flabestiadeportiva.com%2Flbd%2Fvoy-a-cumplir-uno-de-mis-suenos-en-el-automovilismo-audio%2F&amp;title=%E2%80%9CVoy+a+cumplir+uno+de+mis+sue%C3%B1os+en+el+automovilismo+%28Audio%29\">\n<img src=\"http:\/\/labestiadeportiva.com\/lbd\/wp-content\/plugins\/jw-share-this\/twitter.png\" alt=\"Share this page via Twitter\" \/>\n<\/a>\n<\/div>\n","protected":false},"excerpt":{"rendered":"<p>El ushuaiense, Lucas Yerobi, confirm\u00f3 su participaci\u00f3n en una de las principales categor\u00edas del automovilismo argentino. Lo har\u00e1 en el equipo FE a cargo de Rub\u00e9n Salerno conduciendo un VW Vento. El debut se producir\u00e1 el 19 y 20 de septiembre en el aut\u00f3dromo \u201cRoberto Mouras\u201d de la capital bonaerense. Desde LBD dialogamos con el, &hellip; <a href=\"http:\/\/labestiadeportiva.com\/lbd\/voy-a-cumplir-uno-de-mis-suenos-en-el-automovilismo-audio\/\" class=\"more-link\">Seguir leyendo <span class=\"screen-reader-text\">\u201cVoy a cumplir uno de mis sue\u00f1os en el automovilismo (Audio)<\/span> <span class=\"meta-nav\">&rarr;<\/span><\/a><\/p>\n","protected":false},"author":1,"featured_media":17009,"comment_status":"open","ping_status":"open","sticky":false,"template":"","format":"standard","meta":[],"categories":[2135,5,6,60,1],"tags":[524,152,83,2323],"_links":{"self":[{"href":"http:\/\/labestiadeportiva.com\/lbd\/wp-json\/wp\/v2\/posts\/17008"}],"collection":[{"href":"http:\/\/labestiadeportiva.com\/lbd\/wp-json\/wp\/v2\/posts"}],"about":[{"href":"http:\/\/labestiadeportiva.com\/lbd\/wp-json\/wp\/v2\/types\/post"}],"author":[{"embeddable":true,"href":"http:\/\/labestiadeportiva.com\/lbd\/wp-json\/wp\/v2\/users\/1"}],"replies":[{"embeddable":true,"href":"http:\/\/labestiadeportiva.com\/lbd\/wp-json\/wp\/v2\/comments?post=17008"}],"version-history":[{"count":3,"href":"http:\/\/labestiadeportiva.com\/lbd\/wp-json\/wp\/v2\/posts\/17008\/revisions"}],"predecessor-version":[{"id":17012,"href":"http:\/\/labestiadeportiva.com\/lbd\/wp-json\/wp\/v2\/posts\/17008\/revisions\/17012"}],"wp:featuredmedia":[{"embeddable":true,"href":"http:\/\/labestiadeportiva.com\/lbd\/wp-json\/wp\/v2\/media\/17009"}],"wp:attachment":[{"href":"http:\/\/labestiadeportiva.com\/lbd\/wp-json\/wp\/v2\/media?parent=17008"}],"wp:term":[{"taxonomy":"category","embeddable":true,"href":"http:\/\/labestiadeportiva.com\/lbd\/wp-json\/wp\/v2\/categories?post=17008"},{"taxonomy":"post_tag","embeddable":true,"href":"http:\/\/labestiadeportiva.com\/lbd\/wp-json\/wp\/v2\/tags?post=17008"}],"curies":[{"name":"wp","href":"https:\/\/api.w.org\/{rel}","templated":true}]}}