{"id":17037,"date":"2015-09-04T12:47:52","date_gmt":"2015-09-04T15:47:52","guid":{"rendered":"http:\/\/labestiadeportiva.com\/lbd\/?p=17037"},"modified":"2015-09-04T12:47:52","modified_gmt":"2015-09-04T15:47:52","slug":"el-us-open-se-quedo-sin-argentinos","status":"publish","type":"post","link":"http:\/\/labestiadeportiva.com\/lbd\/el-us-open-se-quedo-sin-argentinos\/","title":{"rendered":"El US Open se qued\u00f3 sin argentinos"},"content":{"rendered":"<p>Por Mat\u00edas Pouso (Corresponsal LBD en CABA)<\/p>\n<p><a href=\"http:\/\/labestiadeportiva.com\/lbd\/wp-content\/uploads\/2015\/09\/mayerfedererusopen.png\"><img loading=\"lazy\" class=\"alignleft size-medium wp-image-17038\" src=\"http:\/\/labestiadeportiva.com\/lbd\/wp-content\/uploads\/2015\/09\/mayerfedererusopen-300x149.png\" alt=\"mayerfedererusopen\" width=\"300\" height=\"149\" srcset=\"http:\/\/labestiadeportiva.com\/lbd\/wp-content\/uploads\/2015\/09\/mayerfedererusopen-300x149.png 300w, http:\/\/labestiadeportiva.com\/lbd\/wp-content\/uploads\/2015\/09\/mayerfedererusopen-1024x510.png 1024w, http:\/\/labestiadeportiva.com\/lbd\/wp-content\/uploads\/2015\/09\/mayerfedererusopen.png 1280w\" sizes=\"(max-width: 300px) 100vw, 300px\" \/><\/a>Diego Schwartzman le dio batalla a Nadal, pero finalmente el espa\u00f1ol lo elimin\u00f3 y dej\u00f3 al \u00faltimo Grand Slam de la temporada sin representantes argentinos. El peque hab\u00eda sido el \u00fanico compatriota en superar la primera rueda al vencer al sueco Elias Ymer en tres sets; Delbonis, Mayer y Pella se fueron sin ganar ning\u00fan partido.<!--more--><\/p>\n<p>Siguen pasando los torneos grandes y la ausencia de tenistas argentinos en las ruedas finales es una constante. Uno de los eliminados esta semana expres\u00f3 una gran verdad en cuanto a la diferencia entre los tenistas argentinos y los europeos y norteamericanos que dominan el circuito: <span style=\"color: #0000ff;\">\u201cEntrenarse en Buenos Aires es dar ventajas, las canchas y las pelotas son demasiado lentas y al tenis se juega cada vez m\u00e1s r\u00e1pido\u201d<\/span>, palabras de Guido Pella.<\/p>\n<p><a href=\"http:\/\/labestiadeportiva.com\/lbd\/wp-content\/uploads\/2015\/09\/delbonisusopen.png\"><img loading=\"lazy\" class=\"aligncenter size-medium wp-image-17039\" src=\"http:\/\/labestiadeportiva.com\/lbd\/wp-content\/uploads\/2015\/09\/delbonisusopen-300x169.png\" alt=\"delbonisusopen\" width=\"300\" height=\"169\" srcset=\"http:\/\/labestiadeportiva.com\/lbd\/wp-content\/uploads\/2015\/09\/delbonisusopen-300x169.png 300w, http:\/\/labestiadeportiva.com\/lbd\/wp-content\/uploads\/2015\/09\/delbonisusopen-1024x578.png 1024w, http:\/\/labestiadeportiva.com\/lbd\/wp-content\/uploads\/2015\/09\/delbonisusopen.png 1275w\" sizes=\"(max-width: 300px) 100vw, 300px\" \/><\/a>Justamente el primero en decir adi\u00f3s fue el nacido en Bah\u00eda Blanca, jug\u00f3 un muy buen partido pero no le alcanz\u00f3 para vencer al \u00faltimo campe\u00f3n de este torneo, as\u00ed fue que Marin Cilic se impuso por 6-3, 7-6(3) y 7-6(3) en una hora y 58 minutos de juego.<\/p>\n<p>La velocidad y la potencia del croata aparecieron en los momentos decisivos de cada set, apoyado fuertemente en su servicio (13 aces y 85% de puntos ganados con su primer saque) y contando con 44 tiros ganadores (el doble que el bahiense).<\/p>\n<p>En la jornada del martes, Federico Delbonis fue eliminado a manos del croata Ivo Karlovic quien se impuso por 6-3, 7-5 y 7-5 en un partido donde el servicio fue fundamental para la victoria del europeo.<\/p>\n<p>De esta manera, el nacido en Azul no pudo superar la primera rueda de ninguno de los Grand Slams de la temporada, y ahora ya piensa \u00fanicamente en la segura convocatoria para la Copa Davis, donde Argentina visitar\u00e1 a B\u00e9lgica buscando el pasaje a la final.<\/p>\n<p>El partido que m\u00e1s esperaban los seguidores del tenis argentino fue el que disputaron Leo Mayer y Roger Federer. Las esperanzas de batacazo por parte del correntino se esfumaron r\u00e1pidamente, ya que el suizo sigue demostrando estar en un gran momento profesional.<\/p>\n<p><a href=\"http:\/\/labestiadeportiva.com\/lbd\/wp-content\/uploads\/2015\/09\/pellausopen.png\"><img loading=\"lazy\" class=\"aligncenter size-medium wp-image-17040\" src=\"http:\/\/labestiadeportiva.com\/lbd\/wp-content\/uploads\/2015\/09\/pellausopen-300x200.png\" alt=\"pellausopen\" width=\"300\" height=\"200\" srcset=\"http:\/\/labestiadeportiva.com\/lbd\/wp-content\/uploads\/2015\/09\/pellausopen-300x200.png 300w, http:\/\/labestiadeportiva.com\/lbd\/wp-content\/uploads\/2015\/09\/pellausopen-1024x684.png 1024w, http:\/\/labestiadeportiva.com\/lbd\/wp-content\/uploads\/2015\/09\/pellausopen.png 1078w\" sizes=\"(max-width: 300px) 100vw, 300px\" \/><\/a>En apenas una hora y 17 minutos despach\u00f3 al Yacar\u00e9 por 6-1, 6-2 y 6-2. <span style=\"color: #0000ff;\">\u00abNo pude aguantar el partido. En un momento parec\u00eda que estaba muerto y no pude hacer nada porque jugando as\u00ed, si vos le das mucha ventaja estos jugadores la agarran y se escapa muy r\u00e1pido el partido. Creo que si jugaba m\u00e1s relajado por ah\u00ed era otro partido\u00bb<\/span> dijo Mayer al finalizar el encuentro.<\/p>\n<p>Finalmente, Diego Schwartzman fue quien pudo dar apenas un paso m\u00e1s que sus coterr\u00e1neos. En el debut venci\u00f3 sin atenuantes al sueco Elias Ymer proveniente de la qualy, esa victoria lo deposit\u00f3 en el arduo duelo de segunda ronda que seguramente \u00e9l ya preve\u00eda.<\/p>\n<p>All\u00ed se encontr\u00f3 con Rafael Nadal, quien a pesar de no estar teniendo su mejor temporada, sigue siendo uno de los mejores tenistas de los \u00faltimos tiempos. Fue 7-6, 6-3 y 7-5 para el espa\u00f1ol en el segundo enfrentamiento entre ellos (el primero fue en Acapulco 2013, con doble 6-2 para Rafa).<\/p>\n<p>En el set inicial, Nadal se hab\u00eda adelantado 3-0 y luego 5-2, el Peque pudo emparejarlo y llevarlo a tie break, y hasta lleg\u00f3 a estar 5-3 arriba en ese desempate, pero no pudo mantener la diferencia y el espa\u00f1ol se lo llev\u00f3 por 7-5.<\/p>\n<p>En el set siguiente, Schwartzman no se desanim\u00f3 y quebr\u00f3 r\u00e1pidamente para ponerse 2-0. Sin embargo, nuevamente no pudo sostener su juego y lo perdi\u00f3 por 6-3. En la \u00faltima manga volvi\u00f3 a pasar algo similar, el argentino tom\u00f3 r\u00e1pida ventaja pero el que termin\u00f3 triunfando fue Rafa.<\/p>\n<p><a href=\"http:\/\/labestiadeportiva.com\/lbd\/wp-content\/uploads\/2015\/09\/Schwarzmanusopen.png\"><img loading=\"lazy\" class=\"aligncenter size-medium wp-image-17041\" src=\"http:\/\/labestiadeportiva.com\/lbd\/wp-content\/uploads\/2015\/09\/Schwarzmanusopen-300x197.png\" alt=\"Schwarzmanusopen\" width=\"300\" height=\"197\" srcset=\"http:\/\/labestiadeportiva.com\/lbd\/wp-content\/uploads\/2015\/09\/Schwarzmanusopen-300x197.png 300w, http:\/\/labestiadeportiva.com\/lbd\/wp-content\/uploads\/2015\/09\/Schwarzmanusopen-1024x674.png 1024w, http:\/\/labestiadeportiva.com\/lbd\/wp-content\/uploads\/2015\/09\/Schwarzmanusopen.png 1094w\" sizes=\"(max-width: 300px) 100vw, 300px\" \/><\/a>Volviendo a las declaraciones de Guido Pella, su an\u00e1lisis no puede ser m\u00e1s acertado. El tenis nacional deber\u00eda adaptarse al contexto mundial; en el pa\u00eds abundan las canchas de polvo de ladrillo, y tanto el jugador amateur como el profesional argentino crecieron manch\u00e1ndose las medias de naranja.<\/p>\n<p>No vendr\u00eda mal intentar que las canchas r\u00e1pidas ganen un poco de terreno, los resultados a largo plazo justificar\u00edan dicha inversi\u00f3n.<\/p>\n<div class='epvc-post-count'><span class='epvc-eye'><\/span>  <span class=\"epvc-count\"> 1.642<\/span><span class='epvc-label'> veces le\u00edda<\/span><\/div>\n<div class=\"jwsharethis\">\nShare this: \n<br \/>\n<a href=\"mailto:?subject=El%20US%20Open%20se%20qued%C3%B3%20sin%20argentinos&amp;body=http%3A%2F%2Flabestiadeportiva.com%2Flbd%2Fel-us-open-se-quedo-sin-argentinos%2F\">\n<img src=\"http:\/\/labestiadeportiva.com\/lbd\/wp-content\/plugins\/jw-share-this\/email.png\" alt=\"Share this page via Email\" \/>\n<\/a>\n<a target=\"_blank\" href=\"http:\/\/www.stumbleupon.com\/submit?url=http%3A%2F%2Flabestiadeportiva.com%2Flbd%2Fel-us-open-se-quedo-sin-argentinos%2F&amp;title=El+US+Open+se+qued%C3%B3+sin+argentinos\">\n<img src=\"http:\/\/labestiadeportiva.com\/lbd\/wp-content\/plugins\/jw-share-this\/su.png\" alt=\"Share this page via Stumble Upon\" \/>\n<\/a>\n<a target=\"_blank\" href=\"http:\/\/digg.com\/submit?url=http%3A%2F%2Flabestiadeportiva.com%2Flbd%2Fel-us-open-se-quedo-sin-argentinos%2F&amp;title=El+US+Open+se+qued%C3%B3+sin+argentinos\">\n<img src=\"http:\/\/labestiadeportiva.com\/lbd\/wp-content\/plugins\/jw-share-this\/digg.png\" alt=\"Share this page via Digg this\" \/>\n<\/a>\n<a target=\"_blank\" href=\"http:\/\/www.facebook.com\/sharer.php?u=http%3A%2F%2Flabestiadeportiva.com%2Flbd%2Fel-us-open-se-quedo-sin-argentinos%2F&amp;t=El+US+Open+se+qued%C3%B3+sin+argentinos\">\n<img src=\"http:\/\/labestiadeportiva.com\/lbd\/wp-content\/plugins\/jw-share-this\/fb.png\" alt=\"Share this page via Facebook\" \/>\n<\/a>\n<a target=\"_blank\" href=\"http:\/\/twitter.com\/intent\/tweet?text=I+like+http%3A%2F%2Flabestiadeportiva.com%2Flbd%2Fel-us-open-se-quedo-sin-argentinos%2F&amp;title=El+US+Open+se+qued%C3%B3+sin+argentinos\">\n<img src=\"http:\/\/labestiadeportiva.com\/lbd\/wp-content\/plugins\/jw-share-this\/twitter.png\" alt=\"Share this page via Twitter\" \/>\n<\/a>\n<\/div>\n","protected":false},"excerpt":{"rendered":"<p>Por Mat\u00edas Pouso (Corresponsal LBD en CABA) Diego Schwartzman le dio batalla a Nadal, pero finalmente el espa\u00f1ol lo elimin\u00f3 y dej\u00f3 al \u00faltimo Grand Slam de la temporada sin representantes argentinos. El peque hab\u00eda sido el \u00fanico compatriota en superar la primera rueda al vencer al sueco Elias Ymer en tres sets; Delbonis, Mayer &hellip; <a href=\"http:\/\/labestiadeportiva.com\/lbd\/el-us-open-se-quedo-sin-argentinos\/\" class=\"more-link\">Seguir leyendo <span class=\"screen-reader-text\">El US Open se qued\u00f3 sin argentinos<\/span> <span class=\"meta-nav\">&rarr;<\/span><\/a><\/p>\n","protected":false},"author":1,"featured_media":17038,"comment_status":"open","ping_status":"open","sticky":false,"template":"","format":"standard","meta":[],"categories":[4,1,39],"tags":[83,4835,53],"_links":{"self":[{"href":"http:\/\/labestiadeportiva.com\/lbd\/wp-json\/wp\/v2\/posts\/17037"}],"collection":[{"href":"http:\/\/labestiadeportiva.com\/lbd\/wp-json\/wp\/v2\/posts"}],"about":[{"href":"http:\/\/labestiadeportiva.com\/lbd\/wp-json\/wp\/v2\/types\/post"}],"author":[{"embeddable":true,"href":"http:\/\/labestiadeportiva.com\/lbd\/wp-json\/wp\/v2\/users\/1"}],"replies":[{"embeddable":true,"href":"http:\/\/labestiadeportiva.com\/lbd\/wp-json\/wp\/v2\/comments?post=17037"}],"version-history":[{"count":1,"href":"http:\/\/labestiadeportiva.com\/lbd\/wp-json\/wp\/v2\/posts\/17037\/revisions"}],"predecessor-version":[{"id":17042,"href":"http:\/\/labestiadeportiva.com\/lbd\/wp-json\/wp\/v2\/posts\/17037\/revisions\/17042"}],"wp:featuredmedia":[{"embeddable":true,"href":"http:\/\/labestiadeportiva.com\/lbd\/wp-json\/wp\/v2\/media\/17038"}],"wp:attachment":[{"href":"http:\/\/labestiadeportiva.com\/lbd\/wp-json\/wp\/v2\/media?parent=17037"}],"wp:term":[{"taxonomy":"category","embeddable":true,"href":"http:\/\/labestiadeportiva.com\/lbd\/wp-json\/wp\/v2\/categories?post=17037"},{"taxonomy":"post_tag","embeddable":true,"href":"http:\/\/labestiadeportiva.com\/lbd\/wp-json\/wp\/v2\/tags?post=17037"}],"curies":[{"name":"wp","href":"https:\/\/api.w.org\/{rel}","templated":true}]}}