{"id":17063,"date":"2015-09-06T21:03:00","date_gmt":"2015-09-07T00:03:00","guid":{"rendered":"http:\/\/labestiadeportiva.com\/lbd\/?p=17063"},"modified":"2015-09-06T21:03:00","modified_gmt":"2015-09-07T00:03:00","slug":"espana-esta-de-vuelta","status":"publish","type":"post","link":"http:\/\/labestiadeportiva.com\/lbd\/espana-esta-de-vuelta\/","title":{"rendered":"Espa\u00f1a est\u00e1 de vuelta"},"content":{"rendered":"<p>Por Daniel Campos (Corresponsal LBD en Palma de Mallorca, Espa\u00f1a)<\/p>\n<p><a href=\"http:\/\/labestiadeportiva.com\/lbd\/wp-content\/uploads\/2015\/09\/EspEuro.jpg\"><img loading=\"lazy\" class=\"alignleft size-medium wp-image-17064\" src=\"http:\/\/labestiadeportiva.com\/lbd\/wp-content\/uploads\/2015\/09\/EspEuro-300x186.jpg\" alt=\"EspEuro\" width=\"300\" height=\"186\" srcset=\"http:\/\/labestiadeportiva.com\/lbd\/wp-content\/uploads\/2015\/09\/EspEuro-300x186.jpg 300w, http:\/\/labestiadeportiva.com\/lbd\/wp-content\/uploads\/2015\/09\/EspEuro.jpg 630w\" sizes=\"(max-width: 300px) 100vw, 300px\" \/><\/a>La selecci\u00f3n espa\u00f1ola de f\u00fatbol gan\u00f3 por 2 a 0 al representativo de Eslovaquia \u00a0y recuper\u00f3 el liderato del Grupo C en la fase clasificatoria de la Eurocopa de Francia de 2016. En apenas media hora de juego, La Roja cerr\u00f3 el partido con dos goles de Alba e Iniesta.<!--more--><\/p>\n<p>Ambos tantos logrados en la primera parte, primero a los cinco minutos, fue un centro de Silva que ante la indecisi\u00f3n del portero visitante Kosacik de salir o no, permiti\u00f3 que Jordi Alba cabeceara un bal\u00f3n cruzado al fondo de las mallas.<\/p>\n<p>Siempre con el control de las acciones sigui\u00f3 Espa\u00f1a buscando ampliar el marcador y en el minuto 30 una jugada iniciada por Cesc, pase en profundidad para Diego Costa y otra vez Kosakic se equivoca y desestabiliza al hispano brasile\u00f1o, entonces el \u00e1rbitro esloveno Skomina no dud\u00f3 y marc\u00f3 penal.<\/p>\n<p>El encargado de convertir la falta desde los once metros fue Iniesta y el de Albacete no fall\u00f3. Luego fue todo a pedir de boca de la selecci\u00f3n espa\u00f1ola que hizo suya la posesi\u00f3n del bal\u00f3n, no tuvo sobresaltos en defensa, Iker Casillas se luci\u00f3 en un par de atajadas y las impresiones que dej\u00f3 sobre el c\u00e9sped del estadio Carlos Tartiere, en Oviedo fueron muy buenas.<\/p>\n<p>Tras su victoria, Espa\u00f1a ha viajado hasta la ciudad de Skopje para enfrentarse a Macedonia el pr\u00f3ximo d\u00eda martes. En los otros encuentros por el mismo grupo, Luxemburgo bati\u00f3 por 1 a 0 a Macedonia y Ucrania hizo lo propio con Bielorrusia por 3 a 1.<\/p>\n<div class='epvc-post-count'><span class='epvc-eye'><\/span>  <span class=\"epvc-count\"> 1.580<\/span><span class='epvc-label'> veces le\u00edda<\/span><\/div>\n<div class=\"jwsharethis\">\nShare this: \n<br \/>\n<a href=\"mailto:?subject=Espa%C3%B1a%20est%C3%A1%20de%20vuelta&amp;body=http%3A%2F%2Flabestiadeportiva.com%2Flbd%2Fespana-esta-de-vuelta%2F\">\n<img src=\"http:\/\/labestiadeportiva.com\/lbd\/wp-content\/plugins\/jw-share-this\/email.png\" alt=\"Share this page via Email\" \/>\n<\/a>\n<a target=\"_blank\" href=\"http:\/\/www.stumbleupon.com\/submit?url=http%3A%2F%2Flabestiadeportiva.com%2Flbd%2Fespana-esta-de-vuelta%2F&amp;title=Espa%C3%B1a+est%C3%A1+de+vuelta\">\n<img src=\"http:\/\/labestiadeportiva.com\/lbd\/wp-content\/plugins\/jw-share-this\/su.png\" alt=\"Share this page via Stumble Upon\" \/>\n<\/a>\n<a target=\"_blank\" href=\"http:\/\/digg.com\/submit?url=http%3A%2F%2Flabestiadeportiva.com%2Flbd%2Fespana-esta-de-vuelta%2F&amp;title=Espa%C3%B1a+est%C3%A1+de+vuelta\">\n<img src=\"http:\/\/labestiadeportiva.com\/lbd\/wp-content\/plugins\/jw-share-this\/digg.png\" alt=\"Share this page via Digg this\" \/>\n<\/a>\n<a target=\"_blank\" href=\"http:\/\/www.facebook.com\/sharer.php?u=http%3A%2F%2Flabestiadeportiva.com%2Flbd%2Fespana-esta-de-vuelta%2F&amp;t=Espa%C3%B1a+est%C3%A1+de+vuelta\">\n<img src=\"http:\/\/labestiadeportiva.com\/lbd\/wp-content\/plugins\/jw-share-this\/fb.png\" alt=\"Share this page via Facebook\" \/>\n<\/a>\n<a target=\"_blank\" href=\"http:\/\/twitter.com\/intent\/tweet?text=I+like+http%3A%2F%2Flabestiadeportiva.com%2Flbd%2Fespana-esta-de-vuelta%2F&amp;title=Espa%C3%B1a+est%C3%A1+de+vuelta\">\n<img src=\"http:\/\/labestiadeportiva.com\/lbd\/wp-content\/plugins\/jw-share-this\/twitter.png\" alt=\"Share this page via Twitter\" \/>\n<\/a>\n<\/div>\n","protected":false},"excerpt":{"rendered":"<p>Por Daniel Campos (Corresponsal LBD en Palma de Mallorca, Espa\u00f1a) La selecci\u00f3n espa\u00f1ola de f\u00fatbol gan\u00f3 por 2 a 0 al representativo de Eslovaquia \u00a0y recuper\u00f3 el liderato del Grupo C en la fase clasificatoria de la Eurocopa de Francia de 2016. En apenas media hora de juego, La Roja cerr\u00f3 el partido con dos &hellip; <a href=\"http:\/\/labestiadeportiva.com\/lbd\/espana-esta-de-vuelta\/\" class=\"more-link\">Seguir leyendo <span class=\"screen-reader-text\">Espa\u00f1a est\u00e1 de vuelta<\/span> <span class=\"meta-nav\">&rarr;<\/span><\/a><\/p>\n","protected":false},"author":1,"featured_media":17064,"comment_status":"open","ping_status":"open","sticky":false,"template":"","format":"standard","meta":[],"categories":[4,14,1],"tags":[2327,1135,4830,83],"_links":{"self":[{"href":"http:\/\/labestiadeportiva.com\/lbd\/wp-json\/wp\/v2\/posts\/17063"}],"collection":[{"href":"http:\/\/labestiadeportiva.com\/lbd\/wp-json\/wp\/v2\/posts"}],"about":[{"href":"http:\/\/labestiadeportiva.com\/lbd\/wp-json\/wp\/v2\/types\/post"}],"author":[{"embeddable":true,"href":"http:\/\/labestiadeportiva.com\/lbd\/wp-json\/wp\/v2\/users\/1"}],"replies":[{"embeddable":true,"href":"http:\/\/labestiadeportiva.com\/lbd\/wp-json\/wp\/v2\/comments?post=17063"}],"version-history":[{"count":1,"href":"http:\/\/labestiadeportiva.com\/lbd\/wp-json\/wp\/v2\/posts\/17063\/revisions"}],"predecessor-version":[{"id":17065,"href":"http:\/\/labestiadeportiva.com\/lbd\/wp-json\/wp\/v2\/posts\/17063\/revisions\/17065"}],"wp:featuredmedia":[{"embeddable":true,"href":"http:\/\/labestiadeportiva.com\/lbd\/wp-json\/wp\/v2\/media\/17064"}],"wp:attachment":[{"href":"http:\/\/labestiadeportiva.com\/lbd\/wp-json\/wp\/v2\/media?parent=17063"}],"wp:term":[{"taxonomy":"category","embeddable":true,"href":"http:\/\/labestiadeportiva.com\/lbd\/wp-json\/wp\/v2\/categories?post=17063"},{"taxonomy":"post_tag","embeddable":true,"href":"http:\/\/labestiadeportiva.com\/lbd\/wp-json\/wp\/v2\/tags?post=17063"}],"curies":[{"name":"wp","href":"https:\/\/api.w.org\/{rel}","templated":true}]}}