{"id":17172,"date":"2015-09-14T14:02:47","date_gmt":"2015-09-14T17:02:47","guid":{"rendered":"http:\/\/labestiadeportiva.com\/lbd\/?p=17172"},"modified":"2015-09-14T14:02:47","modified_gmt":"2015-09-14T17:02:47","slug":"djokovic-freno-al-expreso-suizo","status":"publish","type":"post","link":"http:\/\/labestiadeportiva.com\/lbd\/djokovic-freno-al-expreso-suizo\/","title":{"rendered":"Djokovic fren\u00f3 al Expreso Suizo"},"content":{"rendered":"<p>Por Mat\u00edas Pouso (Corresponsal LBD en CABA)<\/p>\n<p><a href=\"http:\/\/labestiadeportiva.com\/lbd\/wp-content\/uploads\/2015\/09\/noleusopen2015.jpg\"><img loading=\"lazy\" class=\"alignleft size-medium wp-image-17174\" src=\"http:\/\/labestiadeportiva.com\/lbd\/wp-content\/uploads\/2015\/09\/noleusopen2015-300x168.jpg\" alt=\"noleusopen2015\" width=\"300\" height=\"168\" srcset=\"http:\/\/labestiadeportiva.com\/lbd\/wp-content\/uploads\/2015\/09\/noleusopen2015-300x168.jpg 300w, http:\/\/labestiadeportiva.com\/lbd\/wp-content\/uploads\/2015\/09\/noleusopen2015-1024x575.jpg 1024w, http:\/\/labestiadeportiva.com\/lbd\/wp-content\/uploads\/2015\/09\/noleusopen2015.jpg 1040w\" sizes=\"(max-width: 300px) 100vw, 300px\" \/><\/a>El n\u00famero 1 del mundo se consagr\u00f3 campe\u00f3n del Abierto de los Estados Unidos al vencer en la final a Roger Federer por 6-4, 5-7, 6-4 y 6-4 en 3 horas y 20 minutos. Este fue su segundo t\u00edtulo en Flashing Meadows, tercero de Grand Slam en la temporada y d\u00e9cimo de esta categor\u00eda en su carrera.<!--more--><\/p>\n<p>Roger Federer y Novak Djokovic miraron el cielo neoyorquino durante gran parte del domingo rezando que la lluvia cediera y les permitiera salir a la cancha a disputar la gran final del US Open 2015.<\/p>\n<p>Las horas pasaban, el agua segu\u00eda empapando el estadio Arthur Ashe, ellos segu\u00edan luchando contra la ansiedad y rogaban que la definici\u00f3n del \u00faltimo Grand Slam de la temporada no se pospusiera para el d\u00eda lunes como ya se hizo costumbre en los \u00faltimos a\u00f1os.<\/p>\n<p>Finalmente el cielo se abri\u00f3, las m\u00e1quinas secadoras dejaron el cemento yanqui a punto y los dos mejores jugadores de la actualidad salieron a la cancha ya con la noche y las estrellas como testigos. Con la gran mayor\u00eda del p\u00fablico claramente a favor de Federer, Nole pele\u00f3 en todo momento contra la adversidad.<\/p>\n<p><a href=\"http:\/\/labestiadeportiva.com\/lbd\/wp-content\/uploads\/2015\/09\/nolerogerusopen2015.jpg\"><img loading=\"lazy\" class=\"aligncenter size-medium wp-image-17175\" src=\"http:\/\/labestiadeportiva.com\/lbd\/wp-content\/uploads\/2015\/09\/nolerogerusopen2015-300x169.jpg\" alt=\"nolerogerusopen2015\" width=\"300\" height=\"169\" srcset=\"http:\/\/labestiadeportiva.com\/lbd\/wp-content\/uploads\/2015\/09\/nolerogerusopen2015-300x169.jpg 300w, http:\/\/labestiadeportiva.com\/lbd\/wp-content\/uploads\/2015\/09\/nolerogerusopen2015-1024x577.jpg 1024w, http:\/\/labestiadeportiva.com\/lbd\/wp-content\/uploads\/2015\/09\/nolerogerusopen2015.jpg 1040w\" sizes=\"(max-width: 300px) 100vw, 300px\" \/><\/a>Bajo la atenta mirada de Eva Asderaki-Moore, la primera jueza de silla en impartir justicia en una final masculina de US Open, el n\u00famero 1 del mundo tuvo una fuerte ca\u00edda en el primer set.<\/p>\n<p>Jugando con la rodilla y el codo raspados, el serbio se impuso para ganar el primer set, rompiendo la racha de Federer de 28 sets ganados.<\/p>\n<p>Aunque Federer levant\u00f3 su nivel para quedarse con la segunda manga, el serbio tom\u00f3 nuevamente las riendas en el tercer y cuarto set, salvando 19 de 23 puntos de quiebre en contra.<\/p>\n<p>La clave para Djokovic fue la defensa, ya que en ataque el suizo conect\u00f3 56 tiros ganadores contra solo 35 del campe\u00f3n, pero fue el nacido en Belgrado quien peg\u00f3 en los momentos justos.<\/p>\n<p>En el cuarto parcial, Djokovic sirvi\u00f3 para el partido estando 5-2 y tuvo m\u00faltiples puntos de quiebre en el 15-40 del 5-4, pero ah\u00ed fue cuando m\u00e1s se agrand\u00f3, sac\u00f3 chapa de campe\u00f3n evitando el quiebre y cerrando el partido en ese mismo game.<\/p>\n<p><a href=\"http:\/\/labestiadeportiva.com\/lbd\/wp-content\/uploads\/2015\/09\/nolerogerusopen2015b.jpg\"><img loading=\"lazy\" class=\"aligncenter size-medium wp-image-17178\" src=\"http:\/\/labestiadeportiva.com\/lbd\/wp-content\/uploads\/2015\/09\/nolerogerusopen2015b-300x167.jpg\" alt=\"nolerogerusopen2015b\" width=\"300\" height=\"167\" srcset=\"http:\/\/labestiadeportiva.com\/lbd\/wp-content\/uploads\/2015\/09\/nolerogerusopen2015b-300x167.jpg 300w, http:\/\/labestiadeportiva.com\/lbd\/wp-content\/uploads\/2015\/09\/nolerogerusopen2015b-1024x571.jpg 1024w, http:\/\/labestiadeportiva.com\/lbd\/wp-content\/uploads\/2015\/09\/nolerogerusopen2015b.jpg 1044w\" sizes=\"(max-width: 300px) 100vw, 300px\" \/><\/a>Con la victoria, el serbio nivel\u00f3 el historial contra Federer en 21. Tambi\u00e9n empat\u00f3 con Bill Tilden en la posici\u00f3n n\u00famero 7 en la lista de m\u00e1ximos ganadores de t\u00edtulos individuales de Grand Slam con 10 conquistas.<\/p>\n<p>Durante la premiaci\u00f3n, Djokovic le tir\u00f3 flores a su rival afirmando que <span style=\"color: #0000ff;\">\u00ab\u00e9l sigue mejorando y sigue en marcha\u201d<\/span>. Despu\u00e9s empez\u00f3 la serie de auto elogios y reconocimiento propio recordando que fue la segunda vez en su carrera que gana tres torneos de Grand Slam el mismo a\u00f1o: <span style=\"color: #0000ff;\">\u00abHa sido una temporada incre\u00edble. Junto a 2011, probablemente el mejor de toda mi vida\u00bb<\/span>. Tambi\u00e9n se uni\u00f3 a Federer y Rod Laver en un club de elite: son los \u00fanicos jugadores en la Era Abierta en llegar a las cuatro finales m\u00e1s importantes en una sola temporada. La victoria de Nole confirma el dominio de los \u00abCuatro Grandes\u00bb, que han ganado 39 de los \u00faltimos 43 Grand Slams.<\/p>\n<p><a href=\"http:\/\/labestiadeportiva.com\/lbd\/wp-content\/uploads\/2015\/09\/noleusopen2015b.jpg\"><img loading=\"lazy\" class=\"aligncenter size-medium wp-image-17179\" src=\"http:\/\/labestiadeportiva.com\/lbd\/wp-content\/uploads\/2015\/09\/noleusopen2015b-300x167.jpg\" alt=\"noleusopen2015b\" width=\"300\" height=\"167\" srcset=\"http:\/\/labestiadeportiva.com\/lbd\/wp-content\/uploads\/2015\/09\/noleusopen2015b-300x167.jpg 300w, http:\/\/labestiadeportiva.com\/lbd\/wp-content\/uploads\/2015\/09\/noleusopen2015b-1024x570.jpg 1024w, http:\/\/labestiadeportiva.com\/lbd\/wp-content\/uploads\/2015\/09\/noleusopen2015b.jpg 1043w\" sizes=\"(max-width: 300px) 100vw, 300px\" \/><\/a><\/p>\n<div class='epvc-post-count'><span class='epvc-eye'><\/span>  <span class=\"epvc-count\"> 1.010<\/span><span class='epvc-label'> veces le\u00edda<\/span><\/div>\n<div class=\"jwsharethis\">\nShare this: \n<br \/>\n<a href=\"mailto:?subject=Djokovic%20fren%C3%B3%20al%20Expreso%20Suizo&amp;body=http%3A%2F%2Flabestiadeportiva.com%2Flbd%2Fdjokovic-freno-al-expreso-suizo%2F\">\n<img src=\"http:\/\/labestiadeportiva.com\/lbd\/wp-content\/plugins\/jw-share-this\/email.png\" alt=\"Share this page via Email\" \/>\n<\/a>\n<a target=\"_blank\" href=\"http:\/\/www.stumbleupon.com\/submit?url=http%3A%2F%2Flabestiadeportiva.com%2Flbd%2Fdjokovic-freno-al-expreso-suizo%2F&amp;title=Djokovic+fren%C3%B3+al+Expreso+Suizo\">\n<img src=\"http:\/\/labestiadeportiva.com\/lbd\/wp-content\/plugins\/jw-share-this\/su.png\" alt=\"Share this page via Stumble Upon\" \/>\n<\/a>\n<a target=\"_blank\" href=\"http:\/\/digg.com\/submit?url=http%3A%2F%2Flabestiadeportiva.com%2Flbd%2Fdjokovic-freno-al-expreso-suizo%2F&amp;title=Djokovic+fren%C3%B3+al+Expreso+Suizo\">\n<img src=\"http:\/\/labestiadeportiva.com\/lbd\/wp-content\/plugins\/jw-share-this\/digg.png\" alt=\"Share this page via Digg this\" \/>\n<\/a>\n<a target=\"_blank\" href=\"http:\/\/www.facebook.com\/sharer.php?u=http%3A%2F%2Flabestiadeportiva.com%2Flbd%2Fdjokovic-freno-al-expreso-suizo%2F&amp;t=Djokovic+fren%C3%B3+al+Expreso+Suizo\">\n<img src=\"http:\/\/labestiadeportiva.com\/lbd\/wp-content\/plugins\/jw-share-this\/fb.png\" alt=\"Share this page via Facebook\" \/>\n<\/a>\n<a target=\"_blank\" href=\"http:\/\/twitter.com\/intent\/tweet?text=I+like+http%3A%2F%2Flabestiadeportiva.com%2Flbd%2Fdjokovic-freno-al-expreso-suizo%2F&amp;title=Djokovic+fren%C3%B3+al+Expreso+Suizo\">\n<img src=\"http:\/\/labestiadeportiva.com\/lbd\/wp-content\/plugins\/jw-share-this\/twitter.png\" alt=\"Share this page via Twitter\" \/>\n<\/a>\n<\/div>\n","protected":false},"excerpt":{"rendered":"<p>Por Mat\u00edas Pouso (Corresponsal LBD en CABA) El n\u00famero 1 del mundo se consagr\u00f3 campe\u00f3n del Abierto de los Estados Unidos al vencer en la final a Roger Federer por 6-4, 5-7, 6-4 y 6-4 en 3 horas y 20 minutos. Este fue su segundo t\u00edtulo en Flashing Meadows, tercero de Grand Slam en la &hellip; <a href=\"http:\/\/labestiadeportiva.com\/lbd\/djokovic-freno-al-expreso-suizo\/\" class=\"more-link\">Seguir leyendo <span class=\"screen-reader-text\">Djokovic fren\u00f3 al Expreso Suizo<\/span> <span class=\"meta-nav\">&rarr;<\/span><\/a><\/p>\n","protected":false},"author":1,"featured_media":17174,"comment_status":"open","ping_status":"open","sticky":false,"template":"","format":"standard","meta":[],"categories":[4,1,39],"tags":[83,4835,53],"_links":{"self":[{"href":"http:\/\/labestiadeportiva.com\/lbd\/wp-json\/wp\/v2\/posts\/17172"}],"collection":[{"href":"http:\/\/labestiadeportiva.com\/lbd\/wp-json\/wp\/v2\/posts"}],"about":[{"href":"http:\/\/labestiadeportiva.com\/lbd\/wp-json\/wp\/v2\/types\/post"}],"author":[{"embeddable":true,"href":"http:\/\/labestiadeportiva.com\/lbd\/wp-json\/wp\/v2\/users\/1"}],"replies":[{"embeddable":true,"href":"http:\/\/labestiadeportiva.com\/lbd\/wp-json\/wp\/v2\/comments?post=17172"}],"version-history":[{"count":1,"href":"http:\/\/labestiadeportiva.com\/lbd\/wp-json\/wp\/v2\/posts\/17172\/revisions"}],"predecessor-version":[{"id":17180,"href":"http:\/\/labestiadeportiva.com\/lbd\/wp-json\/wp\/v2\/posts\/17172\/revisions\/17180"}],"wp:featuredmedia":[{"embeddable":true,"href":"http:\/\/labestiadeportiva.com\/lbd\/wp-json\/wp\/v2\/media\/17174"}],"wp:attachment":[{"href":"http:\/\/labestiadeportiva.com\/lbd\/wp-json\/wp\/v2\/media?parent=17172"}],"wp:term":[{"taxonomy":"category","embeddable":true,"href":"http:\/\/labestiadeportiva.com\/lbd\/wp-json\/wp\/v2\/categories?post=17172"},{"taxonomy":"post_tag","embeddable":true,"href":"http:\/\/labestiadeportiva.com\/lbd\/wp-json\/wp\/v2\/tags?post=17172"}],"curies":[{"name":"wp","href":"https:\/\/api.w.org\/{rel}","templated":true}]}}