{"id":17197,"date":"2015-09-15T16:14:51","date_gmt":"2015-09-15T19:14:51","guid":{"rendered":"http:\/\/labestiadeportiva.com\/lbd\/?p=17197"},"modified":"2015-09-15T16:14:51","modified_gmt":"2015-09-15T19:14:51","slug":"entre-los-cinco-mejores","status":"publish","type":"post","link":"http:\/\/labestiadeportiva.com\/lbd\/entre-los-cinco-mejores\/","title":{"rendered":"Entre los cinco mejores"},"content":{"rendered":"<p><a href=\"http:\/\/labestiadeportiva.com\/lbd\/wp-content\/uploads\/2015\/09\/Mailing-12.jpg\"><img loading=\"lazy\" class=\"alignleft size-medium wp-image-17198\" src=\"http:\/\/labestiadeportiva.com\/lbd\/wp-content\/uploads\/2015\/09\/Mailing-12-215x300.jpg\" alt=\"Mailing (1)\" width=\"215\" height=\"300\" srcset=\"http:\/\/labestiadeportiva.com\/lbd\/wp-content\/uploads\/2015\/09\/Mailing-12-215x300.jpg 215w, http:\/\/labestiadeportiva.com\/lbd\/wp-content\/uploads\/2015\/09\/Mailing-12.jpg 520w\" sizes=\"(max-width: 215px) 100vw, 215px\" \/><\/a>El rider ushuaiense Tom\u00e1s Castelli, ex-campe\u00f3n sudamericano de SBX y representante de la instituci\u00f3n, sue\u00f1a con los Juegos Ol\u00edmpicos de Invierno Pyeongchang 2018 y en su regreso a la FIS South American Cup concluy\u00f3 dentro del Top Five, con buenas expectativas para lo que viene. Fuente y fotos prensa CAU.<!--more--><\/p>\n<p>Todo comenz\u00f3 all\u00e1 por el 2012 con la conquista del t\u00edtulo sudamericano en la modalidad Snowboardercross con s\u00f3lo 17 a\u00f1os en Valle Nevado (Chile) y la historia tuvo su continuidad en 2013 con una extensa gira en Europa junto a Diego Linares, donde sum\u00f3 experiencia y aprendi\u00f3 mucho con el objetivo de seguir escalando en la disciplina, adem\u00e1s de participar del Mundial Junior de Turqu\u00eda.<\/p>\n<p>Sin embargo, cuando retorn\u00f3 al pa\u00eds, se enfrent\u00f3 con la dura realidad econ\u00f3mica y tuvo que replantearse la idea de seguir luchando por su sue\u00f1o: <span style=\"color: #0000ff;\">\u201cHaber llegado despu\u00e9s de una temporada terrible en Europa y correr ac\u00e1 una sola carrera sin recibir apoyo nacional me desmoraliz\u00f3 bastante y tuve momentos de duda por lo que decid\u00ed no viajar a competir en el verano del a\u00f1o pasado\u201d.<\/span><\/p>\n<p>Tras estar trabajando en Bariloche durante 2014, un nuevo objetivo se plante\u00f3 en su camino, el de los JJOO de Invierno China 2018 y hacia all\u00ed apunt\u00f3 la mira. Se fue de gira a Canad\u00e1 para participar de varias carreras de la North American Cup y el Campeonato Local, donde volvi\u00f3 a entrar en ritmo para llegar en buenas condiciones a la temporada del cono sur, m\u00e1s precisamente a la South American Cup.<\/p>\n<p>Su primera parada en el calendario fue Corralco, en Chile, donde se ubic\u00f3 cuarto y quinto en las dos carreras realizadas ante los equipos canadiense, argentino y chileno, con sus mejores competidores.<\/p>\n<p>La segunda exigencia lo manten\u00eda en suelo trasandino, para la SAC de Antillanca: <span style=\"color: #0000ff;\">\u00abDespu\u00e9s del inicio del campeonato volv\u00ed a Bariloche con la idea de andar y mantener el cuerpo en movimiento para encarar las dos siguientes fechas a donde ir\u00edamos nuevamente con el Colo (Herrainz). Llegamos el 28 de agosto y nos encontramos con los chicos de San Martin de los Andes con quienes nos alojamos en unas caba\u00f1as\u00bb<\/span>, manifest\u00f3.<\/p>\n<p>A lo que agreg\u00f3:<span style=\"color: #0000ff;\"> \u00abLos entrenamientos se suspendieron por lluvias por lo que se plante\u00f3 la posibilidad de hacer las dos fechas el mismo d\u00eda y las clasificaciones y entrenamientos un d\u00eda antes. En la primera competencia llegue a la Small Final que define del 5\u00ba al 8\u00ba terminando 7\u00ba mientras que en la segunda entr\u00e9 10\u00ba\u00bb.<\/span><\/p>\n<p>Con estos resultados puso fin al Campeonato Sudamericano FIS, terminando 5\u00ba en el ranking general lo cual es bueno por su retorno y la proyecci\u00f3n armada con los JJOO entre ceja y ceja, mostrando todo el talento surgido de la Escuela de Snowboard del CAU.<\/p>\n<p>Quedan tres temporadas por delante y la ilusi\u00f3n est\u00e1 m\u00e1s viva que nunca. Adelante, Tomy!<\/p>\n<p><a href=\"http:\/\/labestiadeportiva.com\/lbd\/wp-content\/uploads\/2015\/09\/Mailing-21.jpg\"><img loading=\"lazy\" class=\"aligncenter size-medium wp-image-17199\" src=\"http:\/\/labestiadeportiva.com\/lbd\/wp-content\/uploads\/2015\/09\/Mailing-21-300x262.jpg\" alt=\"Mailing (2)\" width=\"300\" height=\"262\" srcset=\"http:\/\/labestiadeportiva.com\/lbd\/wp-content\/uploads\/2015\/09\/Mailing-21-300x262.jpg 300w, http:\/\/labestiadeportiva.com\/lbd\/wp-content\/uploads\/2015\/09\/Mailing-21-1024x893.jpg 1024w, http:\/\/labestiadeportiva.com\/lbd\/wp-content\/uploads\/2015\/09\/Mailing-21.jpg 1356w\" sizes=\"(max-width: 300px) 100vw, 300px\" \/><\/a><\/p>\n<div class='epvc-post-count'><span class='epvc-eye'><\/span>  <span class=\"epvc-count\"> 996<\/span><span class='epvc-label'> veces le\u00edda<\/span><\/div>\n<div class=\"jwsharethis\">\nShare this: \n<br \/>\n<a href=\"mailto:?subject=Entre%20los%20cinco%20mejores&amp;body=http%3A%2F%2Flabestiadeportiva.com%2Flbd%2Fentre-los-cinco-mejores%2F\">\n<img src=\"http:\/\/labestiadeportiva.com\/lbd\/wp-content\/plugins\/jw-share-this\/email.png\" alt=\"Share this page via Email\" \/>\n<\/a>\n<a target=\"_blank\" href=\"http:\/\/www.stumbleupon.com\/submit?url=http%3A%2F%2Flabestiadeportiva.com%2Flbd%2Fentre-los-cinco-mejores%2F&amp;title=Entre+los+cinco+mejores\">\n<img src=\"http:\/\/labestiadeportiva.com\/lbd\/wp-content\/plugins\/jw-share-this\/su.png\" alt=\"Share this page via Stumble Upon\" \/>\n<\/a>\n<a target=\"_blank\" href=\"http:\/\/digg.com\/submit?url=http%3A%2F%2Flabestiadeportiva.com%2Flbd%2Fentre-los-cinco-mejores%2F&amp;title=Entre+los+cinco+mejores\">\n<img src=\"http:\/\/labestiadeportiva.com\/lbd\/wp-content\/plugins\/jw-share-this\/digg.png\" alt=\"Share this page via Digg this\" \/>\n<\/a>\n<a target=\"_blank\" href=\"http:\/\/www.facebook.com\/sharer.php?u=http%3A%2F%2Flabestiadeportiva.com%2Flbd%2Fentre-los-cinco-mejores%2F&amp;t=Entre+los+cinco+mejores\">\n<img src=\"http:\/\/labestiadeportiva.com\/lbd\/wp-content\/plugins\/jw-share-this\/fb.png\" alt=\"Share this page via Facebook\" \/>\n<\/a>\n<a target=\"_blank\" href=\"http:\/\/twitter.com\/intent\/tweet?text=I+like+http%3A%2F%2Flabestiadeportiva.com%2Flbd%2Fentre-los-cinco-mejores%2F&amp;title=Entre+los+cinco+mejores\">\n<img src=\"http:\/\/labestiadeportiva.com\/lbd\/wp-content\/plugins\/jw-share-this\/twitter.png\" alt=\"Share this page via Twitter\" \/>\n<\/a>\n<\/div>\n","protected":false},"excerpt":{"rendered":"<p>El rider ushuaiense Tom\u00e1s Castelli, ex-campe\u00f3n sudamericano de SBX y representante de la instituci\u00f3n, sue\u00f1a con los Juegos Ol\u00edmpicos de Invierno Pyeongchang 2018 y en su regreso a la FIS South American Cup concluy\u00f3 dentro del Top Five, con buenas expectativas para lo que viene. Fuente y fotos prensa CAU. 996 veces le\u00edda Share this:<\/p>\n","protected":false},"author":1,"featured_media":17198,"comment_status":"open","ping_status":"open","sticky":false,"template":"","format":"standard","meta":[],"categories":[5,41,1,2300],"tags":[42,83,358,359],"_links":{"self":[{"href":"http:\/\/labestiadeportiva.com\/lbd\/wp-json\/wp\/v2\/posts\/17197"}],"collection":[{"href":"http:\/\/labestiadeportiva.com\/lbd\/wp-json\/wp\/v2\/posts"}],"about":[{"href":"http:\/\/labestiadeportiva.com\/lbd\/wp-json\/wp\/v2\/types\/post"}],"author":[{"embeddable":true,"href":"http:\/\/labestiadeportiva.com\/lbd\/wp-json\/wp\/v2\/users\/1"}],"replies":[{"embeddable":true,"href":"http:\/\/labestiadeportiva.com\/lbd\/wp-json\/wp\/v2\/comments?post=17197"}],"version-history":[{"count":1,"href":"http:\/\/labestiadeportiva.com\/lbd\/wp-json\/wp\/v2\/posts\/17197\/revisions"}],"predecessor-version":[{"id":17200,"href":"http:\/\/labestiadeportiva.com\/lbd\/wp-json\/wp\/v2\/posts\/17197\/revisions\/17200"}],"wp:featuredmedia":[{"embeddable":true,"href":"http:\/\/labestiadeportiva.com\/lbd\/wp-json\/wp\/v2\/media\/17198"}],"wp:attachment":[{"href":"http:\/\/labestiadeportiva.com\/lbd\/wp-json\/wp\/v2\/media?parent=17197"}],"wp:term":[{"taxonomy":"category","embeddable":true,"href":"http:\/\/labestiadeportiva.com\/lbd\/wp-json\/wp\/v2\/categories?post=17197"},{"taxonomy":"post_tag","embeddable":true,"href":"http:\/\/labestiadeportiva.com\/lbd\/wp-json\/wp\/v2\/tags?post=17197"}],"curies":[{"name":"wp","href":"https:\/\/api.w.org\/{rel}","templated":true}]}}