{"id":17236,"date":"2015-09-16T19:35:57","date_gmt":"2015-09-16T22:35:57","guid":{"rendered":"http:\/\/labestiadeportiva.com\/lbd\/?p=17236"},"modified":"2015-09-16T19:35:57","modified_gmt":"2015-09-16T22:35:57","slug":"cerro-castor-se-prepara-para-las-carreras-fis","status":"publish","type":"post","link":"http:\/\/labestiadeportiva.com\/lbd\/cerro-castor-se-prepara-para-las-carreras-fis\/","title":{"rendered":"Cerro Castor se prepara para las carreras FIS"},"content":{"rendered":"<p><a href=\"http:\/\/labestiadeportiva.com\/lbd\/wp-content\/uploads\/2015\/09\/AC_5361.jpg\"><img loading=\"lazy\" class=\"alignleft size-medium wp-image-17237\" src=\"http:\/\/labestiadeportiva.com\/lbd\/wp-content\/uploads\/2015\/09\/AC_5361-300x200.jpg\" alt=\"_AC_5361\" width=\"300\" height=\"200\" srcset=\"http:\/\/labestiadeportiva.com\/lbd\/wp-content\/uploads\/2015\/09\/AC_5361-300x200.jpg 300w, http:\/\/labestiadeportiva.com\/lbd\/wp-content\/uploads\/2015\/09\/AC_5361-1024x683.jpg 1024w\" sizes=\"(max-width: 300px) 100vw, 300px\" \/><\/a>El centro de esqu\u00ed m\u00e1s austral del mundo, se prepara para una nueva edici\u00f3n de las Carreras FIS, uno de los circuitos invernales m\u00e1s esperados que estar\u00e1 integrado por especialidades de slalom y slalom gigante. Fuente y foto prensa Cerro Castor.<!--more--><\/p>\n<p>Presentada por Alpine Skate junto con el Club Andino Ushuaia, la competencia donde participar\u00e1n los mejores equipos locales e internacionales, se realizar\u00e1 desde el lunes 21 hasta el jueves 24 de septiembre entre las 9. 30 hasta cerca de las 13 horas en la pista \u00abLas Rocas\u00bb.<\/p>\n<div class='epvc-post-count'><span class='epvc-eye'><\/span>  <span class=\"epvc-count\"> 1.256<\/span><span class='epvc-label'> veces le\u00edda<\/span><\/div>\n<div class=\"jwsharethis\">\nShare this: \n<br \/>\n<a href=\"mailto:?subject=Cerro%20Castor%20se%20prepara%20para%20las%20carreras%20FIS&amp;body=http%3A%2F%2Flabestiadeportiva.com%2Flbd%2Fcerro-castor-se-prepara-para-las-carreras-fis%2F\">\n<img src=\"http:\/\/labestiadeportiva.com\/lbd\/wp-content\/plugins\/jw-share-this\/email.png\" alt=\"Share this page via Email\" \/>\n<\/a>\n<a target=\"_blank\" href=\"http:\/\/www.stumbleupon.com\/submit?url=http%3A%2F%2Flabestiadeportiva.com%2Flbd%2Fcerro-castor-se-prepara-para-las-carreras-fis%2F&amp;title=Cerro+Castor+se+prepara+para+las+carreras+FIS\">\n<img src=\"http:\/\/labestiadeportiva.com\/lbd\/wp-content\/plugins\/jw-share-this\/su.png\" alt=\"Share this page via Stumble Upon\" \/>\n<\/a>\n<a target=\"_blank\" href=\"http:\/\/digg.com\/submit?url=http%3A%2F%2Flabestiadeportiva.com%2Flbd%2Fcerro-castor-se-prepara-para-las-carreras-fis%2F&amp;title=Cerro+Castor+se+prepara+para+las+carreras+FIS\">\n<img src=\"http:\/\/labestiadeportiva.com\/lbd\/wp-content\/plugins\/jw-share-this\/digg.png\" alt=\"Share this page via Digg this\" \/>\n<\/a>\n<a target=\"_blank\" href=\"http:\/\/www.facebook.com\/sharer.php?u=http%3A%2F%2Flabestiadeportiva.com%2Flbd%2Fcerro-castor-se-prepara-para-las-carreras-fis%2F&amp;t=Cerro+Castor+se+prepara+para+las+carreras+FIS\">\n<img src=\"http:\/\/labestiadeportiva.com\/lbd\/wp-content\/plugins\/jw-share-this\/fb.png\" alt=\"Share this page via Facebook\" \/>\n<\/a>\n<a target=\"_blank\" href=\"http:\/\/twitter.com\/intent\/tweet?text=I+like+http%3A%2F%2Flabestiadeportiva.com%2Flbd%2Fcerro-castor-se-prepara-para-las-carreras-fis%2F&amp;title=Cerro+Castor+se+prepara+para+las+carreras+FIS\">\n<img src=\"http:\/\/labestiadeportiva.com\/lbd\/wp-content\/plugins\/jw-share-this\/twitter.png\" alt=\"Share this page via Twitter\" \/>\n<\/a>\n<\/div>\n","protected":false},"excerpt":{"rendered":"<p>El centro de esqu\u00ed m\u00e1s austral del mundo, se prepara para una nueva edici\u00f3n de las Carreras FIS, uno de los circuitos invernales m\u00e1s esperados que estar\u00e1 integrado por especialidades de slalom y slalom gigante. Fuente y foto prensa Cerro Castor. 1.256 veces le\u00edda Share this:<\/p>\n","protected":false},"author":1,"featured_media":17237,"comment_status":"open","ping_status":"open","sticky":false,"template":"","format":"standard","meta":[],"categories":[5,4,6,41,1],"tags":[905,2351,42,2350],"_links":{"self":[{"href":"http:\/\/labestiadeportiva.com\/lbd\/wp-json\/wp\/v2\/posts\/17236"}],"collection":[{"href":"http:\/\/labestiadeportiva.com\/lbd\/wp-json\/wp\/v2\/posts"}],"about":[{"href":"http:\/\/labestiadeportiva.com\/lbd\/wp-json\/wp\/v2\/types\/post"}],"author":[{"embeddable":true,"href":"http:\/\/labestiadeportiva.com\/lbd\/wp-json\/wp\/v2\/users\/1"}],"replies":[{"embeddable":true,"href":"http:\/\/labestiadeportiva.com\/lbd\/wp-json\/wp\/v2\/comments?post=17236"}],"version-history":[{"count":1,"href":"http:\/\/labestiadeportiva.com\/lbd\/wp-json\/wp\/v2\/posts\/17236\/revisions"}],"predecessor-version":[{"id":17238,"href":"http:\/\/labestiadeportiva.com\/lbd\/wp-json\/wp\/v2\/posts\/17236\/revisions\/17238"}],"wp:featuredmedia":[{"embeddable":true,"href":"http:\/\/labestiadeportiva.com\/lbd\/wp-json\/wp\/v2\/media\/17237"}],"wp:attachment":[{"href":"http:\/\/labestiadeportiva.com\/lbd\/wp-json\/wp\/v2\/media?parent=17236"}],"wp:term":[{"taxonomy":"category","embeddable":true,"href":"http:\/\/labestiadeportiva.com\/lbd\/wp-json\/wp\/v2\/categories?post=17236"},{"taxonomy":"post_tag","embeddable":true,"href":"http:\/\/labestiadeportiva.com\/lbd\/wp-json\/wp\/v2\/tags?post=17236"}],"curies":[{"name":"wp","href":"https:\/\/api.w.org\/{rel}","templated":true}]}}