{"id":17445,"date":"2015-09-29T20:02:57","date_gmt":"2015-09-29T23:02:57","guid":{"rendered":"http:\/\/labestiadeportiva.com\/lbd\/?p=17445"},"modified":"2015-09-29T20:02:57","modified_gmt":"2015-09-29T23:02:57","slug":"monaco-y-palomo-en-el-aniversario-de-chile","status":"publish","type":"post","link":"http:\/\/labestiadeportiva.com\/lbd\/monaco-y-palomo-en-el-aniversario-de-chile\/","title":{"rendered":"M\u00f3naco y Palomo en el aniversario de Chile"},"content":{"rendered":"<p><a href=\"http:\/\/labestiadeportiva.com\/lbd\/wp-content\/uploads\/2015\/09\/Imagen-052.jpg\"><img loading=\"lazy\" class=\"alignleft size-medium wp-image-17446\" src=\"http:\/\/labestiadeportiva.com\/lbd\/wp-content\/uploads\/2015\/09\/Imagen-052-300x201.jpg\" alt=\"Imagen 052\" width=\"300\" height=\"201\" srcset=\"http:\/\/labestiadeportiva.com\/lbd\/wp-content\/uploads\/2015\/09\/Imagen-052-300x201.jpg 300w, http:\/\/labestiadeportiva.com\/lbd\/wp-content\/uploads\/2015\/09\/Imagen-052.jpg 800w\" sizes=\"(max-width: 300px) 100vw, 300px\" \/><\/a>El domingo a media ma\u00f1ana se disput\u00f3 la prueba atl\u00e9tica \u201c205 Aniversario de la Independencia de Chile\u201d. 47 atletas formaron parte del recorrido de poco m\u00e1s de 10 k. Eduardo M\u00f3naco (36\u00b445\u00b4\u00b4) y Silvia Palomo (48\u00b411\u00b4\u00b4) se impusieron en sus segmentos.<!--more--><\/p>\n<p>Con condiciones clim\u00e1ticas ideales se realiz\u00f3 la tradicional competencia atl\u00e9tica que se puso en marcha frente al Consulado de la calle Jain\u00e9n concluyendo en el ingreso del Centro de Residentes \u201cGabriela Mistral\u201d ubicado camino al Parque Nacional Tierra del Fuego.<\/p>\n<p>La jornada fue organizada y fiscalizada por la flamante agrupaci\u00f3n atl\u00e9tica \u201cNehu\u00e9n Pullu\u201d denominaci\u00f3n en lengua mapuche que significa \u201cFuerza y Esp\u00edritu\u201d.<\/p>\n<p><a href=\"http:\/\/labestiadeportiva.com\/lbd\/wp-content\/uploads\/2015\/09\/Imagen-056.jpg\"><img loading=\"lazy\" class=\"aligncenter size-medium wp-image-17447\" src=\"http:\/\/labestiadeportiva.com\/lbd\/wp-content\/uploads\/2015\/09\/Imagen-056-300x165.jpg\" alt=\"Imagen 056\" width=\"300\" height=\"165\" srcset=\"http:\/\/labestiadeportiva.com\/lbd\/wp-content\/uploads\/2015\/09\/Imagen-056-300x165.jpg 300w, http:\/\/labestiadeportiva.com\/lbd\/wp-content\/uploads\/2015\/09\/Imagen-056.jpg 800w\" sizes=\"(max-width: 300px) 100vw, 300px\" \/><\/a>En esta oportunidad y principalmente por las ben\u00e9volas para la pr\u00e1ctica del deporte al aire libre se disput\u00f3 una edici\u00f3n sumamente r\u00e1pida.<\/p>\n<p>A la hora de la partida Javier V\u00e1squez tomaba la delantera seguido de cerca por M\u00f3naco y Ru\u00edz. Ya en el ingreso a la rotonda del aeropuerto internacional \u201cMalvinas Argentinas\u201d M\u00f3naco tomaba la delantera, posici\u00f3n que no abandonar\u00eda hasta el final, a esa altura ya escoltado por C\u00e9sar Ru\u00edz.<\/p>\n<p>La cosa en las damas estaba m\u00e1s que clara Palomo marcaba el ritmo de la carrera. Al salir nuevamente a la avenida Hip\u00f3lito Irigoyen todo fue cuesta arriba. M\u00f3naco comenzaba a sacarle importantes metros de ventaja a Ru\u00edz mientras que V\u00e1zquez comenzaba a perder terreno y posiciones.<\/p>\n<p><a href=\"http:\/\/labestiadeportiva.com\/lbd\/wp-content\/uploads\/2015\/09\/Imagen-063.jpg\"><img loading=\"lazy\" class=\"aligncenter size-medium wp-image-17448\" src=\"http:\/\/labestiadeportiva.com\/lbd\/wp-content\/uploads\/2015\/09\/Imagen-063-300x200.jpg\" alt=\"Imagen 063\" width=\"300\" height=\"200\" srcset=\"http:\/\/labestiadeportiva.com\/lbd\/wp-content\/uploads\/2015\/09\/Imagen-063-300x200.jpg 300w, http:\/\/labestiadeportiva.com\/lbd\/wp-content\/uploads\/2015\/09\/Imagen-063.jpg 800w\" sizes=\"(max-width: 300px) 100vw, 300px\" \/><\/a>La trepada final encontr\u00f3 al vencedor con muchos metros de ventaja sobre su inmediato perseguidor, que a la hora de graficar en los relojes fueron casi 20 segundos. El tercer escal\u00f3n del podio fue para Joaqu\u00edn Torres quien cruz\u00f3 la meta casi dos minutos despu\u00e9s que el vencedor.<\/p>\n<p>En el segmento femenino no hubo sorpresas Silvia Palomo se impon\u00eda claramente en 48 minutos y 11 segundos, Marisol Zoratto fue su escolta a poco m\u00e1s de un minuto mientras que la tercera posici\u00f3n qued\u00f3 en manos de Elba Mor\u00e1n quien concluy\u00f3 el recorrido casi tres minutos por detr\u00e1s de la triunfadora.<\/p>\n<p><a href=\"http:\/\/labestiadeportiva.com\/lbd\/wp-content\/uploads\/2015\/09\/Imagen-067.jpg\"><img loading=\"lazy\" class=\"aligncenter size-medium wp-image-17449\" src=\"http:\/\/labestiadeportiva.com\/lbd\/wp-content\/uploads\/2015\/09\/Imagen-067-300x269.jpg\" alt=\"Imagen 067\" width=\"300\" height=\"269\" srcset=\"http:\/\/labestiadeportiva.com\/lbd\/wp-content\/uploads\/2015\/09\/Imagen-067-300x269.jpg 300w, http:\/\/labestiadeportiva.com\/lbd\/wp-content\/uploads\/2015\/09\/Imagen-067.jpg 668w\" sizes=\"(max-width: 300px) 100vw, 300px\" \/><\/a>De a poco fueron culminando todos los atletas. Cerca de la una y media de la tarde se realiz\u00f3 la entrega de premios en instalaciones del Centro de Residentes local que cada vez que visitamos luce con alguna mejora.<\/p>\n<p>De esta forma finaliz\u00f3 una nueva edici\u00f3n de la competencia aniversario que fue disputada a pleno sol por un n\u00famero interesantes de fondistas y semifondistas que le dieron el marco que la prueba se merece. Felicitaciones para todos.<\/p>\n<p><span style=\"color: #0000ff;\"><a href=\"http:\/\/labestiadeportiva.com\/lbd\/wp-content\/uploads\/2015\/09\/Imagen-076.jpg\"><img loading=\"lazy\" class=\"aligncenter size-medium wp-image-17450\" src=\"http:\/\/labestiadeportiva.com\/lbd\/wp-content\/uploads\/2015\/09\/Imagen-076-300x197.jpg\" alt=\"Imagen 076\" width=\"300\" height=\"197\" srcset=\"http:\/\/labestiadeportiva.com\/lbd\/wp-content\/uploads\/2015\/09\/Imagen-076-300x197.jpg 300w, http:\/\/labestiadeportiva.com\/lbd\/wp-content\/uploads\/2015\/09\/Imagen-076.jpg 800w\" sizes=\"(max-width: 300px) 100vw, 300px\" \/><\/a>Los Podios<\/span><br \/>\nCaballeros<br \/>\n<span style=\"color: #ff0000;\">1\u00ba Eduardo M\u00f3naco 36\u00b445\u00b4\u00b4<\/span><br \/>\n2\u00ba C\u00e9sar Ru\u00edz 37\u00b403\u00b4\u00b4<br \/>\n3\u00ba Joaqu\u00edn Alejandro Torres 38\u00b450\u00b4\u00b4<br \/>\nDamas<br \/>\n<span style=\"color: #ff0000;\">1\u00ba Silvia Palomo 48\u00b411\u00b4\u00b4<\/span><br \/>\n2\u00ba Marisol Zoratto 49\u00b417\u00b4\u00b4<br \/>\n3\u00ba Elba Mor\u00e1n 50\u00b445\u00b4\u00b4<\/p>\n<p><a href=\"http:\/\/labestiadeportiva.com\/lbd\/wp-content\/uploads\/2015\/09\/Imagen-075.jpg\"><img loading=\"lazy\" class=\"aligncenter size-medium wp-image-17451\" src=\"http:\/\/labestiadeportiva.com\/lbd\/wp-content\/uploads\/2015\/09\/Imagen-075-300x195.jpg\" alt=\"Imagen 075\" width=\"300\" height=\"195\" srcset=\"http:\/\/labestiadeportiva.com\/lbd\/wp-content\/uploads\/2015\/09\/Imagen-075-300x195.jpg 300w, http:\/\/labestiadeportiva.com\/lbd\/wp-content\/uploads\/2015\/09\/Imagen-075.jpg 800w\" sizes=\"(max-width: 300px) 100vw, 300px\" \/><\/a><\/p>\n<div class='epvc-post-count'><span class='epvc-eye'><\/span>  <span class=\"epvc-count\"> 1.748<\/span><span class='epvc-label'> veces le\u00edda<\/span><\/div>\n<div class=\"jwsharethis\">\nShare this: \n<br \/>\n<a href=\"mailto:?subject=M%C3%B3naco%20y%20Palomo%20en%20el%20aniversario%20de%20Chile&amp;body=http%3A%2F%2Flabestiadeportiva.com%2Flbd%2Fmonaco-y-palomo-en-el-aniversario-de-chile%2F\">\n<img src=\"http:\/\/labestiadeportiva.com\/lbd\/wp-content\/plugins\/jw-share-this\/email.png\" alt=\"Share this page via Email\" \/>\n<\/a>\n<a target=\"_blank\" href=\"http:\/\/www.stumbleupon.com\/submit?url=http%3A%2F%2Flabestiadeportiva.com%2Flbd%2Fmonaco-y-palomo-en-el-aniversario-de-chile%2F&amp;title=M%C3%B3naco+y+Palomo+en+el+aniversario+de+Chile\">\n<img src=\"http:\/\/labestiadeportiva.com\/lbd\/wp-content\/plugins\/jw-share-this\/su.png\" alt=\"Share this page via Stumble Upon\" \/>\n<\/a>\n<a target=\"_blank\" href=\"http:\/\/digg.com\/submit?url=http%3A%2F%2Flabestiadeportiva.com%2Flbd%2Fmonaco-y-palomo-en-el-aniversario-de-chile%2F&amp;title=M%C3%B3naco+y+Palomo+en+el+aniversario+de+Chile\">\n<img src=\"http:\/\/labestiadeportiva.com\/lbd\/wp-content\/plugins\/jw-share-this\/digg.png\" alt=\"Share this page via Digg this\" \/>\n<\/a>\n<a target=\"_blank\" href=\"http:\/\/www.facebook.com\/sharer.php?u=http%3A%2F%2Flabestiadeportiva.com%2Flbd%2Fmonaco-y-palomo-en-el-aniversario-de-chile%2F&amp;t=M%C3%B3naco+y+Palomo+en+el+aniversario+de+Chile\">\n<img src=\"http:\/\/labestiadeportiva.com\/lbd\/wp-content\/plugins\/jw-share-this\/fb.png\" alt=\"Share this page via Facebook\" \/>\n<\/a>\n<a target=\"_blank\" href=\"http:\/\/twitter.com\/intent\/tweet?text=I+like+http%3A%2F%2Flabestiadeportiva.com%2Flbd%2Fmonaco-y-palomo-en-el-aniversario-de-chile%2F&amp;title=M%C3%B3naco+y+Palomo+en+el+aniversario+de+Chile\">\n<img src=\"http:\/\/labestiadeportiva.com\/lbd\/wp-content\/plugins\/jw-share-this\/twitter.png\" alt=\"Share this page via Twitter\" \/>\n<\/a>\n<\/div>\n","protected":false},"excerpt":{"rendered":"<p>El domingo a media ma\u00f1ana se disput\u00f3 la prueba atl\u00e9tica \u201c205 Aniversario de la Independencia de Chile\u201d. 47 atletas formaron parte del recorrido de poco m\u00e1s de 10 k. Eduardo M\u00f3naco (36\u00b445\u00b4\u00b4) y Silvia Palomo (48\u00b411\u00b4\u00b4) se impusieron en sus segmentos. 1.748 veces le\u00edda Share this:<\/p>\n","protected":false},"author":1,"featured_media":17446,"comment_status":"open","ping_status":"open","sticky":false,"template":"","format":"standard","meta":[],"categories":[22,5,1],"tags":[2376,4831,83,2375],"_links":{"self":[{"href":"http:\/\/labestiadeportiva.com\/lbd\/wp-json\/wp\/v2\/posts\/17445"}],"collection":[{"href":"http:\/\/labestiadeportiva.com\/lbd\/wp-json\/wp\/v2\/posts"}],"about":[{"href":"http:\/\/labestiadeportiva.com\/lbd\/wp-json\/wp\/v2\/types\/post"}],"author":[{"embeddable":true,"href":"http:\/\/labestiadeportiva.com\/lbd\/wp-json\/wp\/v2\/users\/1"}],"replies":[{"embeddable":true,"href":"http:\/\/labestiadeportiva.com\/lbd\/wp-json\/wp\/v2\/comments?post=17445"}],"version-history":[{"count":1,"href":"http:\/\/labestiadeportiva.com\/lbd\/wp-json\/wp\/v2\/posts\/17445\/revisions"}],"predecessor-version":[{"id":17452,"href":"http:\/\/labestiadeportiva.com\/lbd\/wp-json\/wp\/v2\/posts\/17445\/revisions\/17452"}],"wp:featuredmedia":[{"embeddable":true,"href":"http:\/\/labestiadeportiva.com\/lbd\/wp-json\/wp\/v2\/media\/17446"}],"wp:attachment":[{"href":"http:\/\/labestiadeportiva.com\/lbd\/wp-json\/wp\/v2\/media?parent=17445"}],"wp:term":[{"taxonomy":"category","embeddable":true,"href":"http:\/\/labestiadeportiva.com\/lbd\/wp-json\/wp\/v2\/categories?post=17445"},{"taxonomy":"post_tag","embeddable":true,"href":"http:\/\/labestiadeportiva.com\/lbd\/wp-json\/wp\/v2\/tags?post=17445"}],"curies":[{"name":"wp","href":"https:\/\/api.w.org\/{rel}","templated":true}]}}