{"id":17565,"date":"2015-10-07T11:07:18","date_gmt":"2015-10-07T14:07:18","guid":{"rendered":"http:\/\/labestiadeportiva.com\/lbd\/?p=17565"},"modified":"2015-11-03T15:19:31","modified_gmt":"2015-11-03T18:19:31","slug":"ya-estan-en-competencia","status":"publish","type":"post","link":"http:\/\/labestiadeportiva.com\/lbd\/ya-estan-en-competencia\/","title":{"rendered":"Ya est\u00e1n en competencia"},"content":{"rendered":"<p>Por Mauricio Zentner Lavori (Especial para LBD desde Mar del Plata)<\/p>\n<p><a href=\"http:\/\/labestiadeportiva.com\/lbd\/wp-content\/uploads\/2015\/10\/12003970_998105720212060_5140244892705458347_n.jpg\"><img loading=\"lazy\" class=\"alignleft size-medium wp-image-17570\" src=\"http:\/\/labestiadeportiva.com\/lbd\/wp-content\/uploads\/2015\/10\/12003970_998105720212060_5140244892705458347_n-300x166.jpg\" alt=\"12003970_998105720212060_5140244892705458347_n\" width=\"300\" height=\"166\" srcset=\"http:\/\/labestiadeportiva.com\/lbd\/wp-content\/uploads\/2015\/10\/12003970_998105720212060_5140244892705458347_n-300x166.jpg 300w, http:\/\/labestiadeportiva.com\/lbd\/wp-content\/uploads\/2015\/10\/12003970_998105720212060_5140244892705458347_n.jpg 960w\" sizes=\"(max-width: 300px) 100vw, 300px\" \/><\/a>Comienza la cobertura de nuestro joven y talentoso periodista que debuta en los Nacionales del Evita. Este martes fue el primer d\u00eda de acci\u00f3n en una nublada Mar del Plata. Hasta el pr\u00f3ximo s\u00e1bado los fueguinos luchar\u00e1n por terminar en lo m\u00e1s alto de sus disciplinas. Compartimos el completo informe del D\u00eda 1.<!--more--><\/p>\n<p><a href=\"http:\/\/labestiadeportiva.com\/lbd\/wp-content\/uploads\/2015\/10\/12118850_997984890224143_2522959491106524732_n.jpg\"><img loading=\"lazy\" class=\"aligncenter size-medium wp-image-17571\" src=\"http:\/\/labestiadeportiva.com\/lbd\/wp-content\/uploads\/2015\/10\/12118850_997984890224143_2522959491106524732_n-300x200.jpg\" alt=\"12118850_997984890224143_2522959491106524732_n\" width=\"300\" height=\"200\" srcset=\"http:\/\/labestiadeportiva.com\/lbd\/wp-content\/uploads\/2015\/10\/12118850_997984890224143_2522959491106524732_n-300x200.jpg 300w, http:\/\/labestiadeportiva.com\/lbd\/wp-content\/uploads\/2015\/10\/12118850_997984890224143_2522959491106524732_n.jpg 960w\" sizes=\"(max-width: 300px) 100vw, 300px\" \/><\/a>El inicio de los Juegos Nacionales Evita ya qued\u00f3 atr\u00e1s en La Feliz, donde miles de j\u00f3venes talentos argentinos buscan alcanzar el mejor resultado, pero tambi\u00e9n disfrutar de una experiencia \u00fanica e inigualable junto a los chicos que se muestran en las actividades culturales, los atletas con discapacidad y los adultos mayores.<\/p>\n<p><a href=\"http:\/\/labestiadeportiva.com\/lbd\/wp-content\/uploads\/2015\/10\/festejo-futbol.jpg\"><img loading=\"lazy\" class=\"aligncenter size-medium wp-image-17572\" src=\"http:\/\/labestiadeportiva.com\/lbd\/wp-content\/uploads\/2015\/10\/festejo-futbol-300x207.jpg\" alt=\"festejo futbol\" width=\"300\" height=\"207\" srcset=\"http:\/\/labestiadeportiva.com\/lbd\/wp-content\/uploads\/2015\/10\/festejo-futbol-300x207.jpg 300w, http:\/\/labestiadeportiva.com\/lbd\/wp-content\/uploads\/2015\/10\/festejo-futbol.jpg 813w\" sizes=\"(max-width: 300px) 100vw, 300px\" \/><\/a>En el primer d\u00eda de pruebas deportivas comenzaron las alegr\u00edas para los representantes fueguinos, que vieron su primera presea a trav\u00e9s de los atletas con discapacidad con Luciana Peralta Scheley, quien se qued\u00f3 con el oro en 100m Femenino, abriendo el medallero para la provincia adem\u00e1s de ser cuarta en Salto en largo.<\/p>\n<p><a href=\"http:\/\/labestiadeportiva.com\/lbd\/wp-content\/uploads\/2015\/10\/3x3-sub-14-gano-un-partido.jpg\"><img loading=\"lazy\" class=\"aligncenter size-medium wp-image-17573\" src=\"http:\/\/labestiadeportiva.com\/lbd\/wp-content\/uploads\/2015\/10\/3x3-sub-14-gano-un-partido-264x300.jpg\" alt=\"3x3 sub 14 (gano un partido)\" width=\"264\" height=\"300\" srcset=\"http:\/\/labestiadeportiva.com\/lbd\/wp-content\/uploads\/2015\/10\/3x3-sub-14-gano-un-partido-264x300.jpg 264w, http:\/\/labestiadeportiva.com\/lbd\/wp-content\/uploads\/2015\/10\/3x3-sub-14-gano-un-partido.jpg 683w\" sizes=\"(max-width: 264px) 100vw, 264px\" \/><\/a>Por otra parte, en lo que respecta a deporte de conjunto, las victorias llegaron de los candidatos de siempre como el conjunto de Centro Deportivo Municipal de R\u00edo Grande, que se desempe\u00f1a en el V\u00f3ley Femenino U18, el equipo de Escuela Municipal de Ushuaia en F\u00fatbol 7 Femenino U16 (defiende el t\u00edtulo), el elenco ushuaiense de CAEF en F\u00fatbol Masculino U16, las chicas de la UOM en el 5v5 B\u00e1squet Femenino U15 y el Handball Masculino Escolar U14 dirigido por Carlos Zorroz\u00faa.<\/p>\n<p><a href=\"http:\/\/labestiadeportiva.com\/lbd\/wp-content\/uploads\/2015\/10\/12108959_998117076877591_7279178992826620974_n.jpg\"><img loading=\"lazy\" class=\"aligncenter size-medium wp-image-17574\" src=\"http:\/\/labestiadeportiva.com\/lbd\/wp-content\/uploads\/2015\/10\/12108959_998117076877591_7279178992826620974_n-300x260.jpg\" alt=\"12108959_998117076877591_7279178992826620974_n\" width=\"300\" height=\"260\" srcset=\"http:\/\/labestiadeportiva.com\/lbd\/wp-content\/uploads\/2015\/10\/12108959_998117076877591_7279178992826620974_n-300x260.jpg 300w, http:\/\/labestiadeportiva.com\/lbd\/wp-content\/uploads\/2015\/10\/12108959_998117076877591_7279178992826620974_n.jpg 960w\" sizes=\"(max-width: 300px) 100vw, 300px\" \/><\/a>Hablando de la actividad individual, el atletismo tuvo un buen rendimiento en la pista EMDER. En la clasificaci\u00f3n de Salto en alto Masculino U16 vimos lo mejor, con Inti Bugnest y Lucas Godoy metiendo la marca m\u00e1xima que permiti\u00f3 poner la vara en 1,63m.<\/p>\n<p><a href=\"http:\/\/labestiadeportiva.com\/lbd\/wp-content\/uploads\/2015\/10\/12112248_998110803544885_2646180295867334682_n.jpg\"><img loading=\"lazy\" class=\"aligncenter size-medium wp-image-17575\" src=\"http:\/\/labestiadeportiva.com\/lbd\/wp-content\/uploads\/2015\/10\/12112248_998110803544885_2646180295867334682_n-300x157.jpg\" alt=\"12112248_998110803544885_2646180295867334682_n\" width=\"300\" height=\"157\" srcset=\"http:\/\/labestiadeportiva.com\/lbd\/wp-content\/uploads\/2015\/10\/12112248_998110803544885_2646180295867334682_n-300x157.jpg 300w, http:\/\/labestiadeportiva.com\/lbd\/wp-content\/uploads\/2015\/10\/12112248_998110803544885_2646180295867334682_n.jpg 960w\" sizes=\"(max-width: 300px) 100vw, 300px\" \/><\/a>Asimismo, en los 110m con vallas Masculino U14 Ignacio Daielo y en los 100m con vallas Femenino U16 Victoria Volpi, consiguieron el ansiado acceso a la final mientras que Josefina Sesma en Pentatl\u00f3n Femenino U14 complet\u00f3 su primer d\u00eda y ma\u00f1ana deber\u00e1 definir su colocaci\u00f3n en la general, teniendo en cuenta que fue segunda en Salto en alto, octava en 80m con vallas y 16\u00aa en Lanzamiento de bala.<\/p>\n<p><a href=\"http:\/\/labestiadeportiva.com\/lbd\/wp-content\/uploads\/2015\/10\/12118972_998129450209687_1029081772602951953_n.jpg\"><img loading=\"lazy\" class=\"aligncenter size-medium wp-image-17576\" src=\"http:\/\/labestiadeportiva.com\/lbd\/wp-content\/uploads\/2015\/10\/12118972_998129450209687_1029081772602951953_n-300x170.jpg\" alt=\"12118972_998129450209687_1029081772602951953_n\" width=\"300\" height=\"170\" srcset=\"http:\/\/labestiadeportiva.com\/lbd\/wp-content\/uploads\/2015\/10\/12118972_998129450209687_1029081772602951953_n-300x170.jpg 300w, http:\/\/labestiadeportiva.com\/lbd\/wp-content\/uploads\/2015\/10\/12118972_998129450209687_1029081772602951953_n.jpg 960w\" sizes=\"(max-width: 300px) 100vw, 300px\" \/><\/a>La nataci\u00f3n, en tanto, tuvo en Gianella Lin (50m Libre Femenino U14) y Francisco Picatto (50m Pecho Masculino U14) a lo m\u00e1s destacado del d\u00eda; mientras que el badminton, en ambos segmentos U14 tanto Femenino como Masculino, finaliz\u00f3 su d\u00eda debut con un r\u00e9cord favorable de 2-1.<\/p>\n<p><a href=\"http:\/\/labestiadeportiva.com\/lbd\/wp-content\/uploads\/2015\/10\/12141558_998112540211378_5842136943359097951_n.jpg\"><img loading=\"lazy\" class=\"aligncenter size-medium wp-image-17577\" src=\"http:\/\/labestiadeportiva.com\/lbd\/wp-content\/uploads\/2015\/10\/12141558_998112540211378_5842136943359097951_n-300x183.jpg\" alt=\"12141558_998112540211378_5842136943359097951_n\" width=\"300\" height=\"183\" srcset=\"http:\/\/labestiadeportiva.com\/lbd\/wp-content\/uploads\/2015\/10\/12141558_998112540211378_5842136943359097951_n-300x183.jpg 300w, http:\/\/labestiadeportiva.com\/lbd\/wp-content\/uploads\/2015\/10\/12141558_998112540211378_5842136943359097951_n.jpg 960w\" sizes=\"(max-width: 300px) 100vw, 300px\" \/><\/a>Sin dudas una jornada que invita a so\u00f1ar y que ya dej\u00f3 la primera presea dorada, buscando alcanzar la marca del a\u00f1o pasado, cuando la delegaci\u00f3n fueguina obtuvo 38 medallas, 37 aportadas por los deportistas con discapacidad y 1 por Escuela Municipal en el F\u00fatbol 7 Femenino U16.<\/p>\n<p><span style=\"color: #ff0000;\"><a href=\"http:\/\/labestiadeportiva.com\/lbd\/wp-content\/uploads\/2015\/10\/3x3-tolhuin.jpg\"><img loading=\"lazy\" class=\"aligncenter size-medium wp-image-17578\" src=\"http:\/\/labestiadeportiva.com\/lbd\/wp-content\/uploads\/2015\/10\/3x3-tolhuin-300x200.jpg\" alt=\"3x3 tolhuin\" width=\"300\" height=\"200\" srcset=\"http:\/\/labestiadeportiva.com\/lbd\/wp-content\/uploads\/2015\/10\/3x3-tolhuin-300x200.jpg 300w, http:\/\/labestiadeportiva.com\/lbd\/wp-content\/uploads\/2015\/10\/3x3-tolhuin.jpg 1024w\" sizes=\"(max-width: 300px) 100vw, 300px\" \/><\/a>#VamosFuego<\/span><\/p>\n<p>D\u00cdA 1 &#8211; TIERRA DEL FUEGO<br \/>\nAJEDREZ<br \/>\nFemenino U14<br \/>\nMartina FONTENLA 3 (3 PG 1 PP)<\/p>\n<p>Masculino U14<br \/>\nNahuel CAMPAGNOLI 3<br \/>\nDemi\u00e1n SENA 2<br \/>\nJuan CASTILLO 1,5<\/p>\n<p>Femenino U16<br \/>\nAyel\u00e9n MAMANI 2,5<br \/>\nVanesa QUICHU 2<\/p>\n<p>Masculino U16<br \/>\nGaspar QUESTA 3<br \/>\nSebasti\u00e1n SANDOVAL 1,5<br \/>\nLucas MANSILLA 1,5<\/p>\n<p><a href=\"http:\/\/labestiadeportiva.com\/lbd\/wp-content\/uploads\/2015\/10\/badminton.jpg\"><img loading=\"lazy\" class=\"aligncenter size-medium wp-image-17579\" src=\"http:\/\/labestiadeportiva.com\/lbd\/wp-content\/uploads\/2015\/10\/badminton-300x227.jpg\" alt=\"badminton\" width=\"300\" height=\"227\" srcset=\"http:\/\/labestiadeportiva.com\/lbd\/wp-content\/uploads\/2015\/10\/badminton-300x227.jpg 300w, http:\/\/labestiadeportiva.com\/lbd\/wp-content\/uploads\/2015\/10\/badminton.jpg 902w\" sizes=\"(max-width: 300px) 100vw, 300px\" \/><\/a>ATLETISMO<br \/>\nSeries: Femenino U14<br \/>\nVictoria FERN\u00c1NDEZ (38\u00aa 800m)<br \/>\nCelina ARTIEDA (10\u00aa Jabalina)<br \/>\nJosefina SESMA (Pentatl\u00f3n: 8\u00aa 80 con vallas &#8211; 16\u00aa Bala &#8211; 2\u00aa Salto en alto)<\/p>\n<p>Series: Femenino U16<br \/>\nKaren D\u00edaz SCHULZ (37\u00ba 800m)<br \/>\nIrene ARTIEDA (38\u00ba 800m)<br \/>\nVictoria VOLPI (6\u00aa 100m con vallas)<br \/>\nVictoria PECOT (T-2\u00aa Salto en alto)<br \/>\nKarla MORESCHI (28\u00aa Jabalina)<\/p>\n<p>Series: Masculino U14<br \/>\nFacundo RODRIGUEZ (18\u00ba 800m)<br \/>\nHans GROH (31\u00ba 800m)<br \/>\nIgnacio DAIELO (9\u00ba 100m con vallas)<br \/>\nFacundo CAICEDO (32\u00ba Disco)<br \/>\nMat\u00edas FERNANDEZ (30\u00ba Disco)<\/p>\n<p>Series: Masculino U16<br \/>\nTom\u00e1s CONTRERAS (30\u00ba 800m)<br \/>\nLuca GODOY (40\u00ba 800m)<br \/>\nJos\u00e9 ROLDAN (23\u00ba 110m con vallas)<br \/>\nInti BUGNEST (27\u00ba 110m con vallas &#8211; T-1\u00ba Salto en alto)<br \/>\nLuca GODOY (T-1\u00ba Salto en alto)<br \/>\nAlan HERBERT (23\u00ba Salto en largo)<\/p>\n<p><a href=\"http:\/\/labestiadeportiva.com\/lbd\/wp-content\/uploads\/2015\/10\/hockey-sub14.jpg\"><img loading=\"lazy\" class=\"aligncenter size-medium wp-image-17580\" src=\"http:\/\/labestiadeportiva.com\/lbd\/wp-content\/uploads\/2015\/10\/hockey-sub14-300x226.jpg\" alt=\"hockey sub14\" width=\"300\" height=\"226\" srcset=\"http:\/\/labestiadeportiva.com\/lbd\/wp-content\/uploads\/2015\/10\/hockey-sub14-300x226.jpg 300w, http:\/\/labestiadeportiva.com\/lbd\/wp-content\/uploads\/2015\/10\/hockey-sub14.jpg 778w\" sizes=\"(max-width: 300px) 100vw, 300px\" \/><\/a>BADMINTON<br \/>\nU14 Femenino<br \/>\n0-2 v Chaco<br \/>\n2-0 a La Pampa<br \/>\n2-0 a Formosa<\/p>\n<p>U14 Masculino<br \/>\n2-0 a Chaco<br \/>\n0-2 v Misiones<br \/>\n2-0 a La Rioja<\/p>\n<p>BASQUET<br \/>\n3&#215;3 U14 Femenino<br \/>\n5-8 v Entre R\u00edos<br \/>\n11-5 a R\u00edo Negro<\/p>\n<p>3&#215;3 U14 Masculino<br \/>\n7-20 v Neuqu\u00e9n<br \/>\n11 horas v Mendoza (No hay resultado oficial)<\/p>\n<p>3&#215;3 U16 Masculino<br \/>\n6-20 v Formosa<br \/>\n11.40 horas v Salta (No hay resultado oficial)<\/p>\n<p>3&#215;3 U16 Femenino<br \/>\n6-12 v Santa Cruz<br \/>\n3-14 v La Rioja<\/p>\n<p>5v5 U15 Femenino<br \/>\n35-16 a CABA<\/p>\n<p>5v5 U15 Masculino<br \/>\n50-73 v Formosa<br \/>\n42-60 v Santiago del Estero<\/p>\n<p>5v5 U17 Femenino<br \/>\n34-92 v La Pampa<\/p>\n<p>5v5 U17 Masculino<br \/>\n49-63 v San Juan<\/p>\n<p><a href=\"http:\/\/labestiadeportiva.com\/lbd\/wp-content\/uploads\/2015\/10\/12115773_998106063545359_3407870635307465689_n.jpg\"><img loading=\"lazy\" class=\"aligncenter size-medium wp-image-17581\" src=\"http:\/\/labestiadeportiva.com\/lbd\/wp-content\/uploads\/2015\/10\/12115773_998106063545359_3407870635307465689_n-300x166.jpg\" alt=\"12115773_998106063545359_3407870635307465689_n\" width=\"300\" height=\"166\" srcset=\"http:\/\/labestiadeportiva.com\/lbd\/wp-content\/uploads\/2015\/10\/12115773_998106063545359_3407870635307465689_n-300x166.jpg 300w, http:\/\/labestiadeportiva.com\/lbd\/wp-content\/uploads\/2015\/10\/12115773_998106063545359_3407870635307465689_n.jpg 960w\" sizes=\"(max-width: 300px) 100vw, 300px\" \/><\/a>BEACH VOLEY<br \/>\nU14 Femenino<br \/>\n10-21 v Formosa<\/p>\n<p>CANOTAJE<br \/>\nSerie 1: Femenino U14<br \/>\nLuz AM\u00c9 (41\u00ba Velocidad)<br \/>\nMar\u00eda Constanza URE\u00d1A (Top 60 Velocidad)<br \/>\nRoc\u00edo ATAYRA (Top 60 Velocidad)<br \/>\nValentina RANGEON POTASI (Top 60 Velocidad)<\/p>\n<p>Serie 1: Masculino U14<br \/>\nJuan Manuel FERNANDEZ (33\u00ba Velocidad)<br \/>\nNehu\u00e9n CIVARDI (Top 50 Velocidad)<br \/>\nDaniel ALDERETE (Top 50 Velocidad)<br \/>\nMail Rodriguez FLORES (Top 50 Velocidad)<\/p>\n<p>CESTOBALL<br \/>\nFemenino U14: Escolar<br \/>\n8-39 v Tucum\u00e1n<\/p>\n<p><a href=\"http:\/\/labestiadeportiva.com\/lbd\/wp-content\/uploads\/2015\/10\/12109014_998111146878184_5688200346640349472_n.jpg\"><img loading=\"lazy\" class=\"aligncenter size-medium wp-image-17582\" src=\"http:\/\/labestiadeportiva.com\/lbd\/wp-content\/uploads\/2015\/10\/12109014_998111146878184_5688200346640349472_n-300x200.jpg\" alt=\"12109014_998111146878184_5688200346640349472_n\" width=\"300\" height=\"200\" srcset=\"http:\/\/labestiadeportiva.com\/lbd\/wp-content\/uploads\/2015\/10\/12109014_998111146878184_5688200346640349472_n-300x200.jpg 300w, http:\/\/labestiadeportiva.com\/lbd\/wp-content\/uploads\/2015\/10\/12109014_998111146878184_5688200346640349472_n.jpg 960w\" sizes=\"(max-width: 300px) 100vw, 300px\" \/><\/a>FUTBOL 11<br \/>\nMasculino U14<br \/>\n0-0 v Jujuy<\/p>\n<p>Masculino U16<br \/>\n2-1 v Jujuy<\/p>\n<p>FUTBOL 7<br \/>\nFemenino U16<br \/>\n7-1 v La Pampa<\/p>\n<p>HANDBALL<br \/>\nFemenino: U14 Escolar<br \/>\n12-14 v Chubut<br \/>\n17-18 v La Rioja<\/p>\n<p>Masculino: U14 Escolar<br \/>\n17-10 v San Juan<\/p>\n<p><a href=\"http:\/\/labestiadeportiva.com\/lbd\/wp-content\/uploads\/2015\/10\/12122616_998130223542943_7423431267198554024_n.jpg\"><img loading=\"lazy\" class=\"aligncenter size-medium wp-image-17583\" src=\"http:\/\/labestiadeportiva.com\/lbd\/wp-content\/uploads\/2015\/10\/12122616_998130223542943_7423431267198554024_n-300x211.jpg\" alt=\"12122616_998130223542943_7423431267198554024_n\" width=\"300\" height=\"211\" srcset=\"http:\/\/labestiadeportiva.com\/lbd\/wp-content\/uploads\/2015\/10\/12122616_998130223542943_7423431267198554024_n-300x211.jpg 300w, http:\/\/labestiadeportiva.com\/lbd\/wp-content\/uploads\/2015\/10\/12122616_998130223542943_7423431267198554024_n.jpg 960w\" sizes=\"(max-width: 300px) 100vw, 300px\" \/><\/a>HOCKEY<br \/>\nFemenino U14<br \/>\n0-2 v Buenos Aires<\/p>\n<p>Masculino U14<br \/>\n0-2 v La Rioja<\/p>\n<p>Femenino U16<br \/>\n0-3 v La Pampa<br \/>\n0-1 v Chubut<\/p>\n<p>Masculino U16<br \/>\n0-1 v Salta<\/p>\n<p>JUDO<br \/>\nU14 Femenino<br \/>\n40 kg (1 PG 1 PP)<br \/>\n44 kg (1 PG 2 PP)<br \/>\n48 kg (2 PG 1 PP)<br \/>\n53 kg (2 PG 0 PP)<br \/>\n58 kg (2 PG 0 PP)<br \/>\n64 kg (1 PG 1 PP)<\/p>\n<p>U14 Masculino<br \/>\n40 kg (3 PG 0 PP)<br \/>\n44 kg (0 PG 2 PP)<br \/>\n48 kg (2 PG 1 PP)<br \/>\n53 kg (0 PG 2 PP)<br \/>\n58 kg (0 PG 2 PP)<br \/>\n64 kg (2 PG 0 PP)<\/p>\n<p><a href=\"http:\/\/labestiadeportiva.com\/lbd\/wp-content\/uploads\/2015\/10\/hockey-sub-14.jpg\"><img loading=\"lazy\" class=\"aligncenter size-medium wp-image-17584\" src=\"http:\/\/labestiadeportiva.com\/lbd\/wp-content\/uploads\/2015\/10\/hockey-sub-14-300x200.jpg\" alt=\"hockey sub 14\" width=\"300\" height=\"200\" srcset=\"http:\/\/labestiadeportiva.com\/lbd\/wp-content\/uploads\/2015\/10\/hockey-sub-14-300x200.jpg 300w, http:\/\/labestiadeportiva.com\/lbd\/wp-content\/uploads\/2015\/10\/hockey-sub-14.jpg 1024w\" sizes=\"(max-width: 300px) 100vw, 300px\" \/><\/a>LUCHA<br \/>\nU14 Femenino<br \/>\n50 kg 4-8<br \/>\n61 kg 0-13<\/p>\n<p>U14 Masculino<br \/>\n61 kg 12-8<br \/>\n45 kg 0-10<br \/>\n55 kg 14-2<br \/>\n68 kg 0-10<br \/>\n45 kg 0-12<\/p>\n<p>NATACI\u00d3N<br \/>\nFemenino U14<br \/>\nGianella LIN (5\u00ba 50m Libre)<\/p>\n<p>Masculino U14<br \/>\nFrancisco PICATTO (5\u00ba 50m Pecho)<br \/>\nFederico WHITE (7\u00ba 50m Pecho)<\/p>\n<p><a href=\"http:\/\/labestiadeportiva.com\/lbd\/wp-content\/uploads\/2015\/10\/12047135_998106546878644_542140350387538238_n.jpg\"><img loading=\"lazy\" class=\"aligncenter size-medium wp-image-17585\" src=\"http:\/\/labestiadeportiva.com\/lbd\/wp-content\/uploads\/2015\/10\/12047135_998106546878644_542140350387538238_n-300x233.jpg\" alt=\"12047135_998106546878644_542140350387538238_n\" width=\"300\" height=\"233\" srcset=\"http:\/\/labestiadeportiva.com\/lbd\/wp-content\/uploads\/2015\/10\/12047135_998106546878644_542140350387538238_n-300x233.jpg 300w, http:\/\/labestiadeportiva.com\/lbd\/wp-content\/uploads\/2015\/10\/12047135_998106546878644_542140350387538238_n.jpg 960w\" sizes=\"(max-width: 300px) 100vw, 300px\" \/><\/a>RUGBY<br \/>\nMasculino U14<br \/>\n0-19 v Mendoza<\/p>\n<p>TAEKWONDO<br \/>\nU14 Femenino<br \/>\n50 kg 1-1 (Ximena FLOREZ)<br \/>\n46 kg 2-0 (Agustina ZELAYA)<br \/>\n55 kg 1-0 (Sara POLO)<\/p>\n<p>U14 Masculino<br \/>\n48 kg 1-0 (Gonzalo AG\u00dcERO)<br \/>\n58 kg 0-1 (Heber LIMA)<br \/>\n44 kg 2-0 (Miguel GALLARDO)<br \/>\n53 kg 0-2 (Franco AGUILERA)<br \/>\n64 kg 0-1 (Ian P\u00c1RRAGA)<\/p>\n<p>TENIS DE MESA<br \/>\nGrupos: U14 Femenino Individual<br \/>\nTiciana THEA (4\u00aa)<\/p>\n<p>Grupos: U14 Masculino Individual<br \/>\nElizondo NU\u00d1EZ (5\u00ba)<\/p>\n<p>Grupos: U14 Masculino Dobles<br \/>\nUriel LEDESMA\/Tom\u00e1s ROMANO (En competencia)<\/p>\n<p>TIRO<br \/>\nU16 Femenino<br \/>\nAntonela GIUDICI (16\u00aa 10m Rifle de quebrar)<br \/>\nGuadalupe SAGER (18\u00aa 10m Rifle de quebrar)<\/p>\n<p>U16 Masculino<br \/>\nBraian TORRES (16\u00ba 10m Rifle de quebrar)<br \/>\nFrancisco PAZOS (20\u00ba 10m Rifle de quebrar)<\/p>\n<p>VOLEY<br \/>\nU14 Femenino<br \/>\n0-2 v Chubut<\/p>\n<p>U14 Masculino<br \/>\n2-0 a Salta<\/p>\n<p>Masculino: U14 Escolar<br \/>\n0-2 v Jujuy<\/p>\n<p>U16 Femenino<br \/>\n0-2 v San Luis<\/p>\n<p>U16 Masculino<br \/>\n0-2 v Santa Cruz<\/p>\n<p>U18 Femenino<br \/>\n2-0 v Misiones<\/p>\n<p>U18 Masculino<br \/>\n1-2 v Santa Cruz<\/p>\n<div class='epvc-post-count'><span class='epvc-eye'><\/span>  <span class=\"epvc-count\"> 1.819<\/span><span class='epvc-label'> veces le\u00edda<\/span><\/div>\n<div class=\"jwsharethis\">\nShare this: \n<br \/>\n<a href=\"mailto:?subject=Ya%20est%C3%A1n%20en%20competencia&amp;body=http%3A%2F%2Flabestiadeportiva.com%2Flbd%2Fya-estan-en-competencia%2F\">\n<img src=\"http:\/\/labestiadeportiva.com\/lbd\/wp-content\/plugins\/jw-share-this\/email.png\" alt=\"Share this page via Email\" \/>\n<\/a>\n<a target=\"_blank\" href=\"http:\/\/www.stumbleupon.com\/submit?url=http%3A%2F%2Flabestiadeportiva.com%2Flbd%2Fya-estan-en-competencia%2F&amp;title=Ya+est%C3%A1n+en+competencia\">\n<img src=\"http:\/\/labestiadeportiva.com\/lbd\/wp-content\/plugins\/jw-share-this\/su.png\" alt=\"Share this page via Stumble Upon\" \/>\n<\/a>\n<a target=\"_blank\" href=\"http:\/\/digg.com\/submit?url=http%3A%2F%2Flabestiadeportiva.com%2Flbd%2Fya-estan-en-competencia%2F&amp;title=Ya+est%C3%A1n+en+competencia\">\n<img src=\"http:\/\/labestiadeportiva.com\/lbd\/wp-content\/plugins\/jw-share-this\/digg.png\" alt=\"Share this page via Digg this\" \/>\n<\/a>\n<a target=\"_blank\" href=\"http:\/\/www.facebook.com\/sharer.php?u=http%3A%2F%2Flabestiadeportiva.com%2Flbd%2Fya-estan-en-competencia%2F&amp;t=Ya+est%C3%A1n+en+competencia\">\n<img src=\"http:\/\/labestiadeportiva.com\/lbd\/wp-content\/plugins\/jw-share-this\/fb.png\" alt=\"Share this page via Facebook\" \/>\n<\/a>\n<a target=\"_blank\" href=\"http:\/\/twitter.com\/intent\/tweet?text=I+like+http%3A%2F%2Flabestiadeportiva.com%2Flbd%2Fya-estan-en-competencia%2F&amp;title=Ya+est%C3%A1n+en+competencia\">\n<img src=\"http:\/\/labestiadeportiva.com\/lbd\/wp-content\/plugins\/jw-share-this\/twitter.png\" alt=\"Share this page via Twitter\" \/>\n<\/a>\n<\/div>\n","protected":false},"excerpt":{"rendered":"<p>Por Mauricio Zentner Lavori (Especial para LBD desde Mar del Plata) Comienza la cobertura de nuestro joven y talentoso periodista que debuta en los Nacionales del Evita. Este martes fue el primer d\u00eda de acci\u00f3n en una nublada Mar del Plata. Hasta el pr\u00f3ximo s\u00e1bado los fueguinos luchar\u00e1n por terminar en lo m\u00e1s alto de &hellip; <a href=\"http:\/\/labestiadeportiva.com\/lbd\/ya-estan-en-competencia\/\" class=\"more-link\">Seguir leyendo <span class=\"screen-reader-text\">Ya est\u00e1n en competencia<\/span> <span class=\"meta-nav\">&rarr;<\/span><\/a><\/p>\n","protected":false},"author":1,"featured_media":17570,"comment_status":"open","ping_status":"open","sticky":false,"template":"","format":"standard","meta":[],"categories":[5,4,2382,1],"tags":[2370,2347,1984,83],"_links":{"self":[{"href":"http:\/\/labestiadeportiva.com\/lbd\/wp-json\/wp\/v2\/posts\/17565"}],"collection":[{"href":"http:\/\/labestiadeportiva.com\/lbd\/wp-json\/wp\/v2\/posts"}],"about":[{"href":"http:\/\/labestiadeportiva.com\/lbd\/wp-json\/wp\/v2\/types\/post"}],"author":[{"embeddable":true,"href":"http:\/\/labestiadeportiva.com\/lbd\/wp-json\/wp\/v2\/users\/1"}],"replies":[{"embeddable":true,"href":"http:\/\/labestiadeportiva.com\/lbd\/wp-json\/wp\/v2\/comments?post=17565"}],"version-history":[{"count":1,"href":"http:\/\/labestiadeportiva.com\/lbd\/wp-json\/wp\/v2\/posts\/17565\/revisions"}],"predecessor-version":[{"id":17586,"href":"http:\/\/labestiadeportiva.com\/lbd\/wp-json\/wp\/v2\/posts\/17565\/revisions\/17586"}],"wp:featuredmedia":[{"embeddable":true,"href":"http:\/\/labestiadeportiva.com\/lbd\/wp-json\/wp\/v2\/media\/17570"}],"wp:attachment":[{"href":"http:\/\/labestiadeportiva.com\/lbd\/wp-json\/wp\/v2\/media?parent=17565"}],"wp:term":[{"taxonomy":"category","embeddable":true,"href":"http:\/\/labestiadeportiva.com\/lbd\/wp-json\/wp\/v2\/categories?post=17565"},{"taxonomy":"post_tag","embeddable":true,"href":"http:\/\/labestiadeportiva.com\/lbd\/wp-json\/wp\/v2\/tags?post=17565"}],"curies":[{"name":"wp","href":"https:\/\/api.w.org\/{rel}","templated":true}]}}