{"id":17588,"date":"2015-10-07T21:18:35","date_gmt":"2015-10-08T00:18:35","guid":{"rendered":"http:\/\/labestiadeportiva.com\/lbd\/?p=17588"},"modified":"2015-10-07T21:18:35","modified_gmt":"2015-10-08T00:18:35","slug":"el-campeon-da-pelea","status":"publish","type":"post","link":"http:\/\/labestiadeportiva.com\/lbd\/el-campeon-da-pelea\/","title":{"rendered":"El campe\u00f3n da pelea"},"content":{"rendered":"<p><a href=\"http:\/\/labestiadeportiva.com\/lbd\/wp-content\/uploads\/2015\/10\/12107867_1075539695803282_9150700376120596361_n.jpg\"><img loading=\"lazy\" class=\"alignleft size-medium wp-image-17589\" src=\"http:\/\/labestiadeportiva.com\/lbd\/wp-content\/uploads\/2015\/10\/12107867_1075539695803282_9150700376120596361_n-300x159.jpg\" alt=\"12107867_1075539695803282_9150700376120596361_n\" width=\"300\" height=\"159\" srcset=\"http:\/\/labestiadeportiva.com\/lbd\/wp-content\/uploads\/2015\/10\/12107867_1075539695803282_9150700376120596361_n-300x159.jpg 300w, http:\/\/labestiadeportiva.com\/lbd\/wp-content\/uploads\/2015\/10\/12107867_1075539695803282_9150700376120596361_n.jpg 851w\" sizes=\"(max-width: 300px) 100vw, 300px\" \/><\/a>Casa Magallanes acaba de triunfar por 3 a 0 sobre Comercial del Sur en su cuarta presentaci\u00f3n dentro de la zona \u201cA\u201d y se clasific\u00f3 \u00a0a los octavos de final de la presente edici\u00f3n de la Divisi\u00f3n de Honor de futsal que se realiza en la provincia de Mendoza. El conjunto ushuaiense es el actual campe\u00f3n de la competencia nacional de clubes.<!--more--><\/p>\n<p>El equipo dirigido por Alejandro Vel\u00e1zquez dio cuenta este mi\u00e9rcoles de Comercial del Sur, en la jornada de ayer se impuso claramente sobre Transporte Wenu conjunto chubutense de la localidad de Esquel por 10 a 3.<\/p>\n<p>Cabe aclarar que \u201cMaga\u201d cay\u00f3 en su segunda presentaci\u00f3n por 2 a 1 ante Estudiantil Porte\u00f1o despu\u00e9s de debutar con victoria por 4 a 2 frente a Cementista \u201cB\u201d.<\/p>\n<p>Los fueguinos tienen su c\u00f3modo bunker cuyano en el Hotel San Francisco, all\u00ed a las \u00f3rdenes del entrenador Alejandro \u201cTorpe\u201d Vel\u00e1zquez y el profesor Gustavo \u201cBocha\u201d Ferreiro mantienen intactas las ilusiones de ser protagonistas hasta el \u00faltimo d\u00eda de competencia.<\/p>\n<p>Los sure\u00f1os tocaron el cielo con las manos el a\u00f1o pasado en Misiones cuando lograron el anhelado t\u00edtulo nacional, el \u00fanico faltante en sus vitrinas, que posibilit\u00f3 su primera experiencia internacional en el Sudamericano de Clubes Zona Sur realizado en Miguel\u00f3polis, Brasil donde dej\u00f3 una positiva imagen.<\/p>\n<p>El plantel magall\u00e1nico que tiene a Marcelo \u201cChelo\u201d S\u00e1nchez, Mauricio Mart\u00ednez, Dar\u00edo \u201cChueco\u201d Parafioritti , \u201cJuanjo\u201d Bareiro y \u00a0Javier Ortega como principales figuras espera rival aclarando que esa informaci\u00f3n podr\u00eda confirmarse reci\u00e9n pasada la medianoche.<\/p>\n<p>A la siguiente fase pasar\u00e1n los dos mejores de cada grupo, ser\u00e1n 16 clubes que se enfrentar\u00e1n el primero con el \u00faltimo, el segundo frente al pen\u00faltimo y as\u00ed sucesivamente. El multicampe\u00f3n local se encuentra cerrando un 2015 dif\u00edcil de olvidar.<\/p>\n<p><span style=\"color: #0000ff;\"><a href=\"http:\/\/labestiadeportiva.com\/lbd\/wp-content\/uploads\/2015\/10\/12107956_971607716238003_6720324346691796021_n.jpg\"><img loading=\"lazy\" class=\"aligncenter size-medium wp-image-17590\" src=\"http:\/\/labestiadeportiva.com\/lbd\/wp-content\/uploads\/2015\/10\/12107956_971607716238003_6720324346691796021_n-300x179.jpg\" alt=\"12107956_971607716238003_6720324346691796021_n\" width=\"300\" height=\"179\" srcset=\"http:\/\/labestiadeportiva.com\/lbd\/wp-content\/uploads\/2015\/10\/12107956_971607716238003_6720324346691796021_n-300x179.jpg 300w, http:\/\/labestiadeportiva.com\/lbd\/wp-content\/uploads\/2015\/10\/12107956_971607716238003_6720324346691796021_n.jpg 526w\" sizes=\"(max-width: 300px) 100vw, 300px\" \/><\/a>Los partidos del grupo<\/span><\/p>\n<p>Cementista \u201cB\u201d \u00a04 a 2<\/p>\n<p>Estudiantil Porte\u00f1o 1 a 2<\/p>\n<p>Transporte Wenu 10 a 3<\/p>\n<p>Comercial del Sur 3 a 0<\/p>\n<div class='epvc-post-count'><span class='epvc-eye'><\/span>  <span class=\"epvc-count\"> 1.431<\/span><span class='epvc-label'> veces le\u00edda<\/span><\/div>\n<div class=\"jwsharethis\">\nShare this: \n<br \/>\n<a href=\"mailto:?subject=El%20campe%C3%B3n%20da%20pelea&amp;body=http%3A%2F%2Flabestiadeportiva.com%2Flbd%2Fel-campeon-da-pelea%2F\">\n<img src=\"http:\/\/labestiadeportiva.com\/lbd\/wp-content\/plugins\/jw-share-this\/email.png\" alt=\"Share this page via Email\" \/>\n<\/a>\n<a target=\"_blank\" href=\"http:\/\/www.stumbleupon.com\/submit?url=http%3A%2F%2Flabestiadeportiva.com%2Flbd%2Fel-campeon-da-pelea%2F&amp;title=El+campe%C3%B3n+da+pelea\">\n<img src=\"http:\/\/labestiadeportiva.com\/lbd\/wp-content\/plugins\/jw-share-this\/su.png\" alt=\"Share this page via Stumble Upon\" \/>\n<\/a>\n<a target=\"_blank\" href=\"http:\/\/digg.com\/submit?url=http%3A%2F%2Flabestiadeportiva.com%2Flbd%2Fel-campeon-da-pelea%2F&amp;title=El+campe%C3%B3n+da+pelea\">\n<img src=\"http:\/\/labestiadeportiva.com\/lbd\/wp-content\/plugins\/jw-share-this\/digg.png\" alt=\"Share this page via Digg this\" \/>\n<\/a>\n<a target=\"_blank\" href=\"http:\/\/www.facebook.com\/sharer.php?u=http%3A%2F%2Flabestiadeportiva.com%2Flbd%2Fel-campeon-da-pelea%2F&amp;t=El+campe%C3%B3n+da+pelea\">\n<img src=\"http:\/\/labestiadeportiva.com\/lbd\/wp-content\/plugins\/jw-share-this\/fb.png\" alt=\"Share this page via Facebook\" \/>\n<\/a>\n<a target=\"_blank\" href=\"http:\/\/twitter.com\/intent\/tweet?text=I+like+http%3A%2F%2Flabestiadeportiva.com%2Flbd%2Fel-campeon-da-pelea%2F&amp;title=El+campe%C3%B3n+da+pelea\">\n<img src=\"http:\/\/labestiadeportiva.com\/lbd\/wp-content\/plugins\/jw-share-this\/twitter.png\" alt=\"Share this page via Twitter\" \/>\n<\/a>\n<\/div>\n","protected":false},"excerpt":{"rendered":"<p>Casa Magallanes acaba de triunfar por 3 a 0 sobre Comercial del Sur en su cuarta presentaci\u00f3n dentro de la zona \u201cA\u201d y se clasific\u00f3 \u00a0a los octavos de final de la presente edici\u00f3n de la Divisi\u00f3n de Honor de futsal que se realiza en la provincia de Mendoza. El conjunto ushuaiense es el actual &hellip; <a href=\"http:\/\/labestiadeportiva.com\/lbd\/el-campeon-da-pelea\/\" class=\"more-link\">Seguir leyendo <span class=\"screen-reader-text\">El campe\u00f3n da pelea<\/span> <span class=\"meta-nav\">&rarr;<\/span><\/a><\/p>\n","protected":false},"author":1,"featured_media":17589,"comment_status":"open","ping_status":"open","sticky":false,"template":"","format":"standard","meta":[],"categories":[5,6,31,1],"tags":[2291,141,215,117,2384],"_links":{"self":[{"href":"http:\/\/labestiadeportiva.com\/lbd\/wp-json\/wp\/v2\/posts\/17588"}],"collection":[{"href":"http:\/\/labestiadeportiva.com\/lbd\/wp-json\/wp\/v2\/posts"}],"about":[{"href":"http:\/\/labestiadeportiva.com\/lbd\/wp-json\/wp\/v2\/types\/post"}],"author":[{"embeddable":true,"href":"http:\/\/labestiadeportiva.com\/lbd\/wp-json\/wp\/v2\/users\/1"}],"replies":[{"embeddable":true,"href":"http:\/\/labestiadeportiva.com\/lbd\/wp-json\/wp\/v2\/comments?post=17588"}],"version-history":[{"count":1,"href":"http:\/\/labestiadeportiva.com\/lbd\/wp-json\/wp\/v2\/posts\/17588\/revisions"}],"predecessor-version":[{"id":17591,"href":"http:\/\/labestiadeportiva.com\/lbd\/wp-json\/wp\/v2\/posts\/17588\/revisions\/17591"}],"wp:featuredmedia":[{"embeddable":true,"href":"http:\/\/labestiadeportiva.com\/lbd\/wp-json\/wp\/v2\/media\/17589"}],"wp:attachment":[{"href":"http:\/\/labestiadeportiva.com\/lbd\/wp-json\/wp\/v2\/media?parent=17588"}],"wp:term":[{"taxonomy":"category","embeddable":true,"href":"http:\/\/labestiadeportiva.com\/lbd\/wp-json\/wp\/v2\/categories?post=17588"},{"taxonomy":"post_tag","embeddable":true,"href":"http:\/\/labestiadeportiva.com\/lbd\/wp-json\/wp\/v2\/tags?post=17588"}],"curies":[{"name":"wp","href":"https:\/\/api.w.org\/{rel}","templated":true}]}}