{"id":17592,"date":"2015-10-08T10:52:24","date_gmt":"2015-10-08T13:52:24","guid":{"rendered":"http:\/\/labestiadeportiva.com\/lbd\/?p=17592"},"modified":"2015-11-03T15:19:12","modified_gmt":"2015-11-03T18:19:12","slug":"primeras-medallas-voley-futbol-11-handball-y-futbol-7-en-zona-campeonato","status":"publish","type":"post","link":"http:\/\/labestiadeportiva.com\/lbd\/primeras-medallas-voley-futbol-11-handball-y-futbol-7-en-zona-campeonato\/","title":{"rendered":"Primeras medallas, v\u00f3ley, handball y f\u00fatbol 7 en zona campeonato"},"content":{"rendered":"<p>Por Mauricio Zentner Lavori (Especial para LBD desde Mar del Plata)<\/p>\n<p><a href=\"http:\/\/labestiadeportiva.com\/lbd\/wp-content\/uploads\/2015\/10\/12088182_998128310209801_8965651045119161295_n.jpg\"><img loading=\"lazy\" class=\"alignleft size-medium wp-image-17593\" src=\"http:\/\/labestiadeportiva.com\/lbd\/wp-content\/uploads\/2015\/10\/12088182_998128310209801_8965651045119161295_n-300x178.jpg\" alt=\"12088182_998128310209801_8965651045119161295_n\" width=\"300\" height=\"178\" srcset=\"http:\/\/labestiadeportiva.com\/lbd\/wp-content\/uploads\/2015\/10\/12088182_998128310209801_8965651045119161295_n-300x178.jpg 300w, http:\/\/labestiadeportiva.com\/lbd\/wp-content\/uploads\/2015\/10\/12088182_998128310209801_8965651045119161295_n.jpg 960w\" sizes=\"(max-width: 300px) 100vw, 300px\" \/><\/a>Tierra del Fuego ya dej\u00f3 atr\u00e1s su segundo d\u00eda de competencia en Mar del Plata, jornada clave porque se defin\u00eda el futuro de todas las disciplinas de conjunto.<!--more--><\/p>\n<p>El F\u00fatbol 7 Femenino volvi\u00f3 a demostrar que quiere pelear bien arriba y meti\u00f3 a sus dos categor\u00edas en Zona Campeonato, el Voley Femenino U18 se tom\u00f3 revancha de R\u00edo Negro e ir\u00e1 por el oro mientras que los atletas con discapacidad acumularon nueve medallas en total (6 de oro) en el Natatorio del Complejo EMDER.<\/p>\n<p>Sin lugar a dudas las disciplinas que tra\u00edan m\u00e1s esperanza en la b\u00fasqueda de una medalla en los deportes de conjunto eran el F\u00fatbol 7 Femenino y el Voley Femenino Sub 18.<\/p>\n<p><a href=\"http:\/\/labestiadeportiva.com\/lbd\/wp-content\/uploads\/2015\/10\/12088158_998514036837895_8754052232959591807_n.jpg\"><img loading=\"lazy\" class=\"aligncenter size-medium wp-image-17594\" src=\"http:\/\/labestiadeportiva.com\/lbd\/wp-content\/uploads\/2015\/10\/12088158_998514036837895_8754052232959591807_n-300x263.jpg\" alt=\"12088158_998514036837895_8754052232959591807_n\" width=\"300\" height=\"263\" srcset=\"http:\/\/labestiadeportiva.com\/lbd\/wp-content\/uploads\/2015\/10\/12088158_998514036837895_8754052232959591807_n-300x263.jpg 300w, http:\/\/labestiadeportiva.com\/lbd\/wp-content\/uploads\/2015\/10\/12088158_998514036837895_8754052232959591807_n.jpg 960w\" sizes=\"(max-width: 300px) 100vw, 300px\" \/><\/a>Tanto Escuela Argentina (R\u00edo Grande), Escuela Municipal (Ushuaia) y el Seleccionado de Tierra del Fuego (Las Luchitas). han confirmado esa esperanza entrando a la etapa definitoria con la mirada clavada en el podio.<\/p>\n<p>Asimismo cabe destacar lo hecho por el Judo, que tiene a tres de sus atletas invictos y hoy ir\u00e1 en busca de concretar el ansiado podio, mientras que el Atletismo tuvo a Inti Bugnest, Luca Godoy y Victoria Pecot (8\u00ba) como finalistas en Salto en Alto.<\/p>\n<p>Victoria Volpi, por su parte, fue lo m\u00e1s destacado con un 5\u00ba puesto en los 100m con vallas y Josefina Sesma concluy\u00f3 el Pentatl\u00f3n en 10\u00ba ubicaci\u00f3n.<\/p>\n<p><a href=\"http:\/\/labestiadeportiva.com\/lbd\/wp-content\/uploads\/2015\/10\/12088088_998510286838270_2260946935609726243_n.jpg\"><img loading=\"lazy\" class=\"aligncenter size-medium wp-image-17595\" src=\"http:\/\/labestiadeportiva.com\/lbd\/wp-content\/uploads\/2015\/10\/12088088_998510286838270_2260946935609726243_n-300x160.jpg\" alt=\"12088088_998510286838270_2260946935609726243_n\" width=\"300\" height=\"160\" srcset=\"http:\/\/labestiadeportiva.com\/lbd\/wp-content\/uploads\/2015\/10\/12088088_998510286838270_2260946935609726243_n-300x160.jpg 300w, http:\/\/labestiadeportiva.com\/lbd\/wp-content\/uploads\/2015\/10\/12088088_998510286838270_2260946935609726243_n.jpg 960w\" sizes=\"(max-width: 300px) 100vw, 300px\" \/><\/a>En cuanto a las gimnastas provinciales, la r\u00edtmica tuvo una excelente participaci\u00f3n en la categor\u00eda U12, habiendo culminado en el quinto lugar en la ejecucion del esquema manos libres y en la sexta colocaci\u00f3n con elemento soga, completando asi el quinto puesto en la general de la categor\u00eda. En tanto que el equipo Sub-14 complet\u00f3 la jornada en el decimo puesto de la clasificaci\u00f3n general.<\/p>\n<p>La gimnasia art\u00edstica femenina tuvo a Tierra del Fuego tambi\u00e9n escalonada en el quinto puesto gracias a la actuaci\u00f3n de Matina Acosta, Valentina Hern\u00e1ndez y Luciana Rizzo, quienes totalizaron 67,700 puntos.<\/p>\n<p>El tiro, por su lado, tiene a varios exponentes al borde de entrar en las finales que se llevar\u00e1n a cabo entre viernes y s\u00e1bado mientras que hoy y ma\u00f1ana tendr\u00e1n su segunda serie definiendo a los clasificados. Ayer Romina D\u00e1vila acumul\u00f3 275 puntos y est\u00e1 d\u00e9cima mientras que Candela Bracamonte con 271 est\u00e1 13\u00ba.<\/p>\n<p><a href=\"http:\/\/labestiadeportiva.com\/lbd\/wp-content\/uploads\/2015\/10\/12088144_998507246838574_8237784518268361013_n.jpg\"><img loading=\"lazy\" class=\"aligncenter size-medium wp-image-17596\" src=\"http:\/\/labestiadeportiva.com\/lbd\/wp-content\/uploads\/2015\/10\/12088144_998507246838574_8237784518268361013_n-300x258.jpg\" alt=\"12088144_998507246838574_8237784518268361013_n\" width=\"300\" height=\"258\" srcset=\"http:\/\/labestiadeportiva.com\/lbd\/wp-content\/uploads\/2015\/10\/12088144_998507246838574_8237784518268361013_n-300x258.jpg 300w, http:\/\/labestiadeportiva.com\/lbd\/wp-content\/uploads\/2015\/10\/12088144_998507246838574_8237784518268361013_n.jpg 741w\" sizes=\"(max-width: 300px) 100vw, 300px\" \/><\/a>Concluyendo con el levantamiento ol\u00edmpico TDF mantuvo una enorme performance con cinco accesos a la final: en categor\u00eda U15, Mariano Coto (finaliz\u00f3 2\u00b0 en la categor\u00eda Hasta 77 kg), Leandro Ruiz (fue 6\u00b0 en la categor\u00eda Hasta 62 kg) y Mariana L\u00f3pez (fue 3\u00b0 en la categor\u00eda hasta 53 kg); Valent\u00edn Vitullo que termin\u00f3 tercero en su categor\u00eda (3\u00ba en menos de 69 kg) y Juan Cruz Ledesma (4\u00ba en + de 69 kg), estos dos \u00faltimos categor\u00eda Sub 17.<\/p>\n<p><span style=\"color: #0000ff;\">Discapacidad empez\u00f3 a hacer lo suyo<\/span><\/p>\n<p>Como cada a\u00f1o, el medallero de Tierra del Fuego recibe el gran empuj\u00f3n de los atletas con discapacidad y eso no ser\u00e1 la excepci\u00f3n en este 2015, despu\u00e9s de un primer d\u00eda donde se cosecharon 9 medallas (6 de oro) y se espera que ese n\u00famero siga creciendo con el correr de los d\u00edas.<\/p>\n<p><a href=\"http:\/\/labestiadeportiva.com\/lbd\/wp-content\/uploads\/2015\/10\/12115751_998504140172218_4808810253370698169_n.jpg\"><img loading=\"lazy\" class=\"aligncenter size-medium wp-image-17597\" src=\"http:\/\/labestiadeportiva.com\/lbd\/wp-content\/uploads\/2015\/10\/12115751_998504140172218_4808810253370698169_n-300x176.jpg\" alt=\"12115751_998504140172218_4808810253370698169_n\" width=\"300\" height=\"176\" srcset=\"http:\/\/labestiadeportiva.com\/lbd\/wp-content\/uploads\/2015\/10\/12115751_998504140172218_4808810253370698169_n-300x176.jpg 300w, http:\/\/labestiadeportiva.com\/lbd\/wp-content\/uploads\/2015\/10\/12115751_998504140172218_4808810253370698169_n.jpg 960w\" sizes=\"(max-width: 300px) 100vw, 300px\" \/><\/a>Entre los m\u00e1s destacados estuvieron \u201cNico\u201d Lima, Renzo Ricaldez y Cristian Britos con dos oros cada uno, Lourdes Mayorga y Maximiliano Arjona aportando 1 presea plateada por exponente y Ricardo C\u00e1rcamo con 1 Bronce.<\/p>\n<p><span style=\"color: #0000ff;\">No hay que olvidarse del resto<\/span><\/p>\n<p>Como sabemos, los Juegos Nacionales Evita tienen no s\u00f3lo actividad competitiva, sino que apuntan al deporte social y cultural. Tal es as\u00ed que una enorme cantidad de j\u00f3venes y adultos mayores desarrollan sus actividades permanentemente a lo largo de los d\u00edas obteniendo una experiencia invaluable para su futuro, intercambiando opiniones, conocimientos y mucho m\u00e1s con sus pares de otras provincias.<\/p>\n<p><a href=\"http:\/\/labestiadeportiva.com\/lbd\/wp-content\/uploads\/2015\/10\/12112463_998507170171915_6015304948010302343_n.jpg\"><img loading=\"lazy\" class=\"aligncenter size-full wp-image-17598\" src=\"http:\/\/labestiadeportiva.com\/lbd\/wp-content\/uploads\/2015\/10\/12112463_998507170171915_6015304948010302343_n.jpg\" alt=\"12112463_998507170171915_6015304948010302343_n\" width=\"265\" height=\"206\" \/><\/a>AJEDREZ<br \/>\nFemenino U14:<br \/>\nMartina FONTENLA 19\u00ba<\/p>\n<p>Masculino U14<br \/>\nNahuel CAMPAGNOLI 13\u00ba<br \/>\nDemi\u00e1n SENA 14\u00ba<br \/>\nBrandom GONZALEZ 44\u00ba<br \/>\nJuan Pablo CASTILLO 71\u00ba<\/p>\n<p>Femenino U16<br \/>\nAyel\u00e9n MAMANI 14\u00ba<br \/>\nVanesa QUICHU 37\u00ba<\/p>\n<p>Masculino U16<br \/>\nGaspar QUESTA 18\u00ba<br \/>\nLucas MANSILLA 27\u00ba<br \/>\nSebasti\u00e1n SANDOVAL 33\u00ba<\/p>\n<p><a href=\"http:\/\/labestiadeportiva.com\/lbd\/wp-content\/uploads\/2015\/10\/12112343_998507593505206_7447011456361881591_n.jpg\"><img loading=\"lazy\" class=\"aligncenter size-medium wp-image-17599\" src=\"http:\/\/labestiadeportiva.com\/lbd\/wp-content\/uploads\/2015\/10\/12112343_998507593505206_7447011456361881591_n-300x182.jpg\" alt=\"12112343_998507593505206_7447011456361881591_n\" width=\"300\" height=\"182\" srcset=\"http:\/\/labestiadeportiva.com\/lbd\/wp-content\/uploads\/2015\/10\/12112343_998507593505206_7447011456361881591_n-300x182.jpg 300w, http:\/\/labestiadeportiva.com\/lbd\/wp-content\/uploads\/2015\/10\/12112343_998507593505206_7447011456361881591_n.jpg 960w\" sizes=\"(max-width: 300px) 100vw, 300px\" \/><\/a>ATLETISMO<br \/>\nFemenino U14<br \/>\nJosefina ARIAS 29\u00ba en Lanzamiento de Disco (Series)<br \/>\nCelina ARTIEDA 9\u00ba en Lanzamiento de Bala (Final)<br \/>\nJosefina SESMA 10\u00ba en Pentatlon (Posici\u00f3n Final)<\/p>\n<p>Femenino U16<br \/>\nYamila Quintana 27\u00ba en 300 metros (Series)<br \/>\nVictoria Volpi 5\u00ba en 100 metros con vallas (Final)<br \/>\nVictoria Pecot 8\u00ba en Salto en Alto (Final)<\/p>\n<p>Masculino U14<br \/>\nIgnacio Daielo 11\u00ba en 100 metros con vallas (Semifinales)<br \/>\nIgnacio Daielo 15\u00ba en Lanzamiento de Jabalina (Series)<br \/>\nSamuel Leguizam\u00f3n 11\u00ba en Lanzamiento de Jabalina (Series)<\/p>\n<p>Masculino U16<br \/>\nJos\u00e9 Rold\u00e1n 21\u00ba en 110 metros con vallas (Semifinales)<br \/>\nInti Bugnest 12\u00ba en Salto en Alto (Final)<br \/>\nLuca Godoy 13\u00ba en Salto en Alto (Final)<br \/>\nTob\u00edas Luiz\u00f3n 31\u00ba en Lanzamiento de Bala (Series)<br \/>\nLuciano Gonz\u00e1lez 25\u00ba en Lanzamiento de Bala (Series)<br \/>\nEbaristo Araoz 22\u00ba en Lanzamiento de Jabalina (Series)<\/p>\n<p><a href=\"http:\/\/labestiadeportiva.com\/lbd\/wp-content\/uploads\/2015\/10\/11070621_998507603505205_2877068980648039386_o.jpg\"><img loading=\"lazy\" class=\"aligncenter size-medium wp-image-17600\" src=\"http:\/\/labestiadeportiva.com\/lbd\/wp-content\/uploads\/2015\/10\/11070621_998507603505205_2877068980648039386_o-265x300.jpg\" alt=\"11070621_998507603505205_2877068980648039386_o\" width=\"265\" height=\"300\" srcset=\"http:\/\/labestiadeportiva.com\/lbd\/wp-content\/uploads\/2015\/10\/11070621_998507603505205_2877068980648039386_o-265x300.jpg 265w, http:\/\/labestiadeportiva.com\/lbd\/wp-content\/uploads\/2015\/10\/11070621_998507603505205_2877068980648039386_o.jpg 847w\" sizes=\"(max-width: 265px) 100vw, 265px\" \/><\/a>BADMINTON<br \/>\nFemenino &#8211; Sub 14 &#8211; Comunitario Singles (2 derrotas, r\u00e9cord 1-2)<br \/>\nMasculino &#8211; Sub 14 &#8211; Comunitario Singles (1 derrota, r\u00e9cord 1-2)<br \/>\nFemenino &#8211; Sub 14 &#8211; Comunitario Dobles (1 derrota, r\u00e9cord 1-2)<br \/>\nMasculino &#8211; Sub 14 &#8211; Comunitario Dobles (1 victoria, 1 derrota; r\u00e9cord 2-1)<\/p>\n<p>BASQUET 3&#215;3<br \/>\nFemenino U14 (2 derrotas, r\u00e9cord 1-3)<br \/>\nFemenino U16 (1 victoria, 1 derrota; r\u00e9cord 1-3)<br \/>\nMasculino U14 (1 victoria, 1 derrota; r\u00e9cord 1-3)<br \/>\nMasculino U16 (1 derrota, r\u00e9cord 0-3)<\/p>\n<p>BASQUET 5&#215;5<br \/>\nFemenino U15 Derrota y jugar\u00e1 la zona Est\u00edmulo v Corrientes (15.30)<br \/>\nFemenino U17 Derrota y jugar\u00e1 la zona Consuelo v Buenos Aires (12.30)<br \/>\nMasculino U15 D\u00eda libre, jugar\u00e1 la zona Consuelo v Salta (12.30)<br \/>\nMasculino U17 Derrota y jugar\u00e1 la zona Consuelo v R\u00edo Negro (11)<\/p>\n<p><a href=\"http:\/\/labestiadeportiva.com\/lbd\/wp-content\/uploads\/2015\/10\/12088296_998514180171214_1344796782253060760_n.jpg\"><img loading=\"lazy\" class=\"aligncenter size-medium wp-image-17601\" src=\"http:\/\/labestiadeportiva.com\/lbd\/wp-content\/uploads\/2015\/10\/12088296_998514180171214_1344796782253060760_n-300x200.jpg\" alt=\"12088296_998514180171214_1344796782253060760_n\" width=\"300\" height=\"200\" srcset=\"http:\/\/labestiadeportiva.com\/lbd\/wp-content\/uploads\/2015\/10\/12088296_998514180171214_1344796782253060760_n-300x200.jpg 300w, http:\/\/labestiadeportiva.com\/lbd\/wp-content\/uploads\/2015\/10\/12088296_998514180171214_1344796782253060760_n.jpg 960w\" sizes=\"(max-width: 300px) 100vw, 300px\" \/><\/a>CANOTAJE<br \/>\nFemenino<br \/>\nMar\u00eda Constanza URE\u00d1A 31\u00ba en Slalom<br \/>\nMar\u00eda Luz AME 32\u00ba en Slalom<br \/>\nValentina RANGEON 39\u00ba en Slalom<br \/>\nRoc\u00edo ATAYRA 45 en Slalom<br \/>\nMar\u00eda Luz AME 25\u00ba en Velocidad (1\u00aa Serie)<br \/>\nValentina RANGEON 28\u00ba en Velocidad (1\u00aa Serie)<br \/>\nMar\u00eda Constanza URE\u00d1A 31\u00ba en Velocidad (1\u00aa Serie)<br \/>\nRoc\u00edo ATAYRA 36\u00ba en Velocidad (1\u00aa Serie)<\/p>\n<p>Masculino<br \/>\nNehu\u00e9n CIVARDI 28\u00ba en Slalom<br \/>\nJuan Manuel FERNANDEZ 32\u00ba en Slalom<br \/>\nMaik RODRIGUEZ 67\u00ba en Slalom<br \/>\nDariel ALDERETE 68\u00ba en Slalom<\/p>\n<p>Nehu\u00e9n CIVARDI 35\u00ba en Velocidad (1\u00aa Serie)<br \/>\nJuan Manuel FERNANDEZ 45\u00ba en Velocidad (1\u00aa Serie)<br \/>\nMaik RODRIGUEZ 51\u00ba en Velocidad (1\u00aa Serie)<br \/>\nDariel ALDERETE 63\u00ba en Velocidad (1\u00aa Serie)<\/p>\n<p><a href=\"http:\/\/labestiadeportiva.com\/lbd\/wp-content\/uploads\/2015\/10\/10891860_998518000170832_4383786604265324238_n.jpg\"><img loading=\"lazy\" class=\"aligncenter size-medium wp-image-17602\" src=\"http:\/\/labestiadeportiva.com\/lbd\/wp-content\/uploads\/2015\/10\/10891860_998518000170832_4383786604265324238_n-300x191.jpg\" alt=\"10891860_998518000170832_4383786604265324238_n\" width=\"300\" height=\"191\" srcset=\"http:\/\/labestiadeportiva.com\/lbd\/wp-content\/uploads\/2015\/10\/10891860_998518000170832_4383786604265324238_n-300x191.jpg 300w, http:\/\/labestiadeportiva.com\/lbd\/wp-content\/uploads\/2015\/10\/10891860_998518000170832_4383786604265324238_n.jpg 960w\" sizes=\"(max-width: 300px) 100vw, 300px\" \/><\/a>CESTOBALL<br \/>\nD\u00eda libre (Jugar\u00e1 por la Zona Est\u00edmulo v Santiago del Estero) 12.00<\/p>\n<p>FUTBOL 11 MASCULINO<br \/>\nU14 &#8211; Estrella Austral<br \/>\n1-1 v Jujuy (Jugar\u00e1 por la Zona Est\u00edmulo v Chubut) 15.00<\/p>\n<p>U16 &#8211; CAEF<br \/>\n0-0 v Corrientes (Jugar\u00e1 por la Zona Est\u00edmulo v Neuqu\u00e9n) 11.30<\/p>\n<p>FUTBOL 7 FEMENINO<br \/>\nU14 &#8211; Escuela Argentina<br \/>\n1-0 v La Rioja y 1-1 v Chaco (Jugar\u00e1 Zona Campeonato v San Luis, Buenos Aires y Corrientes) 8.00 y 17.00<\/p>\n<p>U16 &#8211; Escuela Municipal<br \/>\n0-0 v Chubut (Jugar\u00e1 Zona Campeonato v Rio Negro, San Juan y Misiones) 8.00 y 17.00<\/p>\n<p>GIMNASIA ART\u00cdSTICA<br \/>\nAll Around por Equipos Nivel 2<br \/>\nMartina FERREYRA, Valentina HERNANDEZ y Luciana RIZZO (5\u00ba)<\/p>\n<p>All Around por Equipos Nivel 1<br \/>\nYasmin BRONZUOLI, Jade CASTRO, Valentina URREA, Luz VISIC (18\u00ba)<\/p>\n<p>GIMNASIA R\u00cdTMICA<br \/>\nSUB 12 Manos Libres: 5\u00ba puesto<br \/>\nSUB 12 Soga: 6\u00ba puesto<br \/>\nSUB 12 General: 5\u00ba puesto<\/p>\n<p>SUB 12 Manos Libres: 10\u00ba puesto<br \/>\nSUB 12 Aro: 7\u00ba puesto<br \/>\nSUB 12 General: 10\u00ba puesto<\/p>\n<p><a href=\"http:\/\/labestiadeportiva.com\/lbd\/wp-content\/uploads\/2015\/10\/12074680_998110503544915_48012782548744919_n.jpg\"><img loading=\"lazy\" class=\"aligncenter size-medium wp-image-17603\" src=\"http:\/\/labestiadeportiva.com\/lbd\/wp-content\/uploads\/2015\/10\/12074680_998110503544915_48012782548744919_n-300x193.jpg\" alt=\"12074680_998110503544915_48012782548744919_n\" width=\"300\" height=\"193\" srcset=\"http:\/\/labestiadeportiva.com\/lbd\/wp-content\/uploads\/2015\/10\/12074680_998110503544915_48012782548744919_n-300x193.jpg 300w, http:\/\/labestiadeportiva.com\/lbd\/wp-content\/uploads\/2015\/10\/12074680_998110503544915_48012782548744919_n.jpg 960w\" sizes=\"(max-width: 300px) 100vw, 300px\" \/><\/a>HANDBALL<br \/>\nD\u00eda libre. Masculino U14 Escolar ir\u00e1 a la Zona Campeonato y Femenino U14 Escolar a la Zona Consuelo.<\/p>\n<p>HOCKEY<br \/>\nFemenino U14<br \/>\n0-1 v Entre R\u00edos (Jugar\u00e1 Zona Consuelo v Tucum\u00e1n) 9.10<\/p>\n<p>Femenino U16<br \/>\nD\u00eda libre (Jugar\u00e1 Zona Consuelo v CABA) 15.45<\/p>\n<p>Masculino U14<br \/>\n0-2 v CABA (Jugar\u00e1 Zona Consuelo v Entre R\u00edos) 9.10<\/p>\n<p>Masculino U16<br \/>\n2-1 v Chaco (Jugar\u00e1 Zona Est\u00edmulo v Tucum\u00e1n) 16.55<\/p>\n<p>JUDO (RECORDS)<br \/>\nFemenino<br \/>\n53 kg Micaela TENHEVON est\u00e1 invicta y pelear\u00e1 en las finales<\/p>\n<p>Masculino<br \/>\n40 kg Mateo G\u00d3MEZ est\u00e1 invicto y pelear\u00e1 en las finales<br \/>\n64 kg Ayrton VAISHEIM est\u00e1 invicto y pelear\u00e1 en las finales<\/p>\n<p><a href=\"http:\/\/labestiadeportiva.com\/lbd\/wp-content\/uploads\/2015\/10\/12115929_998312326858066_3400999006472089788_n.jpg\"><img loading=\"lazy\" class=\"aligncenter size-medium wp-image-17604\" src=\"http:\/\/labestiadeportiva.com\/lbd\/wp-content\/uploads\/2015\/10\/12115929_998312326858066_3400999006472089788_n-300x300.jpg\" alt=\"12115929_998312326858066_3400999006472089788_n\" width=\"300\" height=\"300\" srcset=\"http:\/\/labestiadeportiva.com\/lbd\/wp-content\/uploads\/2015\/10\/12115929_998312326858066_3400999006472089788_n-300x300.jpg 300w, http:\/\/labestiadeportiva.com\/lbd\/wp-content\/uploads\/2015\/10\/12115929_998312326858066_3400999006472089788_n-150x150.jpg 150w, http:\/\/labestiadeportiva.com\/lbd\/wp-content\/uploads\/2015\/10\/12115929_998312326858066_3400999006472089788_n-160x160.jpg 160w, http:\/\/labestiadeportiva.com\/lbd\/wp-content\/uploads\/2015\/10\/12115929_998312326858066_3400999006472089788_n-320x320.jpg 320w, http:\/\/labestiadeportiva.com\/lbd\/wp-content\/uploads\/2015\/10\/12115929_998312326858066_3400999006472089788_n.jpg 960w\" sizes=\"(max-width: 300px) 100vw, 300px\" \/><\/a>LEVANTAMIENTO OLIMPICO<br \/>\nU15 Femenino<br \/>\nMariana LOPEZ: 5\u00ba puesto (hasta 48 kg)<br \/>\nValentina HERRERA: 4\u00ba puesto (M\u00e1s de 58 kg)<\/p>\n<p>U15 Masculino<br \/>\nMariano COTO: 2\u00ba puesto (M\u00e1s de 50 kg)<br \/>\nFederico QUIROGA: 5\u00ba puesto (M\u00e1s de 50 kg)<br \/>\nLeandro RUIZ: 6\u00ba puesto (M\u00e1s de 50 kg)<\/p>\n<p>U17 Masculino<br \/>\nValent\u00edn VITULLO: 3\u00ba puesto (Hasta 69 kg)<\/p>\n<p>RUGBY<br \/>\n0-24 v Salta (Jugar\u00e1 Zona Consuelo. Hoy tendr\u00e1 d\u00eda libre a la espera de R\u00edo Negro v Santa Cruz)<\/p>\n<p>TAEKWONDO<br \/>\nFemenino<br \/>\n50 kg 1-2 (Ximena FLOREZ)<br \/>\n46 kg 3-0 (Agustina ZELAYA)<br \/>\n55 kg 2-1 (Sara POLO)<\/p>\n<p>Masculino<br \/>\n48 kg 1-2 (Gonzalo AG\u00dcERO)<br \/>\n58 kg 1-2 (Heber LIMA)<br \/>\n44 kg 3-0 (Miguel GALLARDO)<br \/>\n53 kg 1-2 (Franco AGUILERA)<br \/>\n64 kg 0-2 (Ian P\u00c1RRAGA)<\/p>\n<p>TENIS DE MESA<br \/>\nGrupos: U14 Femenino Individual<br \/>\nTiciana THEA clasificada para jugar entre 13\u00ba y 16\u00ba<\/p>\n<p>Grupos: U14 Masculino Individual<br \/>\nElizondo NU\u00d1EZ clasificado para jugar entre 17\u00ba y 20\u00ba<\/p>\n<p>Grupos: U14 Femenino Dobles<br \/>\nClasificadas para jugar entre el 13\u00ba y el 16\u00ba<\/p>\n<p>Grupos: U14 Masculino Dobles<br \/>\nUriel LEDESMA\/Tom\u00e1s ROMANO clasificado para jugar entre 9\u00ba y 12\u00ba<\/p>\n<p>TIRO<br \/>\nU14 Femenino: Primera Serie<br \/>\nRomina D\u00c1VILA (275 puntos) 10\u00ba puesto<br \/>\nCandela BRACAMONTE (271 puntos) 13\u00ba puesto<\/p>\n<p>U14 Masculino: Primera Serie<br \/>\nFrancisco Cort\u00e9s (267 puntos) 17\u00ba puesto<br \/>\nMart\u00edn Ocampo (263 puntos) 21\u00ba puesto<\/p>\n<p>VOLEY<br \/>\nU14 Femenino<br \/>\nJugar\u00e1 Zona Consuelo. Hoy d\u00eda libre a la espera de rival entre Tucum\u00e1n y Chaco.<\/p>\n<p>U14 Femenino: Escolar<br \/>\nJugar\u00e1 Zona Consuelo v San Luis (10.30)<\/p>\n<p>U16 Femenino<br \/>\nJugar\u00e1 Zona Consuelo. Hoy d\u00eda libre a la espera de rival entre Corrientes y Misiones.<\/p>\n<p>U18 Femenino<br \/>\n2-1 v R\u00edo Negro (Jugar\u00e1 Zona Campeonato v Salta, San Luis y Santa Fe) 8.00, 16.00 y VIE 12.15<\/p>\n<p>U14 Masculino<br \/>\nJugar\u00e1 Zona Est\u00edmulo v Catamarca (13.30)<\/p>\n<p>U14 Masculino: Escolar<br \/>\nJugar\u00e1 Zona Est\u00edmulo v Chaco (14.45)<\/p>\n<p>U16 Masculino<br \/>\nJugar\u00e1 Zona Consuelo v Catamarca (10.30)<\/p>\n<p>U18 Masculino<br \/>\nJugar\u00e1 Zona Consuelo v Jujuy (10.30)<\/p>\n<p>VOLEY PLAYA<br \/>\nU14 Femenino<br \/>\n0-2 v San Juan (Jugar\u00e1 por Zona Consuelo v Santa Cruz)<\/p>\n<p>U14 Masculino<br \/>\n1-2 v La Rioja (Jugar\u00e1 por Zona Consuelo. Hoy fecha libre a la espera de rival entre Santa Cruz y Jujuy)<\/p>\n<div class='epvc-post-count'><span class='epvc-eye'><\/span>  <span class=\"epvc-count\"> 1.596<\/span><span class='epvc-label'> veces le\u00edda<\/span><\/div>\n<div class=\"jwsharethis\">\nShare this: \n<br \/>\n<a href=\"mailto:?subject=Primeras%20medallas%2C%20v%C3%B3ley%2C%20handball%20y%20f%C3%BAtbol%207%20en%20zona%20campeonato&amp;body=http%3A%2F%2Flabestiadeportiva.com%2Flbd%2Fprimeras-medallas-voley-futbol-11-handball-y-futbol-7-en-zona-campeonato%2F\">\n<img src=\"http:\/\/labestiadeportiva.com\/lbd\/wp-content\/plugins\/jw-share-this\/email.png\" alt=\"Share this page via Email\" \/>\n<\/a>\n<a target=\"_blank\" href=\"http:\/\/www.stumbleupon.com\/submit?url=http%3A%2F%2Flabestiadeportiva.com%2Flbd%2Fprimeras-medallas-voley-futbol-11-handball-y-futbol-7-en-zona-campeonato%2F&amp;title=Primeras+medallas%2C+v%C3%B3ley%2C+handball+y+f%C3%BAtbol+7+en+zona+campeonato\">\n<img src=\"http:\/\/labestiadeportiva.com\/lbd\/wp-content\/plugins\/jw-share-this\/su.png\" alt=\"Share this page via Stumble Upon\" \/>\n<\/a>\n<a target=\"_blank\" href=\"http:\/\/digg.com\/submit?url=http%3A%2F%2Flabestiadeportiva.com%2Flbd%2Fprimeras-medallas-voley-futbol-11-handball-y-futbol-7-en-zona-campeonato%2F&amp;title=Primeras+medallas%2C+v%C3%B3ley%2C+handball+y+f%C3%BAtbol+7+en+zona+campeonato\">\n<img src=\"http:\/\/labestiadeportiva.com\/lbd\/wp-content\/plugins\/jw-share-this\/digg.png\" alt=\"Share this page via Digg this\" \/>\n<\/a>\n<a target=\"_blank\" href=\"http:\/\/www.facebook.com\/sharer.php?u=http%3A%2F%2Flabestiadeportiva.com%2Flbd%2Fprimeras-medallas-voley-futbol-11-handball-y-futbol-7-en-zona-campeonato%2F&amp;t=Primeras+medallas%2C+v%C3%B3ley%2C+handball+y+f%C3%BAtbol+7+en+zona+campeonato\">\n<img src=\"http:\/\/labestiadeportiva.com\/lbd\/wp-content\/plugins\/jw-share-this\/fb.png\" alt=\"Share this page via Facebook\" \/>\n<\/a>\n<a target=\"_blank\" href=\"http:\/\/twitter.com\/intent\/tweet?text=I+like+http%3A%2F%2Flabestiadeportiva.com%2Flbd%2Fprimeras-medallas-voley-futbol-11-handball-y-futbol-7-en-zona-campeonato%2F&amp;title=Primeras+medallas%2C+v%C3%B3ley%2C+handball+y+f%C3%BAtbol+7+en+zona+campeonato\">\n<img src=\"http:\/\/labestiadeportiva.com\/lbd\/wp-content\/plugins\/jw-share-this\/twitter.png\" alt=\"Share this page via Twitter\" \/>\n<\/a>\n<\/div>\n","protected":false},"excerpt":{"rendered":"<p>Por Mauricio Zentner Lavori (Especial para LBD desde Mar del Plata) Tierra del Fuego ya dej\u00f3 atr\u00e1s su segundo d\u00eda de competencia en Mar del Plata, jornada clave porque se defin\u00eda el futuro de todas las disciplinas de conjunto. 1.596 veces le\u00edda Share this:<\/p>\n","protected":false},"author":1,"featured_media":17605,"comment_status":"open","ping_status":"open","sticky":false,"template":"","format":"standard","meta":[],"categories":[5,6,2382,1],"tags":[2370,1100,1984,83],"_links":{"self":[{"href":"http:\/\/labestiadeportiva.com\/lbd\/wp-json\/wp\/v2\/posts\/17592"}],"collection":[{"href":"http:\/\/labestiadeportiva.com\/lbd\/wp-json\/wp\/v2\/posts"}],"about":[{"href":"http:\/\/labestiadeportiva.com\/lbd\/wp-json\/wp\/v2\/types\/post"}],"author":[{"embeddable":true,"href":"http:\/\/labestiadeportiva.com\/lbd\/wp-json\/wp\/v2\/users\/1"}],"replies":[{"embeddable":true,"href":"http:\/\/labestiadeportiva.com\/lbd\/wp-json\/wp\/v2\/comments?post=17592"}],"version-history":[{"count":2,"href":"http:\/\/labestiadeportiva.com\/lbd\/wp-json\/wp\/v2\/posts\/17592\/revisions"}],"predecessor-version":[{"id":17614,"href":"http:\/\/labestiadeportiva.com\/lbd\/wp-json\/wp\/v2\/posts\/17592\/revisions\/17614"}],"wp:featuredmedia":[{"embeddable":true,"href":"http:\/\/labestiadeportiva.com\/lbd\/wp-json\/wp\/v2\/media\/17605"}],"wp:attachment":[{"href":"http:\/\/labestiadeportiva.com\/lbd\/wp-json\/wp\/v2\/media?parent=17592"}],"wp:term":[{"taxonomy":"category","embeddable":true,"href":"http:\/\/labestiadeportiva.com\/lbd\/wp-json\/wp\/v2\/categories?post=17592"},{"taxonomy":"post_tag","embeddable":true,"href":"http:\/\/labestiadeportiva.com\/lbd\/wp-json\/wp\/v2\/tags?post=17592"}],"curies":[{"name":"wp","href":"https:\/\/api.w.org\/{rel}","templated":true}]}}