{"id":17607,"date":"2015-10-08T11:27:16","date_gmt":"2015-10-08T14:27:16","guid":{"rendered":"http:\/\/labestiadeportiva.com\/lbd\/?p=17607"},"modified":"2015-10-08T11:27:16","modified_gmt":"2015-10-08T14:27:16","slug":"centro-galicia-en-viaje-a-mendoza","status":"publish","type":"post","link":"http:\/\/labestiadeportiva.com\/lbd\/centro-galicia-en-viaje-a-mendoza\/","title":{"rendered":"Centro Galicia en viaje a Mendoza"},"content":{"rendered":"<p><a href=\"http:\/\/labestiadeportiva.com\/lbd\/wp-content\/uploads\/2015\/10\/12118675_10204697666114146_3037318404467312547_n.jpg\"><img loading=\"lazy\" class=\"alignleft size-medium wp-image-17608\" src=\"http:\/\/labestiadeportiva.com\/lbd\/wp-content\/uploads\/2015\/10\/12118675_10204697666114146_3037318404467312547_n-300x168.jpg\" alt=\"12118675_10204697666114146_3037318404467312547_n\" width=\"300\" height=\"168\" srcset=\"http:\/\/labestiadeportiva.com\/lbd\/wp-content\/uploads\/2015\/10\/12118675_10204697666114146_3037318404467312547_n-300x168.jpg 300w, http:\/\/labestiadeportiva.com\/lbd\/wp-content\/uploads\/2015\/10\/12118675_10204697666114146_3037318404467312547_n.jpg 526w\" sizes=\"(max-width: 300px) 100vw, 300px\" \/><\/a>Este jueves por la ma\u00f1ana comenz\u00f3 el traslado de la delegaci\u00f3n gallega de handball que estar\u00e1 presente en la \u201cCopa Andina\u201d. Ser\u00e1 completamente v\u00eda a\u00e9rea haciendo trasbordo en la Ciudad Aut\u00f3noma de Buenos Aires. Los ushuaienses competir\u00e1n en forma internacional en las categor\u00edas cadetes femenino, juveniles masculino y mayores femenino.<!--more--><\/p>\n<p>Desde el aeropuerto internacional \u00a0\u201cMalvinas Argentinas\u201d se inici\u00f3 el viaje hacia la sede de la competencia. La misma se realizar\u00e1 a partir del viernes 9 y hasta el lunes 12 de octubre.<\/p>\n<p>El encuentro internacional de la disciplina tendr\u00e1 equipos de Argentina, Brasil, Chile y Uruguay. La delegaci\u00f3n fueguina es de alrededor de 40 personas entre jugadores, entrenadores y dirigentes de la instituci\u00f3n.<\/p>\n<p>Importante experiencia para uno de los clubes fundadores de la actual Federaci\u00f3n Balonmano TDF a pesar que en la actualidad se encuentra alejado de dicha instituci\u00f3n por diferencia de criterios con la dirigencia de la misma.<\/p>\n<p>Desde LBD estaremos pendientes de\u00a0 la producci\u00f3n de los equipos gallegos reflejando a diario las jornadas deportivas en nuestra p\u00e1gina, suerte para todos.<\/p>\n<p><a href=\"http:\/\/labestiadeportiva.com\/lbd\/wp-content\/uploads\/2015\/10\/12141524_988232144576654_1483654043539900516_n.jpg\"><img loading=\"lazy\" class=\"aligncenter size-medium wp-image-17609\" src=\"http:\/\/labestiadeportiva.com\/lbd\/wp-content\/uploads\/2015\/10\/12141524_988232144576654_1483654043539900516_n-300x225.jpg\" alt=\"12141524_988232144576654_1483654043539900516_n\" width=\"300\" height=\"225\" srcset=\"http:\/\/labestiadeportiva.com\/lbd\/wp-content\/uploads\/2015\/10\/12141524_988232144576654_1483654043539900516_n-300x225.jpg 300w, http:\/\/labestiadeportiva.com\/lbd\/wp-content\/uploads\/2015\/10\/12141524_988232144576654_1483654043539900516_n.jpg 800w\" sizes=\"(max-width: 300px) 100vw, 300px\" \/><\/a><\/p>\n<div class='epvc-post-count'><span class='epvc-eye'><\/span>  <span class=\"epvc-count\"> 2.142<\/span><span class='epvc-label'> veces le\u00edda<\/span><\/div>\n<div class=\"jwsharethis\">\nShare this: \n<br \/>\n<a href=\"mailto:?subject=Centro%20Galicia%20en%20viaje%20a%20Mendoza&amp;body=http%3A%2F%2Flabestiadeportiva.com%2Flbd%2Fcentro-galicia-en-viaje-a-mendoza%2F\">\n<img src=\"http:\/\/labestiadeportiva.com\/lbd\/wp-content\/plugins\/jw-share-this\/email.png\" alt=\"Share this page via Email\" \/>\n<\/a>\n<a target=\"_blank\" href=\"http:\/\/www.stumbleupon.com\/submit?url=http%3A%2F%2Flabestiadeportiva.com%2Flbd%2Fcentro-galicia-en-viaje-a-mendoza%2F&amp;title=Centro+Galicia+en+viaje+a+Mendoza\">\n<img src=\"http:\/\/labestiadeportiva.com\/lbd\/wp-content\/plugins\/jw-share-this\/su.png\" alt=\"Share this page via Stumble Upon\" \/>\n<\/a>\n<a target=\"_blank\" href=\"http:\/\/digg.com\/submit?url=http%3A%2F%2Flabestiadeportiva.com%2Flbd%2Fcentro-galicia-en-viaje-a-mendoza%2F&amp;title=Centro+Galicia+en+viaje+a+Mendoza\">\n<img src=\"http:\/\/labestiadeportiva.com\/lbd\/wp-content\/plugins\/jw-share-this\/digg.png\" alt=\"Share this page via Digg this\" \/>\n<\/a>\n<a target=\"_blank\" href=\"http:\/\/www.facebook.com\/sharer.php?u=http%3A%2F%2Flabestiadeportiva.com%2Flbd%2Fcentro-galicia-en-viaje-a-mendoza%2F&amp;t=Centro+Galicia+en+viaje+a+Mendoza\">\n<img src=\"http:\/\/labestiadeportiva.com\/lbd\/wp-content\/plugins\/jw-share-this\/fb.png\" alt=\"Share this page via Facebook\" \/>\n<\/a>\n<a target=\"_blank\" href=\"http:\/\/twitter.com\/intent\/tweet?text=I+like+http%3A%2F%2Flabestiadeportiva.com%2Flbd%2Fcentro-galicia-en-viaje-a-mendoza%2F&amp;title=Centro+Galicia+en+viaje+a+Mendoza\">\n<img src=\"http:\/\/labestiadeportiva.com\/lbd\/wp-content\/plugins\/jw-share-this\/twitter.png\" alt=\"Share this page via Twitter\" \/>\n<\/a>\n<\/div>\n","protected":false},"excerpt":{"rendered":"<p>Este jueves por la ma\u00f1ana comenz\u00f3 el traslado de la delegaci\u00f3n gallega de handball que estar\u00e1 presente en la \u201cCopa Andina\u201d. Ser\u00e1 completamente v\u00eda a\u00e9rea haciendo trasbordo en la Ciudad Aut\u00f3noma de Buenos Aires. Los ushuaienses competir\u00e1n en forma internacional en las categor\u00edas cadetes femenino, juveniles masculino y mayores femenino. 2.142 veces le\u00edda Share this:<\/p>\n","protected":false},"author":1,"featured_media":17608,"comment_status":"open","ping_status":"open","sticky":false,"template":"","format":"standard","meta":[],"categories":[5,4,6,2286,1],"tags":[440,2385,349,2384],"_links":{"self":[{"href":"http:\/\/labestiadeportiva.com\/lbd\/wp-json\/wp\/v2\/posts\/17607"}],"collection":[{"href":"http:\/\/labestiadeportiva.com\/lbd\/wp-json\/wp\/v2\/posts"}],"about":[{"href":"http:\/\/labestiadeportiva.com\/lbd\/wp-json\/wp\/v2\/types\/post"}],"author":[{"embeddable":true,"href":"http:\/\/labestiadeportiva.com\/lbd\/wp-json\/wp\/v2\/users\/1"}],"replies":[{"embeddable":true,"href":"http:\/\/labestiadeportiva.com\/lbd\/wp-json\/wp\/v2\/comments?post=17607"}],"version-history":[{"count":1,"href":"http:\/\/labestiadeportiva.com\/lbd\/wp-json\/wp\/v2\/posts\/17607\/revisions"}],"predecessor-version":[{"id":17610,"href":"http:\/\/labestiadeportiva.com\/lbd\/wp-json\/wp\/v2\/posts\/17607\/revisions\/17610"}],"wp:featuredmedia":[{"embeddable":true,"href":"http:\/\/labestiadeportiva.com\/lbd\/wp-json\/wp\/v2\/media\/17608"}],"wp:attachment":[{"href":"http:\/\/labestiadeportiva.com\/lbd\/wp-json\/wp\/v2\/media?parent=17607"}],"wp:term":[{"taxonomy":"category","embeddable":true,"href":"http:\/\/labestiadeportiva.com\/lbd\/wp-json\/wp\/v2\/categories?post=17607"},{"taxonomy":"post_tag","embeddable":true,"href":"http:\/\/labestiadeportiva.com\/lbd\/wp-json\/wp\/v2\/tags?post=17607"}],"curies":[{"name":"wp","href":"https:\/\/api.w.org\/{rel}","templated":true}]}}