{"id":17719,"date":"2015-10-14T17:11:09","date_gmt":"2015-10-14T20:11:09","guid":{"rendered":"http:\/\/labestiadeportiva.com\/lbd\/?p=17719"},"modified":"2015-10-16T12:19:20","modified_gmt":"2015-10-16T15:19:20","slug":"ganaron-todos","status":"publish","type":"post","link":"http:\/\/labestiadeportiva.com\/lbd\/ganaron-todos\/","title":{"rendered":"Ganaron todos"},"content":{"rendered":"<p><a href=\"http:\/\/labestiadeportiva.com\/lbd\/wp-content\/uploads\/2015\/10\/Imagen-529.jpg\"><img loading=\"lazy\" class=\"alignleft size-medium wp-image-17720\" src=\"http:\/\/labestiadeportiva.com\/lbd\/wp-content\/uploads\/2015\/10\/Imagen-529-300x177.jpg\" alt=\"Imagen 529\" width=\"300\" height=\"177\" srcset=\"http:\/\/labestiadeportiva.com\/lbd\/wp-content\/uploads\/2015\/10\/Imagen-529-300x177.jpg 300w, http:\/\/labestiadeportiva.com\/lbd\/wp-content\/uploads\/2015\/10\/Imagen-529.jpg 800w\" sizes=\"(max-width: 300px) 100vw, 300px\" \/><\/a>El s\u00e1bado por la tarde el Grupo NewSan realiz\u00f3 la segunda edici\u00f3n de la Marcha Aer\u00f3bica \u201cAnimarse\u201d. Alrededor de 300 personas formaron parte del evento que cont\u00f3 con recorridos de 3 y 10 k. La firma don\u00f3 equipamiento para la terapia intensiva pedi\u00e1trica del Hospital Regional Ushuaia. Eduardo M\u00f3naco (35\u00b430\u00b4\u00b4) y Elba Mor\u00e1n (47\u00b408\u00b4\u00b4) fueron los vencedores.<!--more--><\/p>\n<p>Minutos despu\u00e9s de las cuatro de la tarde de un s\u00e1bado a pleno sol se realiz\u00f3 la segunda edici\u00f3n de la Marcha Aer\u00f3bica \u201cAnimarse\u201d evento ben\u00e9fico deportivo a cargo del Grupo NewSan. Los organizadores, al igual que el a\u00f1o pasado, convocaron en el sector lindante a la pista de patinaje sobre hielo Carlos \u201cTachuela Oyarz\u00fan y el Yamana Bar + Pat\u00edn.<\/p>\n<p><a href=\"http:\/\/labestiadeportiva.com\/lbd\/wp-content\/uploads\/2015\/10\/Imagen-523.jpg\"><img loading=\"lazy\" class=\"aligncenter size-medium wp-image-17721\" src=\"http:\/\/labestiadeportiva.com\/lbd\/wp-content\/uploads\/2015\/10\/Imagen-523-300x200.jpg\" alt=\"Imagen 523\" width=\"300\" height=\"200\" srcset=\"http:\/\/labestiadeportiva.com\/lbd\/wp-content\/uploads\/2015\/10\/Imagen-523-300x200.jpg 300w, http:\/\/labestiadeportiva.com\/lbd\/wp-content\/uploads\/2015\/10\/Imagen-523.jpg 800w\" sizes=\"(max-width: 300px) 100vw, 300px\" \/><\/a>Los recorridos fueron sumamente sencillos, el m\u00e1s corto la tradicional \u201cVuelta a la Pasarela\u201d por el sector alto mientras que los 10 k inclu\u00edan el ingreso al sector del aeropuerto internacional \u201cMalvinas Argentinas\u201d.<\/p>\n<p>Las ideales condiciones clim\u00e1ticas para la pr\u00e1ctica deportiva al aire libre hicieron que la prueba se desarrollara r\u00e1pida y sin inconvenientes. Es de destacar la gran presencia de ni\u00f1os, familias e instituciones en los 3.000 metros donde el n\u00famero super\u00f3 holgadamente los 200.<\/p>\n<p>La prueba atl\u00e9tica, realizada por poco m\u00e1s de 90 atletas, fue dominada de principio a fin por Eduardo M\u00f2naco quien emple\u00f3 un tiempo total de 35 minutos y 30 segundos.<\/p>\n<p>Fue escoltado por Mat\u00edas Affre quien culmin\u00f3 el recorrido cuatro minutos despu\u00e9s que el ganador. El tercer escal\u00f3n del podio le correspondi\u00f3 a Javier V\u00e1zquez quien lleg\u00f3 veinticinco segundos por detr\u00e1s del segundo.<\/p>\n<p><a href=\"http:\/\/labestiadeportiva.com\/lbd\/wp-content\/uploads\/2015\/10\/Imagen-517.jpg\"><img loading=\"lazy\" class=\"aligncenter size-medium wp-image-17722\" src=\"http:\/\/labestiadeportiva.com\/lbd\/wp-content\/uploads\/2015\/10\/Imagen-517-300x200.jpg\" alt=\"Imagen 517\" width=\"300\" height=\"200\" srcset=\"http:\/\/labestiadeportiva.com\/lbd\/wp-content\/uploads\/2015\/10\/Imagen-517-300x200.jpg 300w, http:\/\/labestiadeportiva.com\/lbd\/wp-content\/uploads\/2015\/10\/Imagen-517.jpg 800w\" sizes=\"(max-width: 300px) 100vw, 300px\" \/><\/a>Por el lado de las damas Elba Mor\u00e1n fue la ganadora, quien recorri\u00f3 los 10.000 metros en 47 minutos y 8 segundos. Su escolta Roxana Coguin Rosas cruz\u00f3 la meta casi cuatro minutos despu\u00e9s mientras que Gianina R\u00edos ocup\u00f3 el tercer escal\u00f3n del podio.<\/p>\n<p>A partir de las cinco y media de la tarde lleg\u00f3 la premiaci\u00f3n general de damas y caballeros de los dos recorridos acto que marc\u00f3 el cierre de casi dos horas de actividad donde el deporte y la solidaridad volvieron a darse la mano.<\/p>\n<p><span style=\"color: #0000ff;\"><a href=\"http:\/\/labestiadeportiva.com\/lbd\/wp-content\/uploads\/2015\/10\/Imagen-579.jpg\"><img loading=\"lazy\" class=\"aligncenter size-medium wp-image-17723\" src=\"http:\/\/labestiadeportiva.com\/lbd\/wp-content\/uploads\/2015\/10\/Imagen-579-300x198.jpg\" alt=\"Imagen 579\" width=\"300\" height=\"198\" srcset=\"http:\/\/labestiadeportiva.com\/lbd\/wp-content\/uploads\/2015\/10\/Imagen-579-300x198.jpg 300w, http:\/\/labestiadeportiva.com\/lbd\/wp-content\/uploads\/2015\/10\/Imagen-579.jpg 800w\" sizes=\"(max-width: 300px) 100vw, 300px\" \/><\/a>La donaci\u00f3n<\/span><\/p>\n<p>El grupo NewSan, al igual que el a\u00f1o pasado, aport\u00f3 elementos al Hosp\u00ectal Regional Ushuaia. En esta oportunidad al sector neonatolog\u00eda, Incubadora, detertor no invasivo de Bilirrubina y l\u00e0mparas fueron la contribuci\u00f3n de la firma dentro de la Responsabilidad Social Empresaria.<\/p>\n<p>Cabe recordar que la empresa tambien adquiri\u00f3 el equipamiento necesario para la habilitaci\u00f3n del sector de Anatom\u00eda Patol\u00f3gica con la compra de las Campanas de Flujo Laminar. Un verdadero gesto para imitar.<\/p>\n<p><span style=\"color: #0000ff;\"><a href=\"http:\/\/labestiadeportiva.com\/lbd\/wp-content\/uploads\/2015\/10\/Imagen-598.jpg\"><img loading=\"lazy\" class=\"aligncenter size-medium wp-image-17724\" src=\"http:\/\/labestiadeportiva.com\/lbd\/wp-content\/uploads\/2015\/10\/Imagen-598-200x300.jpg\" alt=\"Imagen 598\" width=\"200\" height=\"300\" srcset=\"http:\/\/labestiadeportiva.com\/lbd\/wp-content\/uploads\/2015\/10\/Imagen-598-200x300.jpg 200w, http:\/\/labestiadeportiva.com\/lbd\/wp-content\/uploads\/2015\/10\/Imagen-598.jpg 532w\" sizes=\"(max-width: 200px) 100vw, 200px\" \/><\/a>Los podios<\/span><br \/>\n3 k<br \/>\nDamas<br \/>\n1\u00ba Sixta Calixto<br \/>\n2\u00ba Natalia Mallon<br \/>\n3\u00ba Barbara Cuestas<br \/>\nCaballeros<br \/>\n1\u00ba Jos\u00e9 Luis Scazzola<br \/>\n2\u00ba Leandro Daniel Ternengo<br \/>\n3\u00ba Leandro Maximiliano Eyherabide<br \/>\n10 k<br \/>\nDamas<br \/>\n<span style=\"color: #ff0000;\">1\u00ba Elba Mor\u00e1n 47\u00b408\u00b4\u00b4<\/span><br \/>\n2\u00ba Roxana Colgin Rosas<br \/>\n3\u00ba Gianina R\u00edos<br \/>\nCaballeros<br \/>\n<span style=\"color: #ff0000;\">1\u00ba Eduardo M\u00f3naco 35\u00b430\u00b4\u00b4<\/span><br \/>\n2\u00ba Mat\u00edas Affre<br \/>\n3\u00ba Javier V\u00e1zquez<\/p>\n<div class='epvc-post-count'><span class='epvc-eye'><\/span>  <span class=\"epvc-count\"> 987<\/span><span class='epvc-label'> veces le\u00edda<\/span><\/div>\n<div class=\"jwsharethis\">\nShare this: \n<br \/>\n<a href=\"mailto:?subject=Ganaron%20todos&amp;body=http%3A%2F%2Flabestiadeportiva.com%2Flbd%2Fganaron-todos%2F\">\n<img src=\"http:\/\/labestiadeportiva.com\/lbd\/wp-content\/plugins\/jw-share-this\/email.png\" alt=\"Share this page via Email\" \/>\n<\/a>\n<a target=\"_blank\" href=\"http:\/\/www.stumbleupon.com\/submit?url=http%3A%2F%2Flabestiadeportiva.com%2Flbd%2Fganaron-todos%2F&amp;title=Ganaron+todos\">\n<img src=\"http:\/\/labestiadeportiva.com\/lbd\/wp-content\/plugins\/jw-share-this\/su.png\" alt=\"Share this page via Stumble Upon\" \/>\n<\/a>\n<a target=\"_blank\" href=\"http:\/\/digg.com\/submit?url=http%3A%2F%2Flabestiadeportiva.com%2Flbd%2Fganaron-todos%2F&amp;title=Ganaron+todos\">\n<img src=\"http:\/\/labestiadeportiva.com\/lbd\/wp-content\/plugins\/jw-share-this\/digg.png\" alt=\"Share this page via Digg this\" \/>\n<\/a>\n<a target=\"_blank\" href=\"http:\/\/www.facebook.com\/sharer.php?u=http%3A%2F%2Flabestiadeportiva.com%2Flbd%2Fganaron-todos%2F&amp;t=Ganaron+todos\">\n<img src=\"http:\/\/labestiadeportiva.com\/lbd\/wp-content\/plugins\/jw-share-this\/fb.png\" alt=\"Share this page via Facebook\" \/>\n<\/a>\n<a target=\"_blank\" href=\"http:\/\/twitter.com\/intent\/tweet?text=I+like+http%3A%2F%2Flabestiadeportiva.com%2Flbd%2Fganaron-todos%2F&amp;title=Ganaron+todos\">\n<img src=\"http:\/\/labestiadeportiva.com\/lbd\/wp-content\/plugins\/jw-share-this\/twitter.png\" alt=\"Share this page via Twitter\" \/>\n<\/a>\n<\/div>\n","protected":false},"excerpt":{"rendered":"<p>El s\u00e1bado por la tarde el Grupo NewSan realiz\u00f3 la segunda edici\u00f3n de la Marcha Aer\u00f3bica \u201cAnimarse\u201d. Alrededor de 300 personas formaron parte del evento que cont\u00f3 con recorridos de 3 y 10 k. La firma don\u00f3 equipamiento para la terapia intensiva pedi\u00e1trica del Hospital Regional Ushuaia. Eduardo M\u00f3naco (35\u00b430\u00b4\u00b4) y Elba Mor\u00e1n (47\u00b408\u00b4\u00b4) fueron &hellip; <a href=\"http:\/\/labestiadeportiva.com\/lbd\/ganaron-todos\/\" class=\"more-link\">Seguir leyendo <span class=\"screen-reader-text\">Ganaron todos<\/span> <span class=\"meta-nav\">&rarr;<\/span><\/a><\/p>\n","protected":false},"author":1,"featured_media":17720,"comment_status":"open","ping_status":"open","sticky":false,"template":"","format":"standard","meta":[],"categories":[22,5,1],"tags":[2392,4831,2393,2391],"_links":{"self":[{"href":"http:\/\/labestiadeportiva.com\/lbd\/wp-json\/wp\/v2\/posts\/17719"}],"collection":[{"href":"http:\/\/labestiadeportiva.com\/lbd\/wp-json\/wp\/v2\/posts"}],"about":[{"href":"http:\/\/labestiadeportiva.com\/lbd\/wp-json\/wp\/v2\/types\/post"}],"author":[{"embeddable":true,"href":"http:\/\/labestiadeportiva.com\/lbd\/wp-json\/wp\/v2\/users\/1"}],"replies":[{"embeddable":true,"href":"http:\/\/labestiadeportiva.com\/lbd\/wp-json\/wp\/v2\/comments?post=17719"}],"version-history":[{"count":2,"href":"http:\/\/labestiadeportiva.com\/lbd\/wp-json\/wp\/v2\/posts\/17719\/revisions"}],"predecessor-version":[{"id":17757,"href":"http:\/\/labestiadeportiva.com\/lbd\/wp-json\/wp\/v2\/posts\/17719\/revisions\/17757"}],"wp:featuredmedia":[{"embeddable":true,"href":"http:\/\/labestiadeportiva.com\/lbd\/wp-json\/wp\/v2\/media\/17720"}],"wp:attachment":[{"href":"http:\/\/labestiadeportiva.com\/lbd\/wp-json\/wp\/v2\/media?parent=17719"}],"wp:term":[{"taxonomy":"category","embeddable":true,"href":"http:\/\/labestiadeportiva.com\/lbd\/wp-json\/wp\/v2\/categories?post=17719"},{"taxonomy":"post_tag","embeddable":true,"href":"http:\/\/labestiadeportiva.com\/lbd\/wp-json\/wp\/v2\/tags?post=17719"}],"curies":[{"name":"wp","href":"https:\/\/api.w.org\/{rel}","templated":true}]}}