{"id":17952,"date":"2015-11-02T01:25:15","date_gmt":"2015-11-02T04:25:15","guid":{"rendered":"http:\/\/labestiadeportiva.com\/lbd\/?p=17952"},"modified":"2015-11-02T01:25:15","modified_gmt":"2015-11-02T04:25:15","slug":"federer-campeon-en-basilea","status":"publish","type":"post","link":"http:\/\/labestiadeportiva.com\/lbd\/federer-campeon-en-basilea\/","title":{"rendered":"Federer campe\u00f3n en Basilea"},"content":{"rendered":"<p>Por Mat\u00edas Pouso (Corresponsal LBD en CABA)<\/p>\n<p><a href=\"http:\/\/labestiadeportiva.com\/lbd\/wp-content\/uploads\/2015\/11\/2015-11-01T161312Z_826861468_LR2EBB1191Q77_RTRMADP_3_TENNIS-MEN-SWITZERLAND.jpg\"><img loading=\"lazy\" class=\"alignleft size-medium wp-image-17953\" src=\"http:\/\/labestiadeportiva.com\/lbd\/wp-content\/uploads\/2015\/11\/2015-11-01T161312Z_826861468_LR2EBB1191Q77_RTRMADP_3_TENNIS-MEN-SWITZERLAND-300x215.jpg\" alt=\"Switzerland's Federer holds the trophy after winning his match against Nadal of Spain at the Swiss Indoors ATP men's tennis tournament in Basel\" width=\"300\" height=\"215\" srcset=\"http:\/\/labestiadeportiva.com\/lbd\/wp-content\/uploads\/2015\/11\/2015-11-01T161312Z_826861468_LR2EBB1191Q77_RTRMADP_3_TENNIS-MEN-SWITZERLAND-300x215.jpg 300w, http:\/\/labestiadeportiva.com\/lbd\/wp-content\/uploads\/2015\/11\/2015-11-01T161312Z_826861468_LR2EBB1191Q77_RTRMADP_3_TENNIS-MEN-SWITZERLAND-1024x734.jpg 1024w\" sizes=\"(max-width: 300px) 100vw, 300px\" \/><\/a>El n\u00famero 2 del mundo se dio el gusto de festejar un nuevo t\u00edtulo en su casa y nada menos que ante su n\u00e9mesis Rafael Nadal. Con el triunfo por 6-3, 5-7 y 6-3 le puso fin a una racha negativa de tres a\u00f1os y medio sin poder vencer a su cl\u00e1sico rival.<!--more--><\/p>\n<p>Despu\u00e9s de una espera de 21 meses, Federer y Nadal volvieron a reditar un cap\u00edtulo de su hist\u00f3rica rivalidad, esta vez fue sobre la cancha dura bajo techo del ATP 500 de Basilea.<\/p>\n<p>Ya hab\u00eda quedado muy lejos en la historia el \u00faltimo triunfo del suizo sobre el espa\u00f1ol en 2012 en el Masters 1000 de Indian Wells.<\/p>\n<p>Esta fue la final n\u00famero 12 en su Basilea natal para Federer, y sum\u00f3 su s\u00e9ptimo trofeo de este certamen, una haza\u00f1a que ha logrado tambi\u00e9n en otros cuatro torneos en su carrera (Wimbledon, Halle, Dubai, Cincinnati).<\/p>\n<p>En la definici\u00f3n de este domingo, Nadal busc\u00f3 desde el comienzo ser agresivo ante la devoluci\u00f3n de Federer e intentaba evitar que este avance sobre la red forzando peloteos desde el fondo de la cancha.<\/p>\n<p>Sin embargo, el m\u00e1ximo ganador de Grand Slams comand\u00f3 el tr\u00e1mite del primer parcial, logrando dos quiebres y qued\u00e1ndose con esa manga en 37\u00b4.<\/p>\n<p><a href=\"http:\/\/labestiadeportiva.com\/lbd\/wp-content\/uploads\/2015\/11\/basel-2015-tuesday-federer2.jpg\"><img loading=\"lazy\" class=\"aligncenter size-medium wp-image-17954\" src=\"http:\/\/labestiadeportiva.com\/lbd\/wp-content\/uploads\/2015\/11\/basel-2015-tuesday-federer2-300x169.jpg\" alt=\"basel-2015-tuesday-federer2\" width=\"300\" height=\"169\" srcset=\"http:\/\/labestiadeportiva.com\/lbd\/wp-content\/uploads\/2015\/11\/basel-2015-tuesday-federer2-300x169.jpg 300w, http:\/\/labestiadeportiva.com\/lbd\/wp-content\/uploads\/2015\/11\/basel-2015-tuesday-federer2-1024x576.jpg 1024w, http:\/\/labestiadeportiva.com\/lbd\/wp-content\/uploads\/2015\/11\/basel-2015-tuesday-federer2.jpg 1920w\" sizes=\"(max-width: 300px) 100vw, 300px\" \/><\/a>Pero Nadal, como de costumbre, no dar\u00eda el brazo a torcer tan f\u00e1cilmente. Luego de largos games y llegando al final del set, Roger se puso 5-4 pero era el turno de Rafa al servicio.<\/p>\n<p>El espa\u00f1ol gan\u00f3 ese juego de saque, luego quebr\u00f3 el de su rival y finalmente cerr\u00f3 ese segundo parcial por 7-5 para llevar la definici\u00f3n del torneo a un tercer set.<\/p>\n<p>Federer cobr\u00f3 vida justo a tiempo en el \u00faltimo set, rompiendo el saque de Nadal para adelantarse 5-3 y luego sirvi\u00f3 para la victoria un juego m\u00e1s tarde, concretando el segundo match point que tuvo a su favor apenas superadas las dos horas de juego.<\/p>\n<p>Fue el tercer t\u00edtulo de ATP 500 para Federer este a\u00f1o (Dubai y Halle), y el n\u00famero 88 de su carrera. En 2015 tambi\u00e9n se coron\u00f3 en dos ATP 250 (Brisbane y Estambul) y un Masters 1000 (Cincinnati).<\/p>\n<p>Nadal, por su parte, que posee una ventaja 23-11 en el historial ante el suizo, estaba compitiendo por ganar su segundo trofeo en canchas duras bajo techo, superficie en la que solamente se coron\u00f3 en Madrid 2005.<\/p>\n<p><span style=\"color: #0000ff;\">\u00abEste fue mi mejor victoria en Basilea, teniendo en cuenta todo lo que he hecho en toda mi carrera aqu\u00ed\u00bb<\/span>, dijo Federer, jugando su d\u00e9cima final consecutiva en su ciudad natal, donde comenz\u00f3 como ball boy hace dos d\u00e9cadas. <span style=\"color: #0000ff;\">\u00abDespu\u00e9s de todos los partidos y las grandes finales que hemos jugado, disputar una final aqu\u00ed en Basilea fue incre\u00edble para la gente y para m\u00ed personalmente\u201d.<\/span><\/p>\n<p>La acci\u00f3n seguir\u00e1 la semana que viene en Par\u00eds, cuando se dispute el \u00faltimo Masters 1000 de la temporada; all\u00ed Leo Mayer debutar\u00e1 en primera ronda frente al eslovaco Martin Klizan.<\/p>\n<p>El correntino ser\u00e1 el \u00fanico representante argentino en el certamen, y cerrar\u00e1 un a\u00f1o en donde ning\u00fan tenista albiceleste pudo coronarse campe\u00f3n a nivel ATP.<\/p>\n<p><a href=\"http:\/\/labestiadeportiva.com\/lbd\/wp-content\/uploads\/2015\/11\/federernadalbasilea.jpg\"><img loading=\"lazy\" class=\"aligncenter size-medium wp-image-17955\" src=\"http:\/\/labestiadeportiva.com\/lbd\/wp-content\/uploads\/2015\/11\/federernadalbasilea-300x171.jpg\" alt=\"federernadalbasilea\" width=\"300\" height=\"171\" srcset=\"http:\/\/labestiadeportiva.com\/lbd\/wp-content\/uploads\/2015\/11\/federernadalbasilea-300x171.jpg 300w, http:\/\/labestiadeportiva.com\/lbd\/wp-content\/uploads\/2015\/11\/federernadalbasilea-1024x583.jpg 1024w, http:\/\/labestiadeportiva.com\/lbd\/wp-content\/uploads\/2015\/11\/federernadalbasilea.jpg 1084w\" sizes=\"(max-width: 300px) 100vw, 300px\" \/><\/a><\/p>\n<div class='epvc-post-count'><span class='epvc-eye'><\/span>  <span class=\"epvc-count\"> 1.256<\/span><span class='epvc-label'> veces le\u00edda<\/span><\/div>\n<div class=\"jwsharethis\">\nShare this: \n<br \/>\n<a href=\"mailto:?subject=Federer%20campe%C3%B3n%20en%20Basilea&amp;body=http%3A%2F%2Flabestiadeportiva.com%2Flbd%2Ffederer-campeon-en-basilea%2F\">\n<img src=\"http:\/\/labestiadeportiva.com\/lbd\/wp-content\/plugins\/jw-share-this\/email.png\" alt=\"Share this page via Email\" \/>\n<\/a>\n<a target=\"_blank\" href=\"http:\/\/www.stumbleupon.com\/submit?url=http%3A%2F%2Flabestiadeportiva.com%2Flbd%2Ffederer-campeon-en-basilea%2F&amp;title=Federer+campe%C3%B3n+en+Basilea\">\n<img src=\"http:\/\/labestiadeportiva.com\/lbd\/wp-content\/plugins\/jw-share-this\/su.png\" alt=\"Share this page via Stumble Upon\" \/>\n<\/a>\n<a target=\"_blank\" href=\"http:\/\/digg.com\/submit?url=http%3A%2F%2Flabestiadeportiva.com%2Flbd%2Ffederer-campeon-en-basilea%2F&amp;title=Federer+campe%C3%B3n+en+Basilea\">\n<img src=\"http:\/\/labestiadeportiva.com\/lbd\/wp-content\/plugins\/jw-share-this\/digg.png\" alt=\"Share this page via Digg this\" \/>\n<\/a>\n<a target=\"_blank\" href=\"http:\/\/www.facebook.com\/sharer.php?u=http%3A%2F%2Flabestiadeportiva.com%2Flbd%2Ffederer-campeon-en-basilea%2F&amp;t=Federer+campe%C3%B3n+en+Basilea\">\n<img src=\"http:\/\/labestiadeportiva.com\/lbd\/wp-content\/plugins\/jw-share-this\/fb.png\" alt=\"Share this page via Facebook\" \/>\n<\/a>\n<a target=\"_blank\" href=\"http:\/\/twitter.com\/intent\/tweet?text=I+like+http%3A%2F%2Flabestiadeportiva.com%2Flbd%2Ffederer-campeon-en-basilea%2F&amp;title=Federer+campe%C3%B3n+en+Basilea\">\n<img src=\"http:\/\/labestiadeportiva.com\/lbd\/wp-content\/plugins\/jw-share-this\/twitter.png\" alt=\"Share this page via Twitter\" \/>\n<\/a>\n<\/div>\n","protected":false},"excerpt":{"rendered":"<p>Por Mat\u00edas Pouso (Corresponsal LBD en CABA) El n\u00famero 2 del mundo se dio el gusto de festejar un nuevo t\u00edtulo en su casa y nada menos que ante su n\u00e9mesis Rafael Nadal. Con el triunfo por 6-3, 5-7 y 6-3 le puso fin a una racha negativa de tres a\u00f1os y medio sin poder &hellip; <a href=\"http:\/\/labestiadeportiva.com\/lbd\/federer-campeon-en-basilea\/\" class=\"more-link\">Seguir leyendo <span class=\"screen-reader-text\">Federer campe\u00f3n en Basilea<\/span> <span class=\"meta-nav\">&rarr;<\/span><\/a><\/p>\n","protected":false},"author":1,"featured_media":17953,"comment_status":"open","ping_status":"open","sticky":false,"template":"","format":"standard","meta":[],"categories":[4,1,39],"tags":[1825,83,4835],"_links":{"self":[{"href":"http:\/\/labestiadeportiva.com\/lbd\/wp-json\/wp\/v2\/posts\/17952"}],"collection":[{"href":"http:\/\/labestiadeportiva.com\/lbd\/wp-json\/wp\/v2\/posts"}],"about":[{"href":"http:\/\/labestiadeportiva.com\/lbd\/wp-json\/wp\/v2\/types\/post"}],"author":[{"embeddable":true,"href":"http:\/\/labestiadeportiva.com\/lbd\/wp-json\/wp\/v2\/users\/1"}],"replies":[{"embeddable":true,"href":"http:\/\/labestiadeportiva.com\/lbd\/wp-json\/wp\/v2\/comments?post=17952"}],"version-history":[{"count":1,"href":"http:\/\/labestiadeportiva.com\/lbd\/wp-json\/wp\/v2\/posts\/17952\/revisions"}],"predecessor-version":[{"id":17956,"href":"http:\/\/labestiadeportiva.com\/lbd\/wp-json\/wp\/v2\/posts\/17952\/revisions\/17956"}],"wp:featuredmedia":[{"embeddable":true,"href":"http:\/\/labestiadeportiva.com\/lbd\/wp-json\/wp\/v2\/media\/17953"}],"wp:attachment":[{"href":"http:\/\/labestiadeportiva.com\/lbd\/wp-json\/wp\/v2\/media?parent=17952"}],"wp:term":[{"taxonomy":"category","embeddable":true,"href":"http:\/\/labestiadeportiva.com\/lbd\/wp-json\/wp\/v2\/categories?post=17952"},{"taxonomy":"post_tag","embeddable":true,"href":"http:\/\/labestiadeportiva.com\/lbd\/wp-json\/wp\/v2\/tags?post=17952"}],"curies":[{"name":"wp","href":"https:\/\/api.w.org\/{rel}","templated":true}]}}