{"id":17979,"date":"2015-11-02T17:49:04","date_gmt":"2015-11-02T20:49:04","guid":{"rendered":"http:\/\/labestiadeportiva.com\/lbd\/?p=17979"},"modified":"2015-11-02T17:49:04","modified_gmt":"2015-11-02T20:49:04","slug":"quiere-resurgir","status":"publish","type":"post","link":"http:\/\/labestiadeportiva.com\/lbd\/quiere-resurgir\/","title":{"rendered":"Quiere resurgir"},"content":{"rendered":"<p><a href=\"http:\/\/labestiadeportiva.com\/lbd\/wp-content\/uploads\/2015\/11\/12140673_1243024072390271_5548735852801157899_n.jpg\"><img loading=\"lazy\" class=\"alignleft size-medium wp-image-17980\" src=\"http:\/\/labestiadeportiva.com\/lbd\/wp-content\/uploads\/2015\/11\/12140673_1243024072390271_5548735852801157899_n-300x147.jpg\" alt=\"12140673_1243024072390271_5548735852801157899_n\" width=\"300\" height=\"147\" srcset=\"http:\/\/labestiadeportiva.com\/lbd\/wp-content\/uploads\/2015\/11\/12140673_1243024072390271_5548735852801157899_n-300x147.jpg 300w, http:\/\/labestiadeportiva.com\/lbd\/wp-content\/uploads\/2015\/11\/12140673_1243024072390271_5548735852801157899_n.jpg 960w\" sizes=\"(max-width: 300px) 100vw, 300px\" \/><\/a>Durante el fin de semana se realiz\u00f3 el torneo de padel \u201cCopa First Class Ushuaia 2015\u201d. 57 parejas locales, de R\u00edo Grande y R\u00edo Gallegos presentes quienes compitieron de viernes a domingo. La actividad deportiva fue organizada en forma conjunta por el Complejo y Only Padel. Irigoin\/Villarreal, Rosas \/Barrientos, Bravo\/G\u00f3mez y Felguerozo\/Esperanza, los ganadores.<!--more--><\/p>\n<p><a href=\"http:\/\/labestiadeportiva.com\/lbd\/wp-content\/uploads\/2015\/11\/Imagen-1054.jpg\"><img loading=\"lazy\" class=\"aligncenter size-medium wp-image-17981\" src=\"http:\/\/labestiadeportiva.com\/lbd\/wp-content\/uploads\/2015\/11\/Imagen-1054-300x164.jpg\" alt=\"Imagen 1054\" width=\"300\" height=\"164\" srcset=\"http:\/\/labestiadeportiva.com\/lbd\/wp-content\/uploads\/2015\/11\/Imagen-1054-300x164.jpg 300w, http:\/\/labestiadeportiva.com\/lbd\/wp-content\/uploads\/2015\/11\/Imagen-1054.jpg 800w\" sizes=\"(max-width: 300px) 100vw, 300px\" \/><\/a>El renovado \u00faltimo basti\u00f3n local de la disciplina, Complejo First Class, alberg\u00f3 la compedetencia que convoc\u00f3 a 114 practicantes en loas categor\u00edas 2\u00ba, 3\u00ba y 4\u00ba caballeros y 2\u00ba damas.<\/p>\n<p>Con la importante visita de jugadores de R\u00edo Grande y R\u00edo Gallegos, quienes se quedaron con las posiciones de privilegio, se vivieron 72 intensas horas para un deporte que de aqu\u00ed en adelante intentar\u00e1 ponerse de pie.<\/p>\n<p><a href=\"http:\/\/labestiadeportiva.com\/lbd\/wp-content\/uploads\/2015\/11\/10259840_1243046085721403_2536051012015117169_n.jpg\"><img loading=\"lazy\" class=\"aligncenter size-medium wp-image-17982\" src=\"http:\/\/labestiadeportiva.com\/lbd\/wp-content\/uploads\/2015\/11\/10259840_1243046085721403_2536051012015117169_n-300x169.jpg\" alt=\"10259840_1243046085721403_2536051012015117169_n\" width=\"300\" height=\"169\" srcset=\"http:\/\/labestiadeportiva.com\/lbd\/wp-content\/uploads\/2015\/11\/10259840_1243046085721403_2536051012015117169_n-300x169.jpg 300w, http:\/\/labestiadeportiva.com\/lbd\/wp-content\/uploads\/2015\/11\/10259840_1243046085721403_2536051012015117169_n.jpg 960w\" sizes=\"(max-width: 300px) 100vw, 300px\" \/><\/a>Sin ninguna duda algo fundamental para que esto suceda ser\u00e1 las ganas y el compromiso de los practicantes locales quienes este fin de semana dieron una clara muestra de estar dispuestos.<\/p>\n<p>Un dato no menor es el regreso de los due\u00f1os al Complejo First Class quienes en poco m\u00e1s de un mes han refaccionado notablemente las instalaciones para estar acordes a la altura de las circunstancias. Luego de dos jornadas de juego lleg\u00f3 el momento de las definiciones de cada una de las categor\u00edas.<\/p>\n<p><a href=\"http:\/\/labestiadeportiva.com\/lbd\/wp-content\/uploads\/2015\/11\/Imagen-1052.jpg\"><img loading=\"lazy\" class=\"aligncenter size-medium wp-image-17983\" src=\"http:\/\/labestiadeportiva.com\/lbd\/wp-content\/uploads\/2015\/11\/Imagen-1052-300x197.jpg\" alt=\"Imagen 1052\" width=\"300\" height=\"197\" srcset=\"http:\/\/labestiadeportiva.com\/lbd\/wp-content\/uploads\/2015\/11\/Imagen-1052-300x197.jpg 300w, http:\/\/labestiadeportiva.com\/lbd\/wp-content\/uploads\/2015\/11\/Imagen-1052.jpg 800w\" sizes=\"(max-width: 300px) 100vw, 300px\" \/><\/a>En cuanto a los resultados finales los riograndenses Agust\u00edn Irigoin y Jos\u00e9 Villarreal se quedaron con el t\u00edtulo en 2\u00ba caballeros quienes vencieron en la final a los locales Mart\u00edn Maiztegui y Alexis Gonz\u00e1lez, los galleguenses Mart\u00edn Rosas y Hugo Barrientos se consagraron en 3\u00ba caballeros al doblegar a la pareja ushuaiense de Damian Acosta y Hugo Gonz\u00e1lez.<\/p>\n<p>Mientras que en 4\u00ba caballeros el \u00e9xito les corrrespondi\u00f3 a la pareja del norte de la isla Emanuel Bravo y Pablo G\u00f3mez quienes vencieron en el duelo final a los locales Diego Cheuqueman y Carlos Gutierrez.<\/p>\n<p><a href=\"http:\/\/labestiadeportiva.com\/lbd\/wp-content\/uploads\/2015\/11\/Imagen-1059.jpg\"><img loading=\"lazy\" class=\"aligncenter size-medium wp-image-17984\" src=\"http:\/\/labestiadeportiva.com\/lbd\/wp-content\/uploads\/2015\/11\/Imagen-1059-300x164.jpg\" alt=\"Imagen 1059\" width=\"300\" height=\"164\" srcset=\"http:\/\/labestiadeportiva.com\/lbd\/wp-content\/uploads\/2015\/11\/Imagen-1059-300x164.jpg 300w, http:\/\/labestiadeportiva.com\/lbd\/wp-content\/uploads\/2015\/11\/Imagen-1059.jpg 800w\" sizes=\"(max-width: 300px) 100vw, 300px\" \/><\/a>Finalmente en el \u00fanico segmento de damas, 2\u00ba, las chicas de la capital santacruce\u00f1a Florencia Felguerozo y Natalia Esperanza fueron campeonas al superar a Cecilia Toledo y Estela Moyano de nuestra ciudad.<\/p>\n<p>Redondito por donde se lo mire. Convocatoria, organizaci\u00f3n y buen juego seguidos por una interesante cantidad de p\u00fablico. Los organizadores tienen en carpeta una nueva competencia para antes de fin de a\u00f1o que confirmar\u00e1n definitivamente con el correr de las semanas.<\/p>\n<p><a href=\"http:\/\/labestiadeportiva.com\/lbd\/wp-content\/uploads\/2015\/11\/10259840_1243046845721327_8492588015841443456_n.jpg\"><img loading=\"lazy\" class=\"aligncenter size-medium wp-image-17985\" src=\"http:\/\/labestiadeportiva.com\/lbd\/wp-content\/uploads\/2015\/11\/10259840_1243046845721327_8492588015841443456_n-300x169.jpg\" alt=\"10259840_1243046845721327_8492588015841443456_n\" width=\"300\" height=\"169\" srcset=\"http:\/\/labestiadeportiva.com\/lbd\/wp-content\/uploads\/2015\/11\/10259840_1243046845721327_8492588015841443456_n-300x169.jpg 300w, http:\/\/labestiadeportiva.com\/lbd\/wp-content\/uploads\/2015\/11\/10259840_1243046845721327_8492588015841443456_n.jpg 960w\" sizes=\"(max-width: 300px) 100vw, 300px\" \/><\/a>El padel apareci\u00f3 el fin de semana para sumarse a las actividades competitivas, esperemos que con el tiempo pueda quedarse definitivamente entre nosotros.<\/p>\n<p><span style=\"color: #0000ff;\">Los podios por categor\u00edas<\/span><br \/>\n2\u00ba Damas<br \/>\n<span style=\"color: #ff0000;\">1\u00ba Florencia Felgueroso\/Natalia Esperanza (R\u00edo Gallegos)<\/span><br \/>\n2\u00ba Cecilia Toledo\/Estela Moyano (Ushuaia)<br \/>\n3\u00ba Paola Arias7Claudia Andrade (R\u00edo Grande)<\/p>\n<p><a href=\"http:\/\/labestiadeportiva.com\/lbd\/wp-content\/uploads\/2015\/11\/Imagen-1056.jpg\"><img loading=\"lazy\" class=\"aligncenter size-medium wp-image-17986\" src=\"http:\/\/labestiadeportiva.com\/lbd\/wp-content\/uploads\/2015\/11\/Imagen-1056-300x174.jpg\" alt=\"Imagen 1056\" width=\"300\" height=\"174\" srcset=\"http:\/\/labestiadeportiva.com\/lbd\/wp-content\/uploads\/2015\/11\/Imagen-1056-300x174.jpg 300w, http:\/\/labestiadeportiva.com\/lbd\/wp-content\/uploads\/2015\/11\/Imagen-1056.jpg 800w\" sizes=\"(max-width: 300px) 100vw, 300px\" \/><\/a>2\u00ba Caballeros<br \/>\n<span style=\"color: #ff0000;\">1\u00ba Agust\u00edn Irigoin\/Jos\u00e9 Villarreal (R\u00edo Grande)<\/span><br \/>\n2\u00ba Mart\u00edn Maiztegui\/Alexis Gonz\u00e1lez (Ushuaia)<br \/>\n3\u00ba Mario Miraglia\/Maxi Balle (Ushuaia)<\/p>\n<p><a href=\"http:\/\/labestiadeportiva.com\/lbd\/wp-content\/uploads\/2015\/11\/12122622_1243048402387838_6105690957770696598_n.jpg\"><img loading=\"lazy\" class=\"aligncenter size-medium wp-image-17987\" src=\"http:\/\/labestiadeportiva.com\/lbd\/wp-content\/uploads\/2015\/11\/12122622_1243048402387838_6105690957770696598_n-300x169.jpg\" alt=\"12122622_1243048402387838_6105690957770696598_n\" width=\"300\" height=\"169\" srcset=\"http:\/\/labestiadeportiva.com\/lbd\/wp-content\/uploads\/2015\/11\/12122622_1243048402387838_6105690957770696598_n-300x169.jpg 300w, http:\/\/labestiadeportiva.com\/lbd\/wp-content\/uploads\/2015\/11\/12122622_1243048402387838_6105690957770696598_n.jpg 960w\" sizes=\"(max-width: 300px) 100vw, 300px\" \/><\/a>3\u00ba Caballeros<br \/>\n<span style=\"color: #ff0000;\">1\u00ba Mart\u00edn Rosas\/Hugo Barrientos (R\u00edo Gallegos)<\/span><br \/>\n2\u00ba Dami\u00e1n Acosta7Hugo Gonz\u00e1lez (Ushuaia)<br \/>\n3\u00ba Jos\u00e9 Sosa\/Dar\u00edo Ch\u00e1vez (Ushuaia)<\/p>\n<p>4\u00ba Caballeros<br \/>\n<span style=\"color: #ff0000;\">1\u00ba Emanuel Bravo\/Pablo G\u00f3mez (R\u00edo Grande)<\/span><br \/>\n2\u00ba Diego Cheuqueman\/Carlos Guti\u00e9rrez (Ushuaia)<br \/>\n3\u00ba Mart\u00edn C\u00e1rdenas\/Mart\u00edn Fern\u00e1ndez (Ushuaia)<\/p>\n<p><a href=\"http:\/\/labestiadeportiva.com\/lbd\/wp-content\/uploads\/2015\/11\/12049720_1243049032387775_7370098098028626767_n.jpg\"><img loading=\"lazy\" class=\"aligncenter size-medium wp-image-17988\" src=\"http:\/\/labestiadeportiva.com\/lbd\/wp-content\/uploads\/2015\/11\/12049720_1243049032387775_7370098098028626767_n-300x169.jpg\" alt=\"12049720_1243049032387775_7370098098028626767_n\" width=\"300\" height=\"169\" srcset=\"http:\/\/labestiadeportiva.com\/lbd\/wp-content\/uploads\/2015\/11\/12049720_1243049032387775_7370098098028626767_n-300x169.jpg 300w, http:\/\/labestiadeportiva.com\/lbd\/wp-content\/uploads\/2015\/11\/12049720_1243049032387775_7370098098028626767_n.jpg 960w\" sizes=\"(max-width: 300px) 100vw, 300px\" \/><\/a><\/p>\n<div class='epvc-post-count'><span class='epvc-eye'><\/span>  <span class=\"epvc-count\"> 1.194<\/span><span class='epvc-label'> veces le\u00edda<\/span><\/div>\n<div class=\"jwsharethis\">\nShare this: \n<br \/>\n<a href=\"mailto:?subject=Quiere%20resurgir&amp;body=http%3A%2F%2Flabestiadeportiva.com%2Flbd%2Fquiere-resurgir%2F\">\n<img src=\"http:\/\/labestiadeportiva.com\/lbd\/wp-content\/plugins\/jw-share-this\/email.png\" alt=\"Share this page via Email\" \/>\n<\/a>\n<a target=\"_blank\" href=\"http:\/\/www.stumbleupon.com\/submit?url=http%3A%2F%2Flabestiadeportiva.com%2Flbd%2Fquiere-resurgir%2F&amp;title=Quiere+resurgir\">\n<img src=\"http:\/\/labestiadeportiva.com\/lbd\/wp-content\/plugins\/jw-share-this\/su.png\" alt=\"Share this page via Stumble Upon\" \/>\n<\/a>\n<a target=\"_blank\" href=\"http:\/\/digg.com\/submit?url=http%3A%2F%2Flabestiadeportiva.com%2Flbd%2Fquiere-resurgir%2F&amp;title=Quiere+resurgir\">\n<img src=\"http:\/\/labestiadeportiva.com\/lbd\/wp-content\/plugins\/jw-share-this\/digg.png\" alt=\"Share this page via Digg this\" \/>\n<\/a>\n<a target=\"_blank\" href=\"http:\/\/www.facebook.com\/sharer.php?u=http%3A%2F%2Flabestiadeportiva.com%2Flbd%2Fquiere-resurgir%2F&amp;t=Quiere+resurgir\">\n<img src=\"http:\/\/labestiadeportiva.com\/lbd\/wp-content\/plugins\/jw-share-this\/fb.png\" alt=\"Share this page via Facebook\" \/>\n<\/a>\n<a target=\"_blank\" href=\"http:\/\/twitter.com\/intent\/tweet?text=I+like+http%3A%2F%2Flabestiadeportiva.com%2Flbd%2Fquiere-resurgir%2F&amp;title=Quiere+resurgir\">\n<img src=\"http:\/\/labestiadeportiva.com\/lbd\/wp-content\/plugins\/jw-share-this\/twitter.png\" alt=\"Share this page via Twitter\" \/>\n<\/a>\n<\/div>\n","protected":false},"excerpt":{"rendered":"<p>Durante el fin de semana se realiz\u00f3 el torneo de padel \u201cCopa First Class Ushuaia 2015\u201d. 57 parejas locales, de R\u00edo Grande y R\u00edo Gallegos presentes quienes compitieron de viernes a domingo. La actividad deportiva fue organizada en forma conjunta por el Complejo y Only Padel. Irigoin\/Villarreal, Rosas \/Barrientos, Bravo\/G\u00f3mez y Felguerozo\/Esperanza, los ganadores. 1.194 &hellip; <a href=\"http:\/\/labestiadeportiva.com\/lbd\/quiere-resurgir\/\" class=\"more-link\">Seguir leyendo <span class=\"screen-reader-text\">Quiere resurgir<\/span> <span class=\"meta-nav\">&rarr;<\/span><\/a><\/p>\n","protected":false},"author":1,"featured_media":17980,"comment_status":"open","ping_status":"open","sticky":false,"template":"","format":"standard","meta":[],"categories":[5,6,1,2424],"tags":[2425,83,2426,1523],"_links":{"self":[{"href":"http:\/\/labestiadeportiva.com\/lbd\/wp-json\/wp\/v2\/posts\/17979"}],"collection":[{"href":"http:\/\/labestiadeportiva.com\/lbd\/wp-json\/wp\/v2\/posts"}],"about":[{"href":"http:\/\/labestiadeportiva.com\/lbd\/wp-json\/wp\/v2\/types\/post"}],"author":[{"embeddable":true,"href":"http:\/\/labestiadeportiva.com\/lbd\/wp-json\/wp\/v2\/users\/1"}],"replies":[{"embeddable":true,"href":"http:\/\/labestiadeportiva.com\/lbd\/wp-json\/wp\/v2\/comments?post=17979"}],"version-history":[{"count":1,"href":"http:\/\/labestiadeportiva.com\/lbd\/wp-json\/wp\/v2\/posts\/17979\/revisions"}],"predecessor-version":[{"id":17989,"href":"http:\/\/labestiadeportiva.com\/lbd\/wp-json\/wp\/v2\/posts\/17979\/revisions\/17989"}],"wp:featuredmedia":[{"embeddable":true,"href":"http:\/\/labestiadeportiva.com\/lbd\/wp-json\/wp\/v2\/media\/17980"}],"wp:attachment":[{"href":"http:\/\/labestiadeportiva.com\/lbd\/wp-json\/wp\/v2\/media?parent=17979"}],"wp:term":[{"taxonomy":"category","embeddable":true,"href":"http:\/\/labestiadeportiva.com\/lbd\/wp-json\/wp\/v2\/categories?post=17979"},{"taxonomy":"post_tag","embeddable":true,"href":"http:\/\/labestiadeportiva.com\/lbd\/wp-json\/wp\/v2\/tags?post=17979"}],"curies":[{"name":"wp","href":"https:\/\/api.w.org\/{rel}","templated":true}]}}