{"id":18448,"date":"2015-12-10T18:55:43","date_gmt":"2015-12-10T21:55:43","guid":{"rendered":"http:\/\/labestiadeportiva.com\/lbd\/?p=18448"},"modified":"2015-12-10T18:55:43","modified_gmt":"2015-12-10T21:55:43","slug":"el-regreso-de-lucas-a-la-clase-3","status":"publish","type":"post","link":"http:\/\/labestiadeportiva.com\/lbd\/el-regreso-de-lucas-a-la-clase-3\/","title":{"rendered":"El regreso de Lucas a la Clase 3"},"content":{"rendered":"<p><a href=\"http:\/\/labestiadeportiva.com\/lbd\/wp-content\/uploads\/2015\/12\/Yerobi.jpg\"><img loading=\"lazy\" class=\"alignleft size-medium wp-image-18449\" src=\"http:\/\/labestiadeportiva.com\/lbd\/wp-content\/uploads\/2015\/12\/Yerobi-300x225.jpg\" alt=\"Yerobi\" width=\"300\" height=\"225\" srcset=\"http:\/\/labestiadeportiva.com\/lbd\/wp-content\/uploads\/2015\/12\/Yerobi-300x225.jpg 300w, http:\/\/labestiadeportiva.com\/lbd\/wp-content\/uploads\/2015\/12\/Yerobi.jpg 960w\" sizes=\"(max-width: 300px) 100vw, 300px\" \/><\/a>El piloto ushuaiense, Lucas Yerobi, cerrar\u00e1 su temporada deportiva sobre el VW Gol del Cano Racing dentro del Turismo Pista Clase 3. Ser\u00e1 en Jun\u00edn \u00a0donde se desarrollar\u00e1 el Gran Premio Coronaci\u00f3n. Fuente y foto Prensa Lucas Yerobi.<!--more--><\/p>\n<p>Luego de haber dado inicio a la temporada dentro del Turismo Pista y de haber concretado sus primeras competencias en el TC 2000, parec\u00eda que el a\u00f1o deportivo del fueguino hab\u00eda llegado a su fin.<\/p>\n<p>Esto finalmente no ocurri\u00f3 ya que Lucas recibi\u00f3 el ofrecimiento por parte de Ariel Cano para subirse al VW Gol del equipo y, de esta manera, tomar parte del Gran Premio Coronaci\u00f3n del Turismo Pista, el cual tendr\u00e1 lugar este fin de semana en el Aut\u00f3dromo Eusebio Marcilla de la Ciudad de Jun\u00edn.<\/p>\n<p>Con la confianza que genera el trabajo por parte de un preparador con quien ya ha trabajado con \u00e9l con excelentes resultados, el piloto del sur del pa\u00eds r\u00e1pidamente tom\u00f3 la determinaci\u00f3n de aceptar la propuesta recibida para subirse al VW Gol, siempre buscando ser protagonista y confiando en coronar un buen resultado que le permita cerrar con buena cara una excelente temporada.<\/p>\n<p>Teniendo en cuenta que la cita ser\u00e1 en el aut\u00f3dromo de Jun\u00edn, esa variante de circuito es ampliamente conocida no s\u00f3lo por Yerobi sino tambi\u00e9n por la gran mayor\u00eda de pilotos de la Clase Tres del Turismo Pista, teniendo en cuenta que el sure\u00f1o estuvo presente en la actual temporada completando la actividad entre los diez pilotos destacados, lo cual intentar\u00e1 repetir.<\/p>\n<p><span style=\"color: #0000ff;\">\u201cSe dio la posibilidad de estar corriendo en la \u00faltima competencia del Turismo Pista y acept\u00e9 de manera gustosa, ante todo le agradezco a Ariel Cano por la invitaci\u00f3n esperando poder concretar un buen resultado y cerrar una gran temporada lo m\u00e1s adelante posible\u201d<\/span> Indic\u00f3 el fueguino previo al \u00faltimo fin de semana de la temporada donde concretar\u00e1 su regreso al Turismo Pista.<\/p>\n<p>La actividad se extender\u00e1 entre los d\u00edas s\u00e1bado y domingo, comenzando la jornada sabatina desde las 09.55 con la primera tanda de entrenamientos, al tiempo que 13.05 se desarrollar\u00e1 la segunda.<\/p>\n<p>Posterior a ello 15.10 se llevar\u00e1 a cabo la clasificaci\u00f3n y a las 17.55 est\u00e1 previsto que se lleve a cabo la serie pensando en la carrera final, la cual est\u00e1 prevista para el d\u00eda domingo, a partir de las 11.20 con televisaci\u00f3n de Canal 13, en vivo y en directo.<\/p>\n<p>Lucas Yerobi agradece el apoyo brindado a \u201cGr\u00faas Delta, Agua Jony, Hertz, Orange Car Wash, Seinco Servicios y Log\u00edstica, VM Repuestos, Municipalidad de Ushuaia, El Diario Del Fin Del Mundo, Pizza Bely, La 97 Radio Fueguina, Escale Andina, Argentina Publicidad, John Foos, La Cien.1, Azzurra, El Gran Corsini, Almar Construcciones, Club Del Pastor Blanco Suizo y Drogueria Express\u201d<\/p>\n<div class='epvc-post-count'><span class='epvc-eye'><\/span>  <span class=\"epvc-count\"> 1.349<\/span><span class='epvc-label'> veces le\u00edda<\/span><\/div>\n<div class=\"jwsharethis\">\nShare this: \n<br \/>\n<a href=\"mailto:?subject=El%20regreso%20de%20Lucas%20a%20la%20Clase%203&amp;body=http%3A%2F%2Flabestiadeportiva.com%2Flbd%2Fel-regreso-de-lucas-a-la-clase-3%2F\">\n<img src=\"http:\/\/labestiadeportiva.com\/lbd\/wp-content\/plugins\/jw-share-this\/email.png\" alt=\"Share this page via Email\" \/>\n<\/a>\n<a target=\"_blank\" href=\"http:\/\/www.stumbleupon.com\/submit?url=http%3A%2F%2Flabestiadeportiva.com%2Flbd%2Fel-regreso-de-lucas-a-la-clase-3%2F&amp;title=El+regreso+de+Lucas+a+la+Clase+3\">\n<img src=\"http:\/\/labestiadeportiva.com\/lbd\/wp-content\/plugins\/jw-share-this\/su.png\" alt=\"Share this page via Stumble Upon\" \/>\n<\/a>\n<a target=\"_blank\" href=\"http:\/\/digg.com\/submit?url=http%3A%2F%2Flabestiadeportiva.com%2Flbd%2Fel-regreso-de-lucas-a-la-clase-3%2F&amp;title=El+regreso+de+Lucas+a+la+Clase+3\">\n<img src=\"http:\/\/labestiadeportiva.com\/lbd\/wp-content\/plugins\/jw-share-this\/digg.png\" alt=\"Share this page via Digg this\" \/>\n<\/a>\n<a target=\"_blank\" href=\"http:\/\/www.facebook.com\/sharer.php?u=http%3A%2F%2Flabestiadeportiva.com%2Flbd%2Fel-regreso-de-lucas-a-la-clase-3%2F&amp;t=El+regreso+de+Lucas+a+la+Clase+3\">\n<img src=\"http:\/\/labestiadeportiva.com\/lbd\/wp-content\/plugins\/jw-share-this\/fb.png\" alt=\"Share this page via Facebook\" \/>\n<\/a>\n<a target=\"_blank\" href=\"http:\/\/twitter.com\/intent\/tweet?text=I+like+http%3A%2F%2Flabestiadeportiva.com%2Flbd%2Fel-regreso-de-lucas-a-la-clase-3%2F&amp;title=El+regreso+de+Lucas+a+la+Clase+3\">\n<img src=\"http:\/\/labestiadeportiva.com\/lbd\/wp-content\/plugins\/jw-share-this\/twitter.png\" alt=\"Share this page via Twitter\" \/>\n<\/a>\n<\/div>\n","protected":false},"excerpt":{"rendered":"<p>El piloto ushuaiense, Lucas Yerobi, cerrar\u00e1 su temporada deportiva sobre el VW Gol del Cano Racing dentro del Turismo Pista Clase 3. Ser\u00e1 en Jun\u00edn \u00a0donde se desarrollar\u00e1 el Gran Premio Coronaci\u00f3n. Fuente y foto Prensa Lucas Yerobi. 1.349 veces le\u00edda Share this:<\/p>\n","protected":false},"author":1,"featured_media":18449,"comment_status":"open","ping_status":"open","sticky":false,"template":"","format":"standard","meta":[],"categories":[2135,5,6,1],"tags":[86,2481,2204,152,808],"_links":{"self":[{"href":"http:\/\/labestiadeportiva.com\/lbd\/wp-json\/wp\/v2\/posts\/18448"}],"collection":[{"href":"http:\/\/labestiadeportiva.com\/lbd\/wp-json\/wp\/v2\/posts"}],"about":[{"href":"http:\/\/labestiadeportiva.com\/lbd\/wp-json\/wp\/v2\/types\/post"}],"author":[{"embeddable":true,"href":"http:\/\/labestiadeportiva.com\/lbd\/wp-json\/wp\/v2\/users\/1"}],"replies":[{"embeddable":true,"href":"http:\/\/labestiadeportiva.com\/lbd\/wp-json\/wp\/v2\/comments?post=18448"}],"version-history":[{"count":1,"href":"http:\/\/labestiadeportiva.com\/lbd\/wp-json\/wp\/v2\/posts\/18448\/revisions"}],"predecessor-version":[{"id":18450,"href":"http:\/\/labestiadeportiva.com\/lbd\/wp-json\/wp\/v2\/posts\/18448\/revisions\/18450"}],"wp:featuredmedia":[{"embeddable":true,"href":"http:\/\/labestiadeportiva.com\/lbd\/wp-json\/wp\/v2\/media\/18449"}],"wp:attachment":[{"href":"http:\/\/labestiadeportiva.com\/lbd\/wp-json\/wp\/v2\/media?parent=18448"}],"wp:term":[{"taxonomy":"category","embeddable":true,"href":"http:\/\/labestiadeportiva.com\/lbd\/wp-json\/wp\/v2\/categories?post=18448"},{"taxonomy":"post_tag","embeddable":true,"href":"http:\/\/labestiadeportiva.com\/lbd\/wp-json\/wp\/v2\/tags?post=18448"}],"curies":[{"name":"wp","href":"https:\/\/api.w.org\/{rel}","templated":true}]}}