{"id":18515,"date":"2015-12-16T12:15:34","date_gmt":"2015-12-16T15:15:34","guid":{"rendered":"http:\/\/labestiadeportiva.com\/lbd\/?p=18515"},"modified":"2015-12-16T12:15:34","modified_gmt":"2015-12-16T15:15:34","slug":"cross-6o-fecha-y-final","status":"publish","type":"post","link":"http:\/\/labestiadeportiva.com\/lbd\/cross-6o-fecha-y-final\/","title":{"rendered":"Cross, 6\u00ba fecha y final"},"content":{"rendered":"<p><a href=\"http:\/\/labestiadeportiva.com\/lbd\/wp-content\/uploads\/2015\/12\/Imagen-1892.jpg\"><img loading=\"lazy\" class=\"aligncenter size-medium wp-image-18517\" src=\"http:\/\/labestiadeportiva.com\/lbd\/wp-content\/uploads\/2015\/12\/Imagen-1892-300x189.jpg\" alt=\"Imagen 1892\" width=\"300\" height=\"189\" srcset=\"http:\/\/labestiadeportiva.com\/lbd\/wp-content\/uploads\/2015\/12\/Imagen-1892-300x189.jpg 300w, http:\/\/labestiadeportiva.com\/lbd\/wp-content\/uploads\/2015\/12\/Imagen-1892.jpg 800w\" sizes=\"(max-width: 300px) 100vw, 300px\" \/><\/a>El domingo el circuito municipal fue escenario del cierre de la temporada para el motociclismo provincial. En una fr\u00eda jornada, aguanieve incluida, 70 pilotos dieron el presente al evento organizado por la AMU. La actividad descansar\u00e1 hasta el mes de marzo. Valent\u00edn Pena, M\u00e1ximo Miura, Germ\u00e1n Ru\u00edz, Agust\u00edn Bleuer, Cristian Morales, Juan C. Guzm\u00e1n, Mart\u00edn Bronzovich, Kevin Orellana, Mart\u00edn Bleuer, Pablo Onyszczuk, Demi\u00e1n Ru\u00edz y Federico Vel\u00e1zquez se consagraron campeones de sus categor\u00edas.<!--more--><\/p>\n<p>Todo comenz\u00f3 el s\u00e1bado al mediod\u00eda con el reconocimiento del trazado a trav\u00e9s de las pruebas libres. Ya el domingo, con algunas modificaciones en el predio que le dieron dinamismo a la jornada, llegaron las dos series por suma de tiempos para motos y cuatriciclos.<\/p>\n<p>En cuanto al parque presentado podemos decir que la merma fue l\u00f3gica dado que a diferencia del Enduro algunos segmentos ya se hab\u00edan definido con anterioridad, a pesar de esto 70 corredores en el circuito fue un n\u00famero m\u00e1s que interesante.<\/p>\n<p><a href=\"http:\/\/labestiadeportiva.com\/lbd\/wp-content\/uploads\/2015\/12\/Imagen-1884.jpg\"><img loading=\"lazy\" class=\"aligncenter size-medium wp-image-18518\" src=\"http:\/\/labestiadeportiva.com\/lbd\/wp-content\/uploads\/2015\/12\/Imagen-1884-300x203.jpg\" alt=\"Imagen 1884\" width=\"300\" height=\"203\" srcset=\"http:\/\/labestiadeportiva.com\/lbd\/wp-content\/uploads\/2015\/12\/Imagen-1884-300x203.jpg 300w, http:\/\/labestiadeportiva.com\/lbd\/wp-content\/uploads\/2015\/12\/Imagen-1884.jpg 800w\" sizes=\"(max-width: 300px) 100vw, 300px\" \/><\/a>En cuanto a los ganadores de la fecha Gong se quedaba con el Mini de ATV seguido por Jerez y C\u00f3rdoba, Agostina Miskul\u00edn triunfaba en damas escoltada por Castro y Baeza, la Limitada Junior era para Germ\u00e1n Ru\u00edz con Franco de escolta, en 350 Agust\u00edn Bleuer se quedaba con la prueba completando el podio Isoba y Aguilera mientras que en Promocional el vencedor era M\u00e1ximo Miura con Borbas y Bayo por detr\u00e1s.<\/p>\n<p>La Master le pertenec\u00eda a Cristian Morales acompa\u00f1ado por Del Giudice y Brigando, Juan Cruz Guzm\u00e1n venc\u00eda en la Pro \u201cB\u201d con De Amuch\u00e1stegui y Pi en el 2 \u2013 3 para finalmente en Pro \u201cA\u201d Tom\u00e1s Fern\u00e1ndez lograr el 1 con \u201cFefo\u201d Bronzovich y Cristian C\u00e1rcamo como acompa\u00f1antes.<\/p>\n<p><a href=\"http:\/\/labestiadeportiva.com\/lbd\/wp-content\/uploads\/2015\/12\/Imagen-1883.jpg\"><img loading=\"lazy\" class=\"aligncenter size-medium wp-image-18516\" src=\"http:\/\/labestiadeportiva.com\/lbd\/wp-content\/uploads\/2015\/12\/Imagen-1883-300x175.jpg\" alt=\"Imagen 1883\" width=\"300\" height=\"175\" srcset=\"http:\/\/labestiadeportiva.com\/lbd\/wp-content\/uploads\/2015\/12\/Imagen-1883-300x175.jpg 300w, http:\/\/labestiadeportiva.com\/lbd\/wp-content\/uploads\/2015\/12\/Imagen-1883.jpg 800w\" sizes=\"(max-width: 300px) 100vw, 300px\" \/><\/a>Dentro de las motos Kevin Orellana triunfaba en Junior, Mart\u00edn Bleuer en Promocional, la Open era para Aaron Pintos, Miguel Hern\u00e1ndez se quedaba con la Master y el campe\u00f3n Federico Vel\u00e1zquez ganaba en Expertos.<\/p>\n<p>Desde LBD nos contactamos brevemente con Gustavo P\u00e9rez, presidente de AMU, quien se mostro conforme no solo por la fecha realizada sino tambi\u00e9n por poder haber realizado en forma impecable los campeonatos paralelos de Enduro y Cross.<\/p>\n<p>Tambi\u00e9n expres\u00f3 su satisfacci\u00f3n por la inauguraci\u00f3n de nuevos circuitos en Tolhuin y R\u00edo Grande felicitando por este logro a CUMOT y Moto Club.<\/p>\n<p>La disciplina descansar\u00e1 hasta marzo con balance m\u00e1s que positivo, nuestros pilotos tuvieron continuidad y dieron espect\u00e1culo en toda la provincia y esto no es poca cosa.<\/p>\n<p><span style=\"color: #0000ff;\"><a href=\"http:\/\/labestiadeportiva.com\/lbd\/wp-content\/uploads\/2015\/12\/Imagen-1894.jpg\"><img loading=\"lazy\" class=\"aligncenter size-medium wp-image-18519\" src=\"http:\/\/labestiadeportiva.com\/lbd\/wp-content\/uploads\/2015\/12\/Imagen-1894-300x206.jpg\" alt=\"Imagen 1894\" width=\"300\" height=\"206\" srcset=\"http:\/\/labestiadeportiva.com\/lbd\/wp-content\/uploads\/2015\/12\/Imagen-1894-300x206.jpg 300w, http:\/\/labestiadeportiva.com\/lbd\/wp-content\/uploads\/2015\/12\/Imagen-1894.jpg 800w\" sizes=\"(max-width: 300px) 100vw, 300px\" \/><\/a>Campeonato Provincial Cross<\/span><br \/>\n<span style=\"color: #0000ff;\">Posiciones Finales por Categor\u00edas<\/span><br \/>\n<span style=\"color: #0000ff;\">Los Podios<\/span><\/p>\n<p>ATV Mini 110<br \/>\n<span style=\"color: #ff0000;\">1\u00ba Valent\u00edn Pena 162 Pts.<\/span><br \/>\n2\u00ba Mat\u00edas Jerez 160<br \/>\n3\u00ba Alejo P\u00e9rez 158<br \/>\nATV Promocional<br \/>\n<span style=\"color: #ff0000;\">1\u00ba M\u00e1ximo Miura 120 Pts.<\/span><br \/>\n2\u00ba Rodrigo Bayo 120<br \/>\n3\u00ba Marcos Borbas 119<br \/>\nATV Limitada Juniors<br \/>\n<span style=\"color: #ff0000;\">1\u00ba Germ\u00e1n Ru\u00edz 197 Pts.<\/span><br \/>\n2\u00ba Axel Franco 150<br \/>\n3\u00ba Sim\u00f3n Fern\u00e1ndez 105<\/p>\n<p>ATV Limitada 350 c.c.<br \/>\n<span style=\"color: #ff0000;\">1\u00ba Agust\u00edn Bleuer 145 Pts.<\/span><br \/>\n2\u00ba Mart\u00edn Aguilera 123<br \/>\n3\u00ba Exequiel Vargas 120<br \/>\nATV Master<br \/>\n<span style=\"color: #ff0000;\">1\u00ba Cristian Morales 167 Pts.<\/span><br \/>\n2\u00ba Franco Brigando 149<br \/>\n3\u00ba Gustavo Guzm\u00e1n 132<br \/>\nATV Pro \u201cB\u201d<br \/>\n<span style=\"color: #ff0000;\">1\u00ba Juan C. Guzm\u00e1n 182 Pts.<\/span><br \/>\n2\u00ba Agust\u00edn P\u00ed 164<br \/>\n3\u00ba Mart\u00edn C\u00e1rdenas 138<br \/>\nATV Pro \u201cA\u201d<br \/>\n<span style=\"color: #ff0000;\">1\u00ba Mart\u00edn Bronzovich 165 Pts.<\/span><br \/>\n2\u00ba Federico Bronzovich 145<br \/>\n3\u00ba Sergio Antilef 100<\/p>\n<p>Moto Jrs.<br \/>\n<span style=\"color: #ff0000;\">1\u00ba Kevin Orellana 200 Pts.<\/span><br \/>\n2\u00ba Julieta Jerez 136<br \/>\n3\u00ba Nicol\u00e1s Orlando 130<\/p>\n<p>Moto Promocional<br \/>\n<span style=\"color: #ff0000;\">1\u00ba Mart\u00edn Bleuer 182 Pts.<\/span><br \/>\n2\u00ba Kevin Orellana 145<br \/>\n3\u00ba Gonzalo Vel\u00e1zquez 121<\/p>\n<p>Moto Master<br \/>\n<span style=\"color: #ff0000;\">1\u00ba Pablo Onyszczuk 160 Pts.<\/span><br \/>\n2\u00ba Miguel Hern\u00e1ndez 110<br \/>\n3\u00ba Antonio Godoy 108<\/p>\n<p>Motos Open<br \/>\n1\u00ba <span style=\"color: #ff0000;\">Demi\u00e1n Ru\u00edz 181 Pts.<\/span><br \/>\n2\u00ba Aaron Pintos 159<br \/>\n3\u00ba Rub\u00e9n Ya\u00f1ez 135<\/p>\n<p>Moto Experto<br \/>\n<span style=\"color: #ff0000;\">1\u00ba Federico Vel\u00e1zquez 194 Pts.<\/span><br \/>\n2\u00ba Javier Vel\u00e1zquez 148<br \/>\n3\u00ba Gast\u00f3n Mart\u00ednez 140<\/p>\n<div class='epvc-post-count'><span class='epvc-eye'><\/span>  <span class=\"epvc-count\"> 1.390<\/span><span class='epvc-label'> veces le\u00edda<\/span><\/div>\n<div class=\"jwsharethis\">\nShare this: \n<br \/>\n<a href=\"mailto:?subject=Cross%2C%206%C2%BA%20fecha%20y%20final&amp;body=http%3A%2F%2Flabestiadeportiva.com%2Flbd%2Fcross-6o-fecha-y-final%2F\">\n<img src=\"http:\/\/labestiadeportiva.com\/lbd\/wp-content\/plugins\/jw-share-this\/email.png\" alt=\"Share this page via Email\" \/>\n<\/a>\n<a target=\"_blank\" href=\"http:\/\/www.stumbleupon.com\/submit?url=http%3A%2F%2Flabestiadeportiva.com%2Flbd%2Fcross-6o-fecha-y-final%2F&amp;title=Cross%2C+6%C2%BA+fecha+y+final\">\n<img src=\"http:\/\/labestiadeportiva.com\/lbd\/wp-content\/plugins\/jw-share-this\/su.png\" alt=\"Share this page via Stumble Upon\" \/>\n<\/a>\n<a target=\"_blank\" href=\"http:\/\/digg.com\/submit?url=http%3A%2F%2Flabestiadeportiva.com%2Flbd%2Fcross-6o-fecha-y-final%2F&amp;title=Cross%2C+6%C2%BA+fecha+y+final\">\n<img src=\"http:\/\/labestiadeportiva.com\/lbd\/wp-content\/plugins\/jw-share-this\/digg.png\" alt=\"Share this page via Digg this\" \/>\n<\/a>\n<a target=\"_blank\" href=\"http:\/\/www.facebook.com\/sharer.php?u=http%3A%2F%2Flabestiadeportiva.com%2Flbd%2Fcross-6o-fecha-y-final%2F&amp;t=Cross%2C+6%C2%BA+fecha+y+final\">\n<img src=\"http:\/\/labestiadeportiva.com\/lbd\/wp-content\/plugins\/jw-share-this\/fb.png\" alt=\"Share this page via Facebook\" \/>\n<\/a>\n<a target=\"_blank\" href=\"http:\/\/twitter.com\/intent\/tweet?text=I+like+http%3A%2F%2Flabestiadeportiva.com%2Flbd%2Fcross-6o-fecha-y-final%2F&amp;title=Cross%2C+6%C2%BA+fecha+y+final\">\n<img src=\"http:\/\/labestiadeportiva.com\/lbd\/wp-content\/plugins\/jw-share-this\/twitter.png\" alt=\"Share this page via Twitter\" \/>\n<\/a>\n<\/div>\n","protected":false},"excerpt":{"rendered":"<p>El domingo el circuito municipal fue escenario del cierre de la temporada para el motociclismo provincial. En una fr\u00eda jornada, aguanieve incluida, 70 pilotos dieron el presente al evento organizado por la AMU. La actividad descansar\u00e1 hasta el mes de marzo. Valent\u00edn Pena, M\u00e1ximo Miura, Germ\u00e1n Ru\u00edz, Agust\u00edn Bleuer, Cristian Morales, Juan C. Guzm\u00e1n, Mart\u00edn &hellip; <a href=\"http:\/\/labestiadeportiva.com\/lbd\/cross-6o-fecha-y-final\/\" class=\"more-link\">Seguir leyendo <span class=\"screen-reader-text\">Cross, 6\u00ba fecha y final<\/span> <span class=\"meta-nav\">&rarr;<\/span><\/a><\/p>\n","protected":false},"author":1,"featured_media":18517,"comment_status":"open","ping_status":"open","sticky":false,"template":"","format":"standard","meta":[],"categories":[5,2159,1],"tags":[2486,69,2121,2038,2120],"_links":{"self":[{"href":"http:\/\/labestiadeportiva.com\/lbd\/wp-json\/wp\/v2\/posts\/18515"}],"collection":[{"href":"http:\/\/labestiadeportiva.com\/lbd\/wp-json\/wp\/v2\/posts"}],"about":[{"href":"http:\/\/labestiadeportiva.com\/lbd\/wp-json\/wp\/v2\/types\/post"}],"author":[{"embeddable":true,"href":"http:\/\/labestiadeportiva.com\/lbd\/wp-json\/wp\/v2\/users\/1"}],"replies":[{"embeddable":true,"href":"http:\/\/labestiadeportiva.com\/lbd\/wp-json\/wp\/v2\/comments?post=18515"}],"version-history":[{"count":1,"href":"http:\/\/labestiadeportiva.com\/lbd\/wp-json\/wp\/v2\/posts\/18515\/revisions"}],"predecessor-version":[{"id":18520,"href":"http:\/\/labestiadeportiva.com\/lbd\/wp-json\/wp\/v2\/posts\/18515\/revisions\/18520"}],"wp:featuredmedia":[{"embeddable":true,"href":"http:\/\/labestiadeportiva.com\/lbd\/wp-json\/wp\/v2\/media\/18517"}],"wp:attachment":[{"href":"http:\/\/labestiadeportiva.com\/lbd\/wp-json\/wp\/v2\/media?parent=18515"}],"wp:term":[{"taxonomy":"category","embeddable":true,"href":"http:\/\/labestiadeportiva.com\/lbd\/wp-json\/wp\/v2\/categories?post=18515"},{"taxonomy":"post_tag","embeddable":true,"href":"http:\/\/labestiadeportiva.com\/lbd\/wp-json\/wp\/v2\/tags?post=18515"}],"curies":[{"name":"wp","href":"https:\/\/api.w.org\/{rel}","templated":true}]}}