{"id":18521,"date":"2015-12-16T16:41:45","date_gmt":"2015-12-16T19:41:45","guid":{"rendered":"http:\/\/labestiadeportiva.com\/lbd\/?p=18521"},"modified":"2015-12-16T16:41:45","modified_gmt":"2015-12-16T19:41:45","slug":"podio-y-balance-para-lucho-audio","status":"publish","type":"post","link":"http:\/\/labestiadeportiva.com\/lbd\/podio-y-balance-para-lucho-audio\/","title":{"rendered":"Podio y balance para \u00abLucho\u00bb (Audio)"},"content":{"rendered":"<p><a href=\"http:\/\/labestiadeportiva.com\/lbd\/wp-content\/uploads\/2015\/12\/12208759_856103621176860_1928576302767568872_n.jpg\"><img loading=\"lazy\" class=\"alignleft size-medium wp-image-18522\" src=\"http:\/\/labestiadeportiva.com\/lbd\/wp-content\/uploads\/2015\/12\/12208759_856103621176860_1928576302767568872_n-300x193.jpg\" alt=\"12208759_856103621176860_1928576302767568872_n\" width=\"300\" height=\"193\" srcset=\"http:\/\/labestiadeportiva.com\/lbd\/wp-content\/uploads\/2015\/12\/12208759_856103621176860_1928576302767568872_n-300x193.jpg 300w, http:\/\/labestiadeportiva.com\/lbd\/wp-content\/uploads\/2015\/12\/12208759_856103621176860_1928576302767568872_n.jpg 546w\" sizes=\"(max-width: 300px) 100vw, 300px\" \/><\/a>Cierre de a\u00f1o para el Campeonato Argentino de Rally. El joven piloto ushuaiense Luciano Preto, quien el pasado lunes cumpli\u00f3 23 a\u00f1os, fue uno de los destacados del fin de semana en Carlos Paz logrando el tercer escal\u00f3n del podio en la categor\u00eda mayor. Durante la semana nos contactamos telef\u00f3nicamente con \u00e9l, la fecha, temporada y proyecci\u00f3n 2016 los principales temas de la charla lograda este martes en la 94.1 FM del Sur. <!--more--><\/p>\n<p><iframe loading=\"lazy\" src=\"https:\/\/www.youtube.com\/embed\/VHcDHwl_w_E\" width=\"420\" height=\"315\" frameborder=\"0\" allowfullscreen=\"allowfullscreen\"><\/iframe><\/p>\n<div class='epvc-post-count'><span class='epvc-eye'><\/span>  <span class=\"epvc-count\"> 1.028<\/span><span class='epvc-label'> veces le\u00edda<\/span><\/div>\n<div class=\"jwsharethis\">\nShare this: \n<br \/>\n<a href=\"mailto:?subject=Podio%20y%20balance%20para%20%C2%ABLucho%C2%BB%20%28Audio%29&amp;body=http%3A%2F%2Flabestiadeportiva.com%2Flbd%2Fpodio-y-balance-para-lucho-audio%2F\">\n<img src=\"http:\/\/labestiadeportiva.com\/lbd\/wp-content\/plugins\/jw-share-this\/email.png\" alt=\"Share this page via Email\" \/>\n<\/a>\n<a target=\"_blank\" href=\"http:\/\/www.stumbleupon.com\/submit?url=http%3A%2F%2Flabestiadeportiva.com%2Flbd%2Fpodio-y-balance-para-lucho-audio%2F&amp;title=Podio+y+balance+para+%C2%ABLucho%C2%BB+%28Audio%29\">\n<img src=\"http:\/\/labestiadeportiva.com\/lbd\/wp-content\/plugins\/jw-share-this\/su.png\" alt=\"Share this page via Stumble Upon\" \/>\n<\/a>\n<a target=\"_blank\" href=\"http:\/\/digg.com\/submit?url=http%3A%2F%2Flabestiadeportiva.com%2Flbd%2Fpodio-y-balance-para-lucho-audio%2F&amp;title=Podio+y+balance+para+%C2%ABLucho%C2%BB+%28Audio%29\">\n<img src=\"http:\/\/labestiadeportiva.com\/lbd\/wp-content\/plugins\/jw-share-this\/digg.png\" alt=\"Share this page via Digg this\" \/>\n<\/a>\n<a target=\"_blank\" href=\"http:\/\/www.facebook.com\/sharer.php?u=http%3A%2F%2Flabestiadeportiva.com%2Flbd%2Fpodio-y-balance-para-lucho-audio%2F&amp;t=Podio+y+balance+para+%C2%ABLucho%C2%BB+%28Audio%29\">\n<img src=\"http:\/\/labestiadeportiva.com\/lbd\/wp-content\/plugins\/jw-share-this\/fb.png\" alt=\"Share this page via Facebook\" \/>\n<\/a>\n<a target=\"_blank\" href=\"http:\/\/twitter.com\/intent\/tweet?text=I+like+http%3A%2F%2Flabestiadeportiva.com%2Flbd%2Fpodio-y-balance-para-lucho-audio%2F&amp;title=Podio+y+balance+para+%C2%ABLucho%C2%BB+%28Audio%29\">\n<img src=\"http:\/\/labestiadeportiva.com\/lbd\/wp-content\/plugins\/jw-share-this\/twitter.png\" alt=\"Share this page via Twitter\" \/>\n<\/a>\n<\/div>\n","protected":false},"excerpt":{"rendered":"<p>Cierre de a\u00f1o para el Campeonato Argentino de Rally. El joven piloto ushuaiense Luciano Preto, quien el pasado lunes cumpli\u00f3 23 a\u00f1os, fue uno de los destacados del fin de semana en Carlos Paz logrando el tercer escal\u00f3n del podio en la categor\u00eda mayor. Durante la semana nos contactamos telef\u00f3nicamente con \u00e9l, la fecha, temporada &hellip; <a href=\"http:\/\/labestiadeportiva.com\/lbd\/podio-y-balance-para-lucho-audio\/\" class=\"more-link\">Seguir leyendo <span class=\"screen-reader-text\">Podio y balance para \u00abLucho\u00bb (Audio)<\/span> <span class=\"meta-nav\">&rarr;<\/span><\/a><\/p>\n","protected":false},"author":1,"featured_media":18522,"comment_status":"open","ping_status":"open","sticky":false,"template":"","format":"standard","meta":[],"categories":[2135,5,6,60,1,2487],"tags":[296,4838,595,581],"_links":{"self":[{"href":"http:\/\/labestiadeportiva.com\/lbd\/wp-json\/wp\/v2\/posts\/18521"}],"collection":[{"href":"http:\/\/labestiadeportiva.com\/lbd\/wp-json\/wp\/v2\/posts"}],"about":[{"href":"http:\/\/labestiadeportiva.com\/lbd\/wp-json\/wp\/v2\/types\/post"}],"author":[{"embeddable":true,"href":"http:\/\/labestiadeportiva.com\/lbd\/wp-json\/wp\/v2\/users\/1"}],"replies":[{"embeddable":true,"href":"http:\/\/labestiadeportiva.com\/lbd\/wp-json\/wp\/v2\/comments?post=18521"}],"version-history":[{"count":1,"href":"http:\/\/labestiadeportiva.com\/lbd\/wp-json\/wp\/v2\/posts\/18521\/revisions"}],"predecessor-version":[{"id":18523,"href":"http:\/\/labestiadeportiva.com\/lbd\/wp-json\/wp\/v2\/posts\/18521\/revisions\/18523"}],"wp:featuredmedia":[{"embeddable":true,"href":"http:\/\/labestiadeportiva.com\/lbd\/wp-json\/wp\/v2\/media\/18522"}],"wp:attachment":[{"href":"http:\/\/labestiadeportiva.com\/lbd\/wp-json\/wp\/v2\/media?parent=18521"}],"wp:term":[{"taxonomy":"category","embeddable":true,"href":"http:\/\/labestiadeportiva.com\/lbd\/wp-json\/wp\/v2\/categories?post=18521"},{"taxonomy":"post_tag","embeddable":true,"href":"http:\/\/labestiadeportiva.com\/lbd\/wp-json\/wp\/v2\/tags?post=18521"}],"curies":[{"name":"wp","href":"https:\/\/api.w.org\/{rel}","templated":true}]}}