{"id":18671,"date":"2016-01-11T17:34:42","date_gmt":"2016-01-11T20:34:42","guid":{"rendered":"http:\/\/labestiadeportiva.com\/lbd\/?p=18671"},"modified":"2016-01-11T17:34:42","modified_gmt":"2016-01-11T20:34:42","slug":"emi-de-pretemporada-audio","status":"publish","type":"post","link":"http:\/\/labestiadeportiva.com\/lbd\/emi-de-pretemporada-audio\/","title":{"rendered":"\u00abEmi\u00bb de pretemporada (Audio)"},"content":{"rendered":"<p><a href=\"http:\/\/labestiadeportiva.com\/lbd\/wp-content\/uploads\/2016\/01\/1935713_1034381489961719_6760317765038367851_n.jpg\"><img loading=\"lazy\" src=\"http:\/\/labestiadeportiva.com\/lbd\/wp-content\/uploads\/2016\/01\/1935713_1034381489961719_6760317765038367851_n-300x200.jpg\" alt=\"1935713_1034381489961719_6760317765038367851_n\" width=\"300\" height=\"200\" class=\"alignleft size-medium wp-image-18672\" srcset=\"http:\/\/labestiadeportiva.com\/lbd\/wp-content\/uploads\/2016\/01\/1935713_1034381489961719_6760317765038367851_n-300x200.jpg 300w, http:\/\/labestiadeportiva.com\/lbd\/wp-content\/uploads\/2016\/01\/1935713_1034381489961719_6760317765038367851_n.jpg 940w\" sizes=\"(max-width: 300px) 100vw, 300px\" \/><\/a>El joven delantero ushuaiense, Emiliano Bogado, comenz\u00f3 este lunes la segunda semana de trabajo con el plantel profesional de V\u00e9lez Sarsfield. El fueguino de 18 a\u00f1os realiza su primera pretemporada en primera divisi\u00f3n.  Comienzo del proceso de Christian Bassedas frente al conjunto velezano el cual abre una clara posibilidad de debut para el sure\u00f1o. Desde el programa \u201cEntre Nosotros\u201d, que se emite en Radio Provincia 100.1, nos comunicamos con \u00e9l. Compartimos parte de la entrevista radial. <!--more--><\/p>\n<p><iframe loading=\"lazy\" width=\"420\" height=\"315\" src=\"https:\/\/www.youtube.com\/embed\/Jv7Jhg9oKag\" frameborder=\"0\" allowfullscreen><\/iframe><\/p>\n<div class='epvc-post-count'><span class='epvc-eye'><\/span>  <span class=\"epvc-count\"> 1.128<\/span><span class='epvc-label'> veces le\u00edda<\/span><\/div>\n<div class=\"jwsharethis\">\nShare this: \n<br \/>\n<a href=\"mailto:?subject=%C2%ABEmi%C2%BB%20de%20pretemporada%20%28Audio%29&amp;body=http%3A%2F%2Flabestiadeportiva.com%2Flbd%2Femi-de-pretemporada-audio%2F\">\n<img src=\"http:\/\/labestiadeportiva.com\/lbd\/wp-content\/plugins\/jw-share-this\/email.png\" alt=\"Share this page via Email\" \/>\n<\/a>\n<a target=\"_blank\" href=\"http:\/\/www.stumbleupon.com\/submit?url=http%3A%2F%2Flabestiadeportiva.com%2Flbd%2Femi-de-pretemporada-audio%2F&amp;title=%C2%ABEmi%C2%BB+de+pretemporada+%28Audio%29\">\n<img src=\"http:\/\/labestiadeportiva.com\/lbd\/wp-content\/plugins\/jw-share-this\/su.png\" alt=\"Share this page via Stumble Upon\" \/>\n<\/a>\n<a target=\"_blank\" href=\"http:\/\/digg.com\/submit?url=http%3A%2F%2Flabestiadeportiva.com%2Flbd%2Femi-de-pretemporada-audio%2F&amp;title=%C2%ABEmi%C2%BB+de+pretemporada+%28Audio%29\">\n<img src=\"http:\/\/labestiadeportiva.com\/lbd\/wp-content\/plugins\/jw-share-this\/digg.png\" alt=\"Share this page via Digg this\" \/>\n<\/a>\n<a target=\"_blank\" href=\"http:\/\/www.facebook.com\/sharer.php?u=http%3A%2F%2Flabestiadeportiva.com%2Flbd%2Femi-de-pretemporada-audio%2F&amp;t=%C2%ABEmi%C2%BB+de+pretemporada+%28Audio%29\">\n<img src=\"http:\/\/labestiadeportiva.com\/lbd\/wp-content\/plugins\/jw-share-this\/fb.png\" alt=\"Share this page via Facebook\" \/>\n<\/a>\n<a target=\"_blank\" href=\"http:\/\/twitter.com\/intent\/tweet?text=I+like+http%3A%2F%2Flabestiadeportiva.com%2Flbd%2Femi-de-pretemporada-audio%2F&amp;title=%C2%ABEmi%C2%BB+de+pretemporada+%28Audio%29\">\n<img src=\"http:\/\/labestiadeportiva.com\/lbd\/wp-content\/plugins\/jw-share-this\/twitter.png\" alt=\"Share this page via Twitter\" \/>\n<\/a>\n<\/div>\n","protected":false},"excerpt":{"rendered":"<p>El joven delantero ushuaiense, Emiliano Bogado, comenz\u00f3 este lunes la segunda semana de trabajo con el plantel profesional de V\u00e9lez Sarsfield. El fueguino de 18 a\u00f1os realiza su primera pretemporada en primera divisi\u00f3n. Comienzo del proceso de Christian Bassedas frente al conjunto velezano el cual abre una clara posibilidad de debut para el sure\u00f1o. Desde &hellip; <a href=\"http:\/\/labestiadeportiva.com\/lbd\/emi-de-pretemporada-audio\/\" class=\"more-link\">Seguir leyendo <span class=\"screen-reader-text\">\u00abEmi\u00bb de pretemporada (Audio)<\/span> <span class=\"meta-nav\">&rarr;<\/span><\/a><\/p>\n","protected":false},"author":1,"featured_media":18672,"comment_status":"open","ping_status":"open","sticky":false,"template":"","format":"standard","meta":[],"categories":[5,6,60,1987,1],"tags":[2456,1498,17,383,1106],"_links":{"self":[{"href":"http:\/\/labestiadeportiva.com\/lbd\/wp-json\/wp\/v2\/posts\/18671"}],"collection":[{"href":"http:\/\/labestiadeportiva.com\/lbd\/wp-json\/wp\/v2\/posts"}],"about":[{"href":"http:\/\/labestiadeportiva.com\/lbd\/wp-json\/wp\/v2\/types\/post"}],"author":[{"embeddable":true,"href":"http:\/\/labestiadeportiva.com\/lbd\/wp-json\/wp\/v2\/users\/1"}],"replies":[{"embeddable":true,"href":"http:\/\/labestiadeportiva.com\/lbd\/wp-json\/wp\/v2\/comments?post=18671"}],"version-history":[{"count":1,"href":"http:\/\/labestiadeportiva.com\/lbd\/wp-json\/wp\/v2\/posts\/18671\/revisions"}],"predecessor-version":[{"id":18673,"href":"http:\/\/labestiadeportiva.com\/lbd\/wp-json\/wp\/v2\/posts\/18671\/revisions\/18673"}],"wp:featuredmedia":[{"embeddable":true,"href":"http:\/\/labestiadeportiva.com\/lbd\/wp-json\/wp\/v2\/media\/18672"}],"wp:attachment":[{"href":"http:\/\/labestiadeportiva.com\/lbd\/wp-json\/wp\/v2\/media?parent=18671"}],"wp:term":[{"taxonomy":"category","embeddable":true,"href":"http:\/\/labestiadeportiva.com\/lbd\/wp-json\/wp\/v2\/categories?post=18671"},{"taxonomy":"post_tag","embeddable":true,"href":"http:\/\/labestiadeportiva.com\/lbd\/wp-json\/wp\/v2\/tags?post=18671"}],"curies":[{"name":"wp","href":"https:\/\/api.w.org\/{rel}","templated":true}]}}