{"id":18781,"date":"2016-01-28T17:28:33","date_gmt":"2016-01-28T20:28:33","guid":{"rendered":"http:\/\/labestiadeportiva.com\/lbd\/?p=18781"},"modified":"2016-01-28T17:39:17","modified_gmt":"2016-01-28T20:39:17","slug":"se-viene-el-camion","status":"publish","type":"post","link":"http:\/\/labestiadeportiva.com\/lbd\/se-viene-el-camion\/","title":{"rendered":"Se viene el \u00abCami\u00f3n\u00bb"},"content":{"rendered":"<p><a href=\"http:\/\/labestiadeportiva.com\/lbd\/wp-content\/uploads\/2016\/01\/12659690_10201473401513672_1932105355_n.jpg\"><img loading=\"lazy\" class=\"alignleft size-medium wp-image-18782\" src=\"http:\/\/labestiadeportiva.com\/lbd\/wp-content\/uploads\/2016\/01\/12659690_10201473401513672_1932105355_n-300x124.jpg\" alt=\"12659690_10201473401513672_1932105355_n\" width=\"300\" height=\"124\" srcset=\"http:\/\/labestiadeportiva.com\/lbd\/wp-content\/uploads\/2016\/01\/12659690_10201473401513672_1932105355_n-300x124.jpg 300w, http:\/\/labestiadeportiva.com\/lbd\/wp-content\/uploads\/2016\/01\/12659690_10201473401513672_1932105355_n.jpg 888w\" sizes=\"(max-width: 300px) 100vw, 300px\" \/><\/a>El pr\u00f3ximo domingo se disputar\u00e1 la 2\u00ba fecha de la Zona 1 TDF correspondiente a la presente edici\u00f3n del Torneo Federal \u201cC\u201d de f\u00fatbol. Se medir\u00e1n desde las 17 en el sint\u00e9tico municipal \u201cHugo Lumbreras\u201d CAEF ante Camioneros RG. El \u00e1rbitro principal ser\u00e1 Dar\u00edo Alderete. Desde LBD te contamos las \u00faltimas novedades de ambos clubes. Las fotos son gentileza de El Sure\u00f1o y F\u00fatbol Riograndense. FM del Sur y Radio Provincia transmitir\u00e1n desde las 16.30 horas.<!--more--><\/p>\n<p>En tan solo 48 horas se producir\u00e1 el debut del conjunto ahora dirigido por el \u201cProfe\u201d Ram\u00f3n Ort\u00edz. Durante la semana ensay\u00f3 en el sint\u00e9tico municipal de la antena.<\/p>\n<p>Entre est\u00edmulo y est\u00edmulo el martes por la noche, desde las 20, se midi\u00f3 amistosamente ante el l\u00edder de la segunda categor\u00eda riograndense Petroqu\u00edmica Chinesse.<\/p>\n<p>El resultado fue totalmente anecd\u00f3tico lo que s\u00ed podemos destacar es el regreso al plantel de los hermanos Torres, \u201cJony\u201d y \u201cNegri\u201d, algunos conocidos como Cristian Oroz, Juan Collman, Federico Franco, Juan Barrientos parecen ser nombres puestos aunque seguramente Ort\u00edz tendr\u00e1 hasta el s\u00e1bado para evaluar y definir el plantel definitivo que viaje a la capital provincial.<\/p>\n<p>Sobre este tema pudimos saber que el plantel transportista se trasladar\u00e1 en la ma\u00f1ana del propio domingo para almorzar en la sede del gremio y cerca de las tres de la tarde partir hacia las instalaciones municipales que contienes al sint\u00e9tico \u201cHugo Lumbreras\u201d.<\/p>\n<p><a href=\"http:\/\/labestiadeportiva.com\/lbd\/wp-content\/uploads\/2016\/01\/elias2-5.jpg\"><img loading=\"lazy\" class=\"aligncenter size-medium wp-image-18783\" src=\"http:\/\/labestiadeportiva.com\/lbd\/wp-content\/uploads\/2016\/01\/elias2-5-300x176.jpg\" alt=\"elias2-5\" width=\"300\" height=\"176\" srcset=\"http:\/\/labestiadeportiva.com\/lbd\/wp-content\/uploads\/2016\/01\/elias2-5-300x176.jpg 300w, http:\/\/labestiadeportiva.com\/lbd\/wp-content\/uploads\/2016\/01\/elias2-5.jpg 740w\" sizes=\"(max-width: 300px) 100vw, 300px\" \/><\/a>Por el lado del CAEF todo fue trabajo en doble turno desde el lunes el cu\u00e1l se extender\u00e1 hasta el d\u00eda s\u00e1bado. Por lo menos tres jugadores regresaron de las vacaciones poni\u00e9ndose a las \u00f3rdenes del entrenador Gentilo.\u00a0Quien tambi\u00e9n se sum\u00f3 a las pr\u00e1cticas fue Walter \u201cMono\u201d Hidalgo.<\/p>\n<p>Si bien no fue confirmado es posible que el Cuerpo T\u00e9cnico del club de la Educaci\u00f3n Fueguina modifique el 11 titular respecto al de siete d\u00edas atr\u00e1s aclarando que \u00a0deber\u00e1 realizar un cambio forzado por la expulsi\u00f3n de Facundo Barrera.<\/p>\n<p>Hasta donde pudimos averiguar el juvenil plantel ushuaiense concentrar\u00e1 el s\u00e1bado por la tarde noche en las instalaciones que posee en el sector del camping municipal qued\u00e1ndose all\u00ed hasta cerca de una hora antes del comienzo del partido.<\/p>\n<p>En cuanto a la terna arbitral se repetir\u00e1 la del debut, pero esta vez Dar\u00edo Alderete ser\u00e1 el principal secundado por Sebasti\u00e1n Sandoval y Enrique Janett.<\/p>\n<p>Promesa de gran partido para el domingo porque CAEF ya se sac\u00f3 los nervios del debut y Camioneros RG seguramente querr\u00e1 dejar bien en claro que es el candidato del grupo.<\/p>\n<p>Si a esto agregamos que el pron\u00f3stico del clima ser\u00e1 sumamente ben\u00e9volo con alta temperatura, solo resta preparar el mate y disponerse a disfrutar una tarde a puro f\u00fatbol.<\/p>\n<p>Como en la fecha inicial FM del Sur (94.1) y Radio Provincia (100.1) transmitir\u00e1n en vivo y simult\u00e1neo pudiendo seguir la transmisi\u00f3n tambi\u00e9n por la web en www.fmdelsurtdf.com.ar y www.radioprovinciatdf.com.ar a partir de las 16.30 horas.<\/p>\n<p><a href=\"http:\/\/labestiadeportiva.com\/lbd\/wp-content\/uploads\/2016\/01\/elias1-18.jpg\"><img loading=\"lazy\" class=\"aligncenter size-medium wp-image-18784\" src=\"http:\/\/labestiadeportiva.com\/lbd\/wp-content\/uploads\/2016\/01\/elias1-18-300x203.jpg\" alt=\"elias1-18\" width=\"300\" height=\"203\" srcset=\"http:\/\/labestiadeportiva.com\/lbd\/wp-content\/uploads\/2016\/01\/elias1-18-300x203.jpg 300w, http:\/\/labestiadeportiva.com\/lbd\/wp-content\/uploads\/2016\/01\/elias1-18.jpg 740w\" sizes=\"(max-width: 300px) 100vw, 300px\" \/><\/a><\/p>\n<div class='epvc-post-count'><span class='epvc-eye'><\/span>  <span class=\"epvc-count\"> 1.090<\/span><span class='epvc-label'> veces le\u00edda<\/span><\/div>\n<div class=\"jwsharethis\">\nShare this: \n<br \/>\n<a href=\"mailto:?subject=Se%20viene%20el%20%C2%ABCami%C3%B3n%C2%BB&amp;body=http%3A%2F%2Flabestiadeportiva.com%2Flbd%2Fse-viene-el-camion%2F\">\n<img src=\"http:\/\/labestiadeportiva.com\/lbd\/wp-content\/plugins\/jw-share-this\/email.png\" alt=\"Share this page via Email\" \/>\n<\/a>\n<a target=\"_blank\" href=\"http:\/\/www.stumbleupon.com\/submit?url=http%3A%2F%2Flabestiadeportiva.com%2Flbd%2Fse-viene-el-camion%2F&amp;title=Se+viene+el+%C2%ABCami%C3%B3n%C2%BB\">\n<img src=\"http:\/\/labestiadeportiva.com\/lbd\/wp-content\/plugins\/jw-share-this\/su.png\" alt=\"Share this page via Stumble Upon\" \/>\n<\/a>\n<a target=\"_blank\" href=\"http:\/\/digg.com\/submit?url=http%3A%2F%2Flabestiadeportiva.com%2Flbd%2Fse-viene-el-camion%2F&amp;title=Se+viene+el+%C2%ABCami%C3%B3n%C2%BB\">\n<img src=\"http:\/\/labestiadeportiva.com\/lbd\/wp-content\/plugins\/jw-share-this\/digg.png\" alt=\"Share this page via Digg this\" \/>\n<\/a>\n<a target=\"_blank\" href=\"http:\/\/www.facebook.com\/sharer.php?u=http%3A%2F%2Flabestiadeportiva.com%2Flbd%2Fse-viene-el-camion%2F&amp;t=Se+viene+el+%C2%ABCami%C3%B3n%C2%BB\">\n<img src=\"http:\/\/labestiadeportiva.com\/lbd\/wp-content\/plugins\/jw-share-this\/fb.png\" alt=\"Share this page via Facebook\" \/>\n<\/a>\n<a target=\"_blank\" href=\"http:\/\/twitter.com\/intent\/tweet?text=I+like+http%3A%2F%2Flabestiadeportiva.com%2Flbd%2Fse-viene-el-camion%2F&amp;title=Se+viene+el+%C2%ABCami%C3%B3n%C2%BB\">\n<img src=\"http:\/\/labestiadeportiva.com\/lbd\/wp-content\/plugins\/jw-share-this\/twitter.png\" alt=\"Share this page via Twitter\" \/>\n<\/a>\n<\/div>\n","protected":false},"excerpt":{"rendered":"<p>El pr\u00f3ximo domingo se disputar\u00e1 la 2\u00ba fecha de la Zona 1 TDF correspondiente a la presente edici\u00f3n del Torneo Federal \u201cC\u201d de f\u00fatbol. Se medir\u00e1n desde las 17 en el sint\u00e9tico municipal \u201cHugo Lumbreras\u201d CAEF ante Camioneros RG. El \u00e1rbitro principal ser\u00e1 Dar\u00edo Alderete. Desde LBD te contamos las \u00faltimas novedades de ambos clubes. &hellip; <a href=\"http:\/\/labestiadeportiva.com\/lbd\/se-viene-el-camion\/\" class=\"more-link\">Seguir leyendo <span class=\"screen-reader-text\">Se viene el \u00abCami\u00f3n\u00bb<\/span> <span class=\"meta-nav\">&rarr;<\/span><\/a><\/p>\n","protected":false},"author":1,"featured_media":18782,"comment_status":"open","ping_status":"open","sticky":false,"template":"","format":"standard","meta":[],"categories":[5,6,2491,1],"tags":[2446,2516,17,2492],"_links":{"self":[{"href":"http:\/\/labestiadeportiva.com\/lbd\/wp-json\/wp\/v2\/posts\/18781"}],"collection":[{"href":"http:\/\/labestiadeportiva.com\/lbd\/wp-json\/wp\/v2\/posts"}],"about":[{"href":"http:\/\/labestiadeportiva.com\/lbd\/wp-json\/wp\/v2\/types\/post"}],"author":[{"embeddable":true,"href":"http:\/\/labestiadeportiva.com\/lbd\/wp-json\/wp\/v2\/users\/1"}],"replies":[{"embeddable":true,"href":"http:\/\/labestiadeportiva.com\/lbd\/wp-json\/wp\/v2\/comments?post=18781"}],"version-history":[{"count":3,"href":"http:\/\/labestiadeportiva.com\/lbd\/wp-json\/wp\/v2\/posts\/18781\/revisions"}],"predecessor-version":[{"id":18787,"href":"http:\/\/labestiadeportiva.com\/lbd\/wp-json\/wp\/v2\/posts\/18781\/revisions\/18787"}],"wp:featuredmedia":[{"embeddable":true,"href":"http:\/\/labestiadeportiva.com\/lbd\/wp-json\/wp\/v2\/media\/18782"}],"wp:attachment":[{"href":"http:\/\/labestiadeportiva.com\/lbd\/wp-json\/wp\/v2\/media?parent=18781"}],"wp:term":[{"taxonomy":"category","embeddable":true,"href":"http:\/\/labestiadeportiva.com\/lbd\/wp-json\/wp\/v2\/categories?post=18781"},{"taxonomy":"post_tag","embeddable":true,"href":"http:\/\/labestiadeportiva.com\/lbd\/wp-json\/wp\/v2\/tags?post=18781"}],"curies":[{"name":"wp","href":"https:\/\/api.w.org\/{rel}","templated":true}]}}