{"id":18832,"date":"2016-02-03T17:40:47","date_gmt":"2016-02-03T20:40:47","guid":{"rendered":"http:\/\/labestiadeportiva.com\/lbd\/?p=18832"},"modified":"2016-02-03T17:43:46","modified_gmt":"2016-02-03T20:43:46","slug":"lucas-con-ford-focus-en-el-tc-2000","status":"publish","type":"post","link":"http:\/\/labestiadeportiva.com\/lbd\/lucas-con-ford-focus-en-el-tc-2000\/","title":{"rendered":"Lucas con Ford Focus en el TC 2000 (Audio)"},"content":{"rendered":"<p><a href=\"http:\/\/labestiadeportiva.com\/lbd\/wp-content\/uploads\/2016\/02\/12669569_1047284345338100_8965564115578134804_n.jpg\"><img loading=\"lazy\" src=\"http:\/\/labestiadeportiva.com\/lbd\/wp-content\/uploads\/2016\/02\/12669569_1047284345338100_8965564115578134804_n-267x300.jpg\" alt=\"12669569_1047284345338100_8965564115578134804_n\" width=\"267\" height=\"300\" class=\"alignleft size-medium wp-image-18833\" srcset=\"http:\/\/labestiadeportiva.com\/lbd\/wp-content\/uploads\/2016\/02\/12669569_1047284345338100_8965564115578134804_n-267x300.jpg 267w, http:\/\/labestiadeportiva.com\/lbd\/wp-content\/uploads\/2016\/02\/12669569_1047284345338100_8965564115578134804_n.jpg 426w\" sizes=\"(max-width: 267px) 100vw, 267px\" \/><\/a>El piloto ushuaiense, Lucas Yerobi, confirm\u00f3 su participaci\u00f3n 2016 dentro del equipo DOT Racing. Ser\u00e1 con un Ford Focus III que tambi\u00e9n recibir\u00e1 el asesoramiento de la escuadra RAM propiedad de V\u00edctor Rosso. Desde el programa \u201cEntre Nosotros\u201d nos contactamos este mi\u00e9rcoles con nuestro embajador deportivo, compartimos parte de la entrevista lograda en la 100.1 Radio Provincia. <!--more--><\/p>\n<p><iframe loading=\"lazy\" width=\"420\" height=\"315\" src=\"https:\/\/www.youtube.com\/embed\/xmh3zZeUm0c\" frameborder=\"0\" allowfullscreen><\/iframe><\/p>\n<div class='epvc-post-count'><span class='epvc-eye'><\/span>  <span class=\"epvc-count\"> 1.138<\/span><span class='epvc-label'> veces le\u00edda<\/span><\/div>\n<div class=\"jwsharethis\">\nShare this: \n<br \/>\n<a href=\"mailto:?subject=Lucas%20con%20Ford%20Focus%20en%20el%20TC%202000%20%28Audio%29&amp;body=http%3A%2F%2Flabestiadeportiva.com%2Flbd%2Flucas-con-ford-focus-en-el-tc-2000%2F\">\n<img src=\"http:\/\/labestiadeportiva.com\/lbd\/wp-content\/plugins\/jw-share-this\/email.png\" alt=\"Share this page via Email\" \/>\n<\/a>\n<a target=\"_blank\" href=\"http:\/\/www.stumbleupon.com\/submit?url=http%3A%2F%2Flabestiadeportiva.com%2Flbd%2Flucas-con-ford-focus-en-el-tc-2000%2F&amp;title=Lucas+con+Ford+Focus+en+el+TC+2000+%28Audio%29\">\n<img src=\"http:\/\/labestiadeportiva.com\/lbd\/wp-content\/plugins\/jw-share-this\/su.png\" alt=\"Share this page via Stumble Upon\" \/>\n<\/a>\n<a target=\"_blank\" href=\"http:\/\/digg.com\/submit?url=http%3A%2F%2Flabestiadeportiva.com%2Flbd%2Flucas-con-ford-focus-en-el-tc-2000%2F&amp;title=Lucas+con+Ford+Focus+en+el+TC+2000+%28Audio%29\">\n<img src=\"http:\/\/labestiadeportiva.com\/lbd\/wp-content\/plugins\/jw-share-this\/digg.png\" alt=\"Share this page via Digg this\" \/>\n<\/a>\n<a target=\"_blank\" href=\"http:\/\/www.facebook.com\/sharer.php?u=http%3A%2F%2Flabestiadeportiva.com%2Flbd%2Flucas-con-ford-focus-en-el-tc-2000%2F&amp;t=Lucas+con+Ford+Focus+en+el+TC+2000+%28Audio%29\">\n<img src=\"http:\/\/labestiadeportiva.com\/lbd\/wp-content\/plugins\/jw-share-this\/fb.png\" alt=\"Share this page via Facebook\" \/>\n<\/a>\n<a target=\"_blank\" href=\"http:\/\/twitter.com\/intent\/tweet?text=I+like+http%3A%2F%2Flabestiadeportiva.com%2Flbd%2Flucas-con-ford-focus-en-el-tc-2000%2F&amp;title=Lucas+con+Ford+Focus+en+el+TC+2000+%28Audio%29\">\n<img src=\"http:\/\/labestiadeportiva.com\/lbd\/wp-content\/plugins\/jw-share-this\/twitter.png\" alt=\"Share this page via Twitter\" \/>\n<\/a>\n<\/div>\n","protected":false},"excerpt":{"rendered":"<p>El piloto ushuaiense, Lucas Yerobi, confirm\u00f3 su participaci\u00f3n 2016 dentro del equipo DOT Racing. Ser\u00e1 con un Ford Focus III que tambi\u00e9n recibir\u00e1 el asesoramiento de la escuadra RAM propiedad de V\u00edctor Rosso. Desde el programa \u201cEntre Nosotros\u201d nos contactamos este mi\u00e9rcoles con nuestro embajador deportivo, compartimos parte de la entrevista lograda en la 100.1 &hellip; <a href=\"http:\/\/labestiadeportiva.com\/lbd\/lucas-con-ford-focus-en-el-tc-2000\/\" class=\"more-link\">Seguir leyendo <span class=\"screen-reader-text\">Lucas con Ford Focus en el TC 2000 (Audio)<\/span> <span class=\"meta-nav\">&rarr;<\/span><\/a><\/p>\n","protected":false},"author":1,"featured_media":18833,"comment_status":"open","ping_status":"open","sticky":false,"template":"","format":"standard","meta":[],"categories":[2135,5,6,60,1],"tags":[86,4838,152,2323,2527],"_links":{"self":[{"href":"http:\/\/labestiadeportiva.com\/lbd\/wp-json\/wp\/v2\/posts\/18832"}],"collection":[{"href":"http:\/\/labestiadeportiva.com\/lbd\/wp-json\/wp\/v2\/posts"}],"about":[{"href":"http:\/\/labestiadeportiva.com\/lbd\/wp-json\/wp\/v2\/types\/post"}],"author":[{"embeddable":true,"href":"http:\/\/labestiadeportiva.com\/lbd\/wp-json\/wp\/v2\/users\/1"}],"replies":[{"embeddable":true,"href":"http:\/\/labestiadeportiva.com\/lbd\/wp-json\/wp\/v2\/comments?post=18832"}],"version-history":[{"count":2,"href":"http:\/\/labestiadeportiva.com\/lbd\/wp-json\/wp\/v2\/posts\/18832\/revisions"}],"predecessor-version":[{"id":18835,"href":"http:\/\/labestiadeportiva.com\/lbd\/wp-json\/wp\/v2\/posts\/18832\/revisions\/18835"}],"wp:featuredmedia":[{"embeddable":true,"href":"http:\/\/labestiadeportiva.com\/lbd\/wp-json\/wp\/v2\/media\/18833"}],"wp:attachment":[{"href":"http:\/\/labestiadeportiva.com\/lbd\/wp-json\/wp\/v2\/media?parent=18832"}],"wp:term":[{"taxonomy":"category","embeddable":true,"href":"http:\/\/labestiadeportiva.com\/lbd\/wp-json\/wp\/v2\/categories?post=18832"},{"taxonomy":"post_tag","embeddable":true,"href":"http:\/\/labestiadeportiva.com\/lbd\/wp-json\/wp\/v2\/tags?post=18832"}],"curies":[{"name":"wp","href":"https:\/\/api.w.org\/{rel}","templated":true}]}}