{"id":18836,"date":"2016-02-04T11:22:09","date_gmt":"2016-02-04T14:22:09","guid":{"rendered":"http:\/\/labestiadeportiva.com\/lbd\/?p=18836"},"modified":"2016-02-04T11:22:09","modified_gmt":"2016-02-04T14:22:09","slug":"viernes-de-exhibicion","status":"publish","type":"post","link":"http:\/\/labestiadeportiva.com\/lbd\/viernes-de-exhibicion\/","title":{"rendered":"Viernes de exhibici\u00f3n"},"content":{"rendered":"<p><a href=\"http:\/\/labestiadeportiva.com\/lbd\/wp-content\/uploads\/2016\/02\/gimnasiaritmica.jpg\"><img loading=\"lazy\" class=\"alignleft size-medium wp-image-18837\" src=\"http:\/\/labestiadeportiva.com\/lbd\/wp-content\/uploads\/2016\/02\/gimnasiaritmica-300x214.jpg\" alt=\"gimnasiaritmica\" width=\"300\" height=\"214\" srcset=\"http:\/\/labestiadeportiva.com\/lbd\/wp-content\/uploads\/2016\/02\/gimnasiaritmica-300x214.jpg 300w, http:\/\/labestiadeportiva.com\/lbd\/wp-content\/uploads\/2016\/02\/gimnasiaritmica.jpg 508w\" sizes=\"(max-width: 300px) 100vw, 300px\" \/><\/a>Ser\u00e1 desde las 16.30 en la cancha 4 del \u201cHugo Italo Favale\u201d. Formar\u00e1n parte del evento organizado por el Instituto Municipal del Deporte los entrenadores de las selecciones de Gimnasia R\u00edtmica de Argentina y Chile \u00a0Paula Gergo y Enrique Hidalgo junto a una importante cantidad de j\u00f3venes atletas de la especialidad.<!--more--><\/p>\n<p>Dentro de los visitantes internacionales se presentar\u00e1n Catalina Tchivicov, Teresita Ramos, Sof\u00eda \u00c1lvarez, Mar\u00eda Jos\u00e9 Silva y Javiera Fern\u00e1ndez.<\/p>\n<p>Asimismo estar\u00e1n presentes las nacionales Micaela Baccino y Sol Scolnik m\u00e1s las fueguinas Marisol Boersma, Martina Ru\u00edz D\u00edaz, Giuliana Cruells, Azul Zurita, Agustina Orona, Felicitas Media y Paola Boersma.<\/p>\n<p>En el evento deportivo, que tendr\u00e1 entrada libre y gratuita, podr\u00e1n observarse diferentes rutinas en Manos Libres, Pelota Juvenil y Cuerdas. La duraci\u00f3n de la exhibici\u00f3n ser\u00e1 de aproximadamente 40 minutos.<\/p>\n<div class='epvc-post-count'><span class='epvc-eye'><\/span>  <span class=\"epvc-count\"> 1.063<\/span><span class='epvc-label'> veces le\u00edda<\/span><\/div>\n<div class=\"jwsharethis\">\nShare this: \n<br \/>\n<a href=\"mailto:?subject=Viernes%20de%20exhibici%C3%B3n&amp;body=http%3A%2F%2Flabestiadeportiva.com%2Flbd%2Fviernes-de-exhibicion%2F\">\n<img src=\"http:\/\/labestiadeportiva.com\/lbd\/wp-content\/plugins\/jw-share-this\/email.png\" alt=\"Share this page via Email\" \/>\n<\/a>\n<a target=\"_blank\" href=\"http:\/\/www.stumbleupon.com\/submit?url=http%3A%2F%2Flabestiadeportiva.com%2Flbd%2Fviernes-de-exhibicion%2F&amp;title=Viernes+de+exhibici%C3%B3n\">\n<img src=\"http:\/\/labestiadeportiva.com\/lbd\/wp-content\/plugins\/jw-share-this\/su.png\" alt=\"Share this page via Stumble Upon\" \/>\n<\/a>\n<a target=\"_blank\" href=\"http:\/\/digg.com\/submit?url=http%3A%2F%2Flabestiadeportiva.com%2Flbd%2Fviernes-de-exhibicion%2F&amp;title=Viernes+de+exhibici%C3%B3n\">\n<img src=\"http:\/\/labestiadeportiva.com\/lbd\/wp-content\/plugins\/jw-share-this\/digg.png\" alt=\"Share this page via Digg this\" \/>\n<\/a>\n<a target=\"_blank\" href=\"http:\/\/www.facebook.com\/sharer.php?u=http%3A%2F%2Flabestiadeportiva.com%2Flbd%2Fviernes-de-exhibicion%2F&amp;t=Viernes+de+exhibici%C3%B3n\">\n<img src=\"http:\/\/labestiadeportiva.com\/lbd\/wp-content\/plugins\/jw-share-this\/fb.png\" alt=\"Share this page via Facebook\" \/>\n<\/a>\n<a target=\"_blank\" href=\"http:\/\/twitter.com\/intent\/tweet?text=I+like+http%3A%2F%2Flabestiadeportiva.com%2Flbd%2Fviernes-de-exhibicion%2F&amp;title=Viernes+de+exhibici%C3%B3n\">\n<img src=\"http:\/\/labestiadeportiva.com\/lbd\/wp-content\/plugins\/jw-share-this\/twitter.png\" alt=\"Share this page via Twitter\" \/>\n<\/a>\n<\/div>\n","protected":false},"excerpt":{"rendered":"<p>Ser\u00e1 desde las 16.30 en la cancha 4 del \u201cHugo Italo Favale\u201d. Formar\u00e1n parte del evento organizado por el Instituto Municipal del Deporte los entrenadores de las selecciones de Gimnasia R\u00edtmica de Argentina y Chile \u00a0Paula Gergo y Enrique Hidalgo junto a una importante cantidad de j\u00f3venes atletas de la especialidad. 1.063 veces le\u00edda Share &hellip; <a href=\"http:\/\/labestiadeportiva.com\/lbd\/viernes-de-exhibicion\/\" class=\"more-link\">Seguir leyendo <span class=\"screen-reader-text\">Viernes de exhibici\u00f3n<\/span> <span class=\"meta-nav\">&rarr;<\/span><\/a><\/p>\n","protected":false},"author":1,"featured_media":18837,"comment_status":"open","ping_status":"open","sticky":false,"template":"","format":"standard","meta":[],"categories":[5,4,6,2528,1],"tags":[79,736,2525,83],"_links":{"self":[{"href":"http:\/\/labestiadeportiva.com\/lbd\/wp-json\/wp\/v2\/posts\/18836"}],"collection":[{"href":"http:\/\/labestiadeportiva.com\/lbd\/wp-json\/wp\/v2\/posts"}],"about":[{"href":"http:\/\/labestiadeportiva.com\/lbd\/wp-json\/wp\/v2\/types\/post"}],"author":[{"embeddable":true,"href":"http:\/\/labestiadeportiva.com\/lbd\/wp-json\/wp\/v2\/users\/1"}],"replies":[{"embeddable":true,"href":"http:\/\/labestiadeportiva.com\/lbd\/wp-json\/wp\/v2\/comments?post=18836"}],"version-history":[{"count":1,"href":"http:\/\/labestiadeportiva.com\/lbd\/wp-json\/wp\/v2\/posts\/18836\/revisions"}],"predecessor-version":[{"id":18838,"href":"http:\/\/labestiadeportiva.com\/lbd\/wp-json\/wp\/v2\/posts\/18836\/revisions\/18838"}],"wp:featuredmedia":[{"embeddable":true,"href":"http:\/\/labestiadeportiva.com\/lbd\/wp-json\/wp\/v2\/media\/18837"}],"wp:attachment":[{"href":"http:\/\/labestiadeportiva.com\/lbd\/wp-json\/wp\/v2\/media?parent=18836"}],"wp:term":[{"taxonomy":"category","embeddable":true,"href":"http:\/\/labestiadeportiva.com\/lbd\/wp-json\/wp\/v2\/categories?post=18836"},{"taxonomy":"post_tag","embeddable":true,"href":"http:\/\/labestiadeportiva.com\/lbd\/wp-json\/wp\/v2\/tags?post=18836"}],"curies":[{"name":"wp","href":"https:\/\/api.w.org\/{rel}","templated":true}]}}