{"id":18953,"date":"2016-02-18T20:28:00","date_gmt":"2016-02-18T23:28:00","guid":{"rendered":"http:\/\/labestiadeportiva.com\/lbd\/?p=18953"},"modified":"2016-02-18T20:41:01","modified_gmt":"2016-02-18T23:41:01","slug":"por-la-punta-y-algo-mas","status":"publish","type":"post","link":"http:\/\/labestiadeportiva.com\/lbd\/por-la-punta-y-algo-mas\/","title":{"rendered":"Por la punta y algo m\u00e1s"},"content":{"rendered":"<p><a href=\"http:\/\/labestiadeportiva.com\/lbd\/wp-content\/uploads\/2016\/02\/12705560_1055525324470099_1812823866530299798_n.jpg\"><img loading=\"lazy\" class=\"alignleft size-medium wp-image-18954\" src=\"http:\/\/labestiadeportiva.com\/lbd\/wp-content\/uploads\/2016\/02\/12705560_1055525324470099_1812823866530299798_n-300x200.jpg\" alt=\"12705560_1055525324470099_1812823866530299798_n\" width=\"300\" height=\"200\" srcset=\"http:\/\/labestiadeportiva.com\/lbd\/wp-content\/uploads\/2016\/02\/12705560_1055525324470099_1812823866530299798_n-300x200.jpg 300w, http:\/\/labestiadeportiva.com\/lbd\/wp-content\/uploads\/2016\/02\/12705560_1055525324470099_1812823866530299798_n.jpg 960w\" sizes=\"(max-width: 300px) 100vw, 300px\" \/><\/a>Este domingo desde las 16 horas chocar\u00e1n los punteros de la Zona 1 TDF del presente Federal \u201cC\u201d de f\u00fatbol. Camioneros RG y CAEF, ambos con seis unidades, se medir\u00e1n bajo las \u00f3rdenes del \u00e1rbitro Sebasti\u00e1n Sandoval de discretas actuaciones anteriores. El partido ser\u00e1 transmitido en vivo por FM del Sur (94.1) y Radio Provincia (100.1). Desde LBD te contamos la semana de trabajo y novedades de ambos planteles.<!--more--><\/p>\n<p>Final anticipada en el sint\u00e9tico municipal \u201cHugo Lumbreras\u201d. El candidato del grupo, Camioneros RG, se entren\u00f3 durante la semana y este jueves tendr\u00e1 compromiso por la Liga Riograndense donde enfrentar\u00e1 a Uni\u00f3n Ant\u00e1rtida Argentina.<\/p>\n<p>El nuevo entrenador, Guillermo Vargas, aclar\u00f3 que competir\u00e1n buscando el mejor rendimiento en ambos frentes. Si bien en la actualizad el mayor d\u00e9ficit del plantel transportista sea el aspecto f\u00edsico la idea es presentar el mejor 11 posible en Ushuaia.<\/p>\n<p>Finalmente viajar\u00e1 el domingo hacia la capital provincial, en un primer momento la idea era hacerlo el s\u00e1bado pero no pudo conseguir lugar de pernocte.<\/p>\n<p>Ante CAEF buscar\u00e1 la clasificaci\u00f3n que le permita algo m\u00e1s de tiempo para poder intensificar la preparaci\u00f3n f\u00edsica en algunos de sus jugadores.<\/p>\n<p>Hasta donde pudimos averiguar no habr\u00e1 muchos cambios de nombres respecto a presentaciones anteriores, si variantes posicionales en el equipo.<\/p>\n<p>La propuesta para el domingo ser\u00e1 la b\u00fasqueda del partido desde el primer minuto con pelota al pie y juego por lo bajo.<\/p>\n<p>El juvenil plantel del Club Atl\u00e9tico de la Educaci\u00f3n Fueguina entren\u00f3 en doble turno como es su caracter\u00edstica. El entrenador Ezequiel Gentilo trabaj\u00f3 en b\u00fasqueda de ajustar falencias, principalmente defensivas como as\u00ed tambi\u00e9n en la definici\u00f3n.<\/p>\n<p>Tambi\u00e9n para los ushuaienses habr\u00e1 compromiso local este jueves, ser\u00e1 ante Mercantil. La idea del Cuerpo T\u00e9cnico del CAEF es tratar de hacer un buen papel en ambos frentes y para ello apuesta a la rotaci\u00f3n de sus jugadores.<\/p>\n<p>Concentraci\u00f3n para todos, en el predio que la instituci\u00f3n posee en el sector del Camping Municipal. Desde el bunker de la Educaci\u00f3n Fueguina se respira tranquilidad, confianza y se espera conseguir un buen resultado en el estelar partido del fin de semana.<\/p>\n<p>Todo dispuesto entonces para vivir un encuentro lleno de emociones, solo nos resta retrotraernos al duelo anterior donde pudimos disfrutar de seis goles.<\/p>\n<p>Claro motivo para acercarse al sint\u00e9tico municipal donde Camioneros RG y CAEF juegan sus chances para estar en la siguiente fase del torneo federal.<\/p>\n<p><a href=\"http:\/\/labestiadeportiva.com\/lbd\/wp-content\/uploads\/2016\/02\/12592760_1051567628199202_9042957165303857439_n1.jpg\"><img loading=\"lazy\" class=\"aligncenter size-medium wp-image-18959\" src=\"http:\/\/labestiadeportiva.com\/lbd\/wp-content\/uploads\/2016\/02\/12592760_1051567628199202_9042957165303857439_n1-300x168.jpg\" alt=\"12592760_1051567628199202_9042957165303857439_n\" width=\"300\" height=\"168\" srcset=\"http:\/\/labestiadeportiva.com\/lbd\/wp-content\/uploads\/2016\/02\/12592760_1051567628199202_9042957165303857439_n1-300x168.jpg 300w, http:\/\/labestiadeportiva.com\/lbd\/wp-content\/uploads\/2016\/02\/12592760_1051567628199202_9042957165303857439_n1.jpg 800w\" sizes=\"(max-width: 300px) 100vw, 300px\" \/><\/a><a href=\"http:\/\/labestiadeportiva.com\/lbd\/wp-content\/uploads\/2016\/02\/12592760_1051567628199202_9042957165303857439_n.jpg\"><br \/>\n<\/a><span style=\"color: #0000ff;\">Torneo Federal \u201cC\u201d<\/span><br \/>\nZona 1 TDF<br \/>\nPosiciones Actualizadas<br \/>\nEquipos PJ PG PE PP GF GC DG Pts.<br \/>\n<span style=\"color: #ff0000;\">Camioneros RG 2 2 0 0 7 2 +5 6<\/span><br \/>\n<span style=\"color: #00ff00;\">CAEF 3 2 0 1 7 6 +1 6<\/span><br \/>\nLasserre FC 3 0 0 3 2 8 -6 0*<\/p>\n<p>*El equipo de Lasserre FC sin posibilidades de acceder a la siguiente fase de la competencia nacional.<\/p>\n<div class='epvc-post-count'><span class='epvc-eye'><\/span>  <span class=\"epvc-count\"> 1.101<\/span><span class='epvc-label'> veces le\u00edda<\/span><\/div>\n<div class=\"jwsharethis\">\nShare this: \n<br \/>\n<a href=\"mailto:?subject=Por%20la%20punta%20y%20algo%20m%C3%A1s&amp;body=http%3A%2F%2Flabestiadeportiva.com%2Flbd%2Fpor-la-punta-y-algo-mas%2F\">\n<img src=\"http:\/\/labestiadeportiva.com\/lbd\/wp-content\/plugins\/jw-share-this\/email.png\" alt=\"Share this page via Email\" \/>\n<\/a>\n<a target=\"_blank\" href=\"http:\/\/www.stumbleupon.com\/submit?url=http%3A%2F%2Flabestiadeportiva.com%2Flbd%2Fpor-la-punta-y-algo-mas%2F&amp;title=Por+la+punta+y+algo+m%C3%A1s\">\n<img src=\"http:\/\/labestiadeportiva.com\/lbd\/wp-content\/plugins\/jw-share-this\/su.png\" alt=\"Share this page via Stumble Upon\" \/>\n<\/a>\n<a target=\"_blank\" href=\"http:\/\/digg.com\/submit?url=http%3A%2F%2Flabestiadeportiva.com%2Flbd%2Fpor-la-punta-y-algo-mas%2F&amp;title=Por+la+punta+y+algo+m%C3%A1s\">\n<img src=\"http:\/\/labestiadeportiva.com\/lbd\/wp-content\/plugins\/jw-share-this\/digg.png\" alt=\"Share this page via Digg this\" \/>\n<\/a>\n<a target=\"_blank\" href=\"http:\/\/www.facebook.com\/sharer.php?u=http%3A%2F%2Flabestiadeportiva.com%2Flbd%2Fpor-la-punta-y-algo-mas%2F&amp;t=Por+la+punta+y+algo+m%C3%A1s\">\n<img src=\"http:\/\/labestiadeportiva.com\/lbd\/wp-content\/plugins\/jw-share-this\/fb.png\" alt=\"Share this page via Facebook\" \/>\n<\/a>\n<a target=\"_blank\" href=\"http:\/\/twitter.com\/intent\/tweet?text=I+like+http%3A%2F%2Flabestiadeportiva.com%2Flbd%2Fpor-la-punta-y-algo-mas%2F&amp;title=Por+la+punta+y+algo+m%C3%A1s\">\n<img src=\"http:\/\/labestiadeportiva.com\/lbd\/wp-content\/plugins\/jw-share-this\/twitter.png\" alt=\"Share this page via Twitter\" \/>\n<\/a>\n<\/div>\n","protected":false},"excerpt":{"rendered":"<p>Este domingo desde las 16 horas chocar\u00e1n los punteros de la Zona 1 TDF del presente Federal \u201cC\u201d de f\u00fatbol. Camioneros RG y CAEF, ambos con seis unidades, se medir\u00e1n bajo las \u00f3rdenes del \u00e1rbitro Sebasti\u00e1n Sandoval de discretas actuaciones anteriores. El partido ser\u00e1 transmitido en vivo por FM del Sur (94.1) y Radio Provincia &hellip; <a href=\"http:\/\/labestiadeportiva.com\/lbd\/por-la-punta-y-algo-mas\/\" class=\"more-link\">Seguir leyendo <span class=\"screen-reader-text\">Por la punta y algo m\u00e1s<\/span> <span class=\"meta-nav\">&rarr;<\/span><\/a><\/p>\n","protected":false},"author":1,"featured_media":18955,"comment_status":"open","ping_status":"open","sticky":false,"template":"","format":"standard","meta":[],"categories":[5,6,2491,1],"tags":[2357,2521,17,1926,1995],"_links":{"self":[{"href":"http:\/\/labestiadeportiva.com\/lbd\/wp-json\/wp\/v2\/posts\/18953"}],"collection":[{"href":"http:\/\/labestiadeportiva.com\/lbd\/wp-json\/wp\/v2\/posts"}],"about":[{"href":"http:\/\/labestiadeportiva.com\/lbd\/wp-json\/wp\/v2\/types\/post"}],"author":[{"embeddable":true,"href":"http:\/\/labestiadeportiva.com\/lbd\/wp-json\/wp\/v2\/users\/1"}],"replies":[{"embeddable":true,"href":"http:\/\/labestiadeportiva.com\/lbd\/wp-json\/wp\/v2\/comments?post=18953"}],"version-history":[{"count":4,"href":"http:\/\/labestiadeportiva.com\/lbd\/wp-json\/wp\/v2\/posts\/18953\/revisions"}],"predecessor-version":[{"id":18961,"href":"http:\/\/labestiadeportiva.com\/lbd\/wp-json\/wp\/v2\/posts\/18953\/revisions\/18961"}],"wp:featuredmedia":[{"embeddable":true,"href":"http:\/\/labestiadeportiva.com\/lbd\/wp-json\/wp\/v2\/media\/18955"}],"wp:attachment":[{"href":"http:\/\/labestiadeportiva.com\/lbd\/wp-json\/wp\/v2\/media?parent=18953"}],"wp:term":[{"taxonomy":"category","embeddable":true,"href":"http:\/\/labestiadeportiva.com\/lbd\/wp-json\/wp\/v2\/categories?post=18953"},{"taxonomy":"post_tag","embeddable":true,"href":"http:\/\/labestiadeportiva.com\/lbd\/wp-json\/wp\/v2\/tags?post=18953"}],"curies":[{"name":"wp","href":"https:\/\/api.w.org\/{rel}","templated":true}]}}