{"id":18975,"date":"2016-02-19T16:37:48","date_gmt":"2016-02-19T19:37:48","guid":{"rendered":"http:\/\/labestiadeportiva.com\/lbd\/?p=18975"},"modified":"2016-02-19T16:37:48","modified_gmt":"2016-02-19T19:37:48","slug":"con-el-auto-de-bandera-audio","status":"publish","type":"post","link":"http:\/\/labestiadeportiva.com\/lbd\/con-el-auto-de-bandera-audio\/","title":{"rendered":"Con el auto de bandera (Audio)"},"content":{"rendered":"<p><a href=\"http:\/\/labestiadeportiva.com\/lbd\/wp-content\/uploads\/2016\/02\/1899760_589729307851623_5591705834647273203_o.jpg\"><img loading=\"lazy\" src=\"http:\/\/labestiadeportiva.com\/lbd\/wp-content\/uploads\/2016\/02\/1899760_589729307851623_5591705834647273203_o-300x166.jpg\" alt=\"1899760_589729307851623_5591705834647273203_o\" width=\"300\" height=\"166\" class=\"alignleft size-medium wp-image-18976\" srcset=\"http:\/\/labestiadeportiva.com\/lbd\/wp-content\/uploads\/2016\/02\/1899760_589729307851623_5591705834647273203_o-300x166.jpg 300w, http:\/\/labestiadeportiva.com\/lbd\/wp-content\/uploads\/2016\/02\/1899760_589729307851623_5591705834647273203_o.jpg 1005w\" sizes=\"(max-width: 300px) 100vw, 300px\" \/><\/a>El piloto ushuaiense, Luciano \u201cLucho\u201d Preto, comenz\u00f3 con los trabajos de cara a una nueva temporada en la principal categor\u00eda del Rally Argentino donde su unidad lucir\u00e1 los colores provinciales. Ensayos en el circuito de prueba del equipo Baratec pensando en la primera cita que llegar\u00e1 el viernes 26 de febrero en los valles de Traslasierra y Punilla. El fueguino a bordo del Peugeot 208 MR competir\u00e1 junto a Marcelo \u201cKirra\u201d Der Ohanessi\u00e1n. Desde LBD nos comunicamos con \u00e9l, compartimos los principales pasajes de la entrevista lograda este viernes en la 94.1 FM del Sur. Las fotos son gentileza de Maxi P\u00e9cora. <!--more--><\/p>\n<p><iframe loading=\"lazy\" width=\"420\" height=\"315\" src=\"https:\/\/www.youtube.com\/embed\/cYq8mJ0va9I\" frameborder=\"0\" allowfullscreen><\/iframe><\/p>\n<div class='epvc-post-count'><span class='epvc-eye'><\/span>  <span class=\"epvc-count\"> 1.197<\/span><span class='epvc-label'> veces le\u00edda<\/span><\/div>\n<div class=\"jwsharethis\">\nShare this: \n<br \/>\n<a href=\"mailto:?subject=Con%20el%20auto%20de%20bandera%20%28Audio%29&amp;body=http%3A%2F%2Flabestiadeportiva.com%2Flbd%2Fcon-el-auto-de-bandera-audio%2F\">\n<img src=\"http:\/\/labestiadeportiva.com\/lbd\/wp-content\/plugins\/jw-share-this\/email.png\" alt=\"Share this page via Email\" \/>\n<\/a>\n<a target=\"_blank\" href=\"http:\/\/www.stumbleupon.com\/submit?url=http%3A%2F%2Flabestiadeportiva.com%2Flbd%2Fcon-el-auto-de-bandera-audio%2F&amp;title=Con+el+auto+de+bandera+%28Audio%29\">\n<img src=\"http:\/\/labestiadeportiva.com\/lbd\/wp-content\/plugins\/jw-share-this\/su.png\" alt=\"Share this page via Stumble Upon\" \/>\n<\/a>\n<a target=\"_blank\" href=\"http:\/\/digg.com\/submit?url=http%3A%2F%2Flabestiadeportiva.com%2Flbd%2Fcon-el-auto-de-bandera-audio%2F&amp;title=Con+el+auto+de+bandera+%28Audio%29\">\n<img src=\"http:\/\/labestiadeportiva.com\/lbd\/wp-content\/plugins\/jw-share-this\/digg.png\" alt=\"Share this page via Digg this\" \/>\n<\/a>\n<a target=\"_blank\" href=\"http:\/\/www.facebook.com\/sharer.php?u=http%3A%2F%2Flabestiadeportiva.com%2Flbd%2Fcon-el-auto-de-bandera-audio%2F&amp;t=Con+el+auto+de+bandera+%28Audio%29\">\n<img src=\"http:\/\/labestiadeportiva.com\/lbd\/wp-content\/plugins\/jw-share-this\/fb.png\" alt=\"Share this page via Facebook\" \/>\n<\/a>\n<a target=\"_blank\" href=\"http:\/\/twitter.com\/intent\/tweet?text=I+like+http%3A%2F%2Flabestiadeportiva.com%2Flbd%2Fcon-el-auto-de-bandera-audio%2F&amp;title=Con+el+auto+de+bandera+%28Audio%29\">\n<img src=\"http:\/\/labestiadeportiva.com\/lbd\/wp-content\/plugins\/jw-share-this\/twitter.png\" alt=\"Share this page via Twitter\" \/>\n<\/a>\n<\/div>\n","protected":false},"excerpt":{"rendered":"<p>El piloto ushuaiense, Luciano \u201cLucho\u201d Preto, comenz\u00f3 con los trabajos de cara a una nueva temporada en la principal categor\u00eda del Rally Argentino donde su unidad lucir\u00e1 los colores provinciales. Ensayos en el circuito de prueba del equipo Baratec pensando en la primera cita que llegar\u00e1 el viernes 26 de febrero en los valles de &hellip; <a href=\"http:\/\/labestiadeportiva.com\/lbd\/con-el-auto-de-bandera-audio\/\" class=\"more-link\">Seguir leyendo <span class=\"screen-reader-text\">Con el auto de bandera (Audio)<\/span> <span class=\"meta-nav\">&rarr;<\/span><\/a><\/p>\n","protected":false},"author":1,"featured_media":18976,"comment_status":"open","ping_status":"open","sticky":false,"template":"","format":"standard","meta":[],"categories":[2135,5,6,60,1,2487],"tags":[4838,595,83,2545,581,2527],"_links":{"self":[{"href":"http:\/\/labestiadeportiva.com\/lbd\/wp-json\/wp\/v2\/posts\/18975"}],"collection":[{"href":"http:\/\/labestiadeportiva.com\/lbd\/wp-json\/wp\/v2\/posts"}],"about":[{"href":"http:\/\/labestiadeportiva.com\/lbd\/wp-json\/wp\/v2\/types\/post"}],"author":[{"embeddable":true,"href":"http:\/\/labestiadeportiva.com\/lbd\/wp-json\/wp\/v2\/users\/1"}],"replies":[{"embeddable":true,"href":"http:\/\/labestiadeportiva.com\/lbd\/wp-json\/wp\/v2\/comments?post=18975"}],"version-history":[{"count":1,"href":"http:\/\/labestiadeportiva.com\/lbd\/wp-json\/wp\/v2\/posts\/18975\/revisions"}],"predecessor-version":[{"id":18977,"href":"http:\/\/labestiadeportiva.com\/lbd\/wp-json\/wp\/v2\/posts\/18975\/revisions\/18977"}],"wp:featuredmedia":[{"embeddable":true,"href":"http:\/\/labestiadeportiva.com\/lbd\/wp-json\/wp\/v2\/media\/18976"}],"wp:attachment":[{"href":"http:\/\/labestiadeportiva.com\/lbd\/wp-json\/wp\/v2\/media?parent=18975"}],"wp:term":[{"taxonomy":"category","embeddable":true,"href":"http:\/\/labestiadeportiva.com\/lbd\/wp-json\/wp\/v2\/categories?post=18975"},{"taxonomy":"post_tag","embeddable":true,"href":"http:\/\/labestiadeportiva.com\/lbd\/wp-json\/wp\/v2\/tags?post=18975"}],"curies":[{"name":"wp","href":"https:\/\/api.w.org\/{rel}","templated":true}]}}