{"id":19026,"date":"2016-02-24T19:35:36","date_gmt":"2016-02-24T22:35:36","guid":{"rendered":"http:\/\/labestiadeportiva.com\/lbd\/?p=19026"},"modified":"2016-02-24T19:35:36","modified_gmt":"2016-02-24T22:35:36","slug":"la-experiencia-es-positiva-por-donde-se-la-mire-audio","status":"publish","type":"post","link":"http:\/\/labestiadeportiva.com\/lbd\/la-experiencia-es-positiva-por-donde-se-la-mire-audio\/","title":{"rendered":"\u00abLa experiencia es positiva por donde se la mire\u00bb (Audio)"},"content":{"rendered":"<p><a href=\"http:\/\/labestiadeportiva.com\/lbd\/wp-content\/uploads\/2016\/02\/hqdefault.jpg\"><img loading=\"lazy\" src=\"http:\/\/labestiadeportiva.com\/lbd\/wp-content\/uploads\/2016\/02\/hqdefault-300x169.jpg\" alt=\"hqdefault\" width=\"300\" height=\"169\" class=\"alignleft size-medium wp-image-19027\" srcset=\"http:\/\/labestiadeportiva.com\/lbd\/wp-content\/uploads\/2016\/02\/hqdefault-300x169.jpg 300w, http:\/\/labestiadeportiva.com\/lbd\/wp-content\/uploads\/2016\/02\/hqdefault.jpg 480w\" sizes=\"(max-width: 300px) 100vw, 300px\" \/><\/a>Este mi\u00e9rcoles nos comunicamos en el profesor Ezequiel Gentilo, responsable m\u00e1ximo del Cuerpo T\u00e9cnico del Club Atl\u00e9tico de la Educaci\u00f3n Fueguina. Balance de la participaci\u00f3n nacional del joven plantel a su cargo, el principal tema de la entrevista lograda con el formador en FM del Sur. El CAEF, quien cosech\u00f3 6 puntos y -2 de diferencia de gol, deber\u00e1 esperar alrededor de 15 d\u00edas para saber si clasifica entre los 12 mejores segundos del pa\u00eds dentro de los grupos de tres participantes, algo muy dif\u00edcil pero no imposible. <!--more--><\/p>\n<p><iframe loading=\"lazy\" width=\"420\" height=\"315\" src=\"https:\/\/www.youtube.com\/embed\/5zo8-KCQi00\" frameborder=\"0\" allowfullscreen><\/iframe><\/p>\n<div class='epvc-post-count'><span class='epvc-eye'><\/span>  <span class=\"epvc-count\"> 1.172<\/span><span class='epvc-label'> veces le\u00edda<\/span><\/div>\n<div class=\"jwsharethis\">\nShare this: \n<br \/>\n<a href=\"mailto:?subject=%C2%ABLa%20experiencia%20es%20positiva%20por%20donde%20se%20la%20mire%C2%BB%20%28Audio%29&amp;body=http%3A%2F%2Flabestiadeportiva.com%2Flbd%2Fla-experiencia-es-positiva-por-donde-se-la-mire-audio%2F\">\n<img src=\"http:\/\/labestiadeportiva.com\/lbd\/wp-content\/plugins\/jw-share-this\/email.png\" alt=\"Share this page via Email\" \/>\n<\/a>\n<a target=\"_blank\" href=\"http:\/\/www.stumbleupon.com\/submit?url=http%3A%2F%2Flabestiadeportiva.com%2Flbd%2Fla-experiencia-es-positiva-por-donde-se-la-mire-audio%2F&amp;title=%C2%ABLa+experiencia+es+positiva+por+donde+se+la+mire%C2%BB+%28Audio%29\">\n<img src=\"http:\/\/labestiadeportiva.com\/lbd\/wp-content\/plugins\/jw-share-this\/su.png\" alt=\"Share this page via Stumble Upon\" \/>\n<\/a>\n<a target=\"_blank\" href=\"http:\/\/digg.com\/submit?url=http%3A%2F%2Flabestiadeportiva.com%2Flbd%2Fla-experiencia-es-positiva-por-donde-se-la-mire-audio%2F&amp;title=%C2%ABLa+experiencia+es+positiva+por+donde+se+la+mire%C2%BB+%28Audio%29\">\n<img src=\"http:\/\/labestiadeportiva.com\/lbd\/wp-content\/plugins\/jw-share-this\/digg.png\" alt=\"Share this page via Digg this\" \/>\n<\/a>\n<a target=\"_blank\" href=\"http:\/\/www.facebook.com\/sharer.php?u=http%3A%2F%2Flabestiadeportiva.com%2Flbd%2Fla-experiencia-es-positiva-por-donde-se-la-mire-audio%2F&amp;t=%C2%ABLa+experiencia+es+positiva+por+donde+se+la+mire%C2%BB+%28Audio%29\">\n<img src=\"http:\/\/labestiadeportiva.com\/lbd\/wp-content\/plugins\/jw-share-this\/fb.png\" alt=\"Share this page via Facebook\" \/>\n<\/a>\n<a target=\"_blank\" href=\"http:\/\/twitter.com\/intent\/tweet?text=I+like+http%3A%2F%2Flabestiadeportiva.com%2Flbd%2Fla-experiencia-es-positiva-por-donde-se-la-mire-audio%2F&amp;title=%C2%ABLa+experiencia+es+positiva+por+donde+se+la+mire%C2%BB+%28Audio%29\">\n<img src=\"http:\/\/labestiadeportiva.com\/lbd\/wp-content\/plugins\/jw-share-this\/twitter.png\" alt=\"Share this page via Twitter\" \/>\n<\/a>\n<\/div>\n","protected":false},"excerpt":{"rendered":"<p>Este mi\u00e9rcoles nos comunicamos en el profesor Ezequiel Gentilo, responsable m\u00e1ximo del Cuerpo T\u00e9cnico del Club Atl\u00e9tico de la Educaci\u00f3n Fueguina. Balance de la participaci\u00f3n nacional del joven plantel a su cargo, el principal tema de la entrevista lograda con el formador en FM del Sur. El CAEF, quien cosech\u00f3 6 puntos y -2 de &hellip; <a href=\"http:\/\/labestiadeportiva.com\/lbd\/la-experiencia-es-positiva-por-donde-se-la-mire-audio\/\" class=\"more-link\">Seguir leyendo <span class=\"screen-reader-text\">\u00abLa experiencia es positiva por donde se la mire\u00bb (Audio)<\/span> <span class=\"meta-nav\">&rarr;<\/span><\/a><\/p>\n","protected":false},"author":1,"featured_media":19027,"comment_status":"open","ping_status":"open","sticky":false,"template":"","format":"standard","meta":[],"categories":[5,6,60,2491,1],"tags":[2550,4838,2007,17,1926],"_links":{"self":[{"href":"http:\/\/labestiadeportiva.com\/lbd\/wp-json\/wp\/v2\/posts\/19026"}],"collection":[{"href":"http:\/\/labestiadeportiva.com\/lbd\/wp-json\/wp\/v2\/posts"}],"about":[{"href":"http:\/\/labestiadeportiva.com\/lbd\/wp-json\/wp\/v2\/types\/post"}],"author":[{"embeddable":true,"href":"http:\/\/labestiadeportiva.com\/lbd\/wp-json\/wp\/v2\/users\/1"}],"replies":[{"embeddable":true,"href":"http:\/\/labestiadeportiva.com\/lbd\/wp-json\/wp\/v2\/comments?post=19026"}],"version-history":[{"count":1,"href":"http:\/\/labestiadeportiva.com\/lbd\/wp-json\/wp\/v2\/posts\/19026\/revisions"}],"predecessor-version":[{"id":19028,"href":"http:\/\/labestiadeportiva.com\/lbd\/wp-json\/wp\/v2\/posts\/19026\/revisions\/19028"}],"wp:featuredmedia":[{"embeddable":true,"href":"http:\/\/labestiadeportiva.com\/lbd\/wp-json\/wp\/v2\/media\/19027"}],"wp:attachment":[{"href":"http:\/\/labestiadeportiva.com\/lbd\/wp-json\/wp\/v2\/media?parent=19026"}],"wp:term":[{"taxonomy":"category","embeddable":true,"href":"http:\/\/labestiadeportiva.com\/lbd\/wp-json\/wp\/v2\/categories?post=19026"},{"taxonomy":"post_tag","embeddable":true,"href":"http:\/\/labestiadeportiva.com\/lbd\/wp-json\/wp\/v2\/tags?post=19026"}],"curies":[{"name":"wp","href":"https:\/\/api.w.org\/{rel}","templated":true}]}}