{"id":19296,"date":"2016-03-19T12:59:46","date_gmt":"2016-03-19T15:59:46","guid":{"rendered":"http:\/\/labestiadeportiva.com\/lbd\/?p=19296"},"modified":"2016-03-19T12:59:46","modified_gmt":"2016-03-19T15:59:46","slug":"el-corte-de-ruta-paro-al-karting-provincial","status":"publish","type":"post","link":"http:\/\/labestiadeportiva.com\/lbd\/el-corte-de-ruta-paro-al-karting-provincial\/","title":{"rendered":"El corte de ruta par\u00f3 al karting provincial"},"content":{"rendered":"<p><a href=\"http:\/\/labestiadeportiva.com\/lbd\/wp-content\/uploads\/2016\/03\/Imagen-329.jpg\"><img loading=\"lazy\" class=\"alignleft size-medium wp-image-19297\" src=\"http:\/\/labestiadeportiva.com\/lbd\/wp-content\/uploads\/2016\/03\/Imagen-329-300x136.jpg\" alt=\"Imagen 329\" width=\"300\" height=\"136\" srcset=\"http:\/\/labestiadeportiva.com\/lbd\/wp-content\/uploads\/2016\/03\/Imagen-329-300x136.jpg 300w, http:\/\/labestiadeportiva.com\/lbd\/wp-content\/uploads\/2016\/03\/Imagen-329.jpg 640w\" sizes=\"(max-width: 300px) 100vw, 300px\" \/><\/a>Minutos despu\u00e9s del mediod\u00eda del s\u00e1bado a trav\u00e9s de un comunicado la Comisi\u00f3n Directiva de la APKU 2000 confirm\u00f3 la suspensi\u00f3n de la segunda fecha del Campeonato Provincial pautado para el domingo 20 en el kart\u00f3dromo capitalino. Asimismo expres\u00f3 que se intentar\u00e1 reprogramar la jornada oficial con fecha a confirmar.<\/p>\n<div class='epvc-post-count'><span class='epvc-eye'><\/span>  <span class=\"epvc-count\"> 1.048<\/span><span class='epvc-label'> veces le\u00edda<\/span><\/div>\n<div class=\"jwsharethis\">\nShare this: \n<br \/>\n<a href=\"mailto:?subject=El%20corte%20de%20ruta%20par%C3%B3%20al%20karting%20provincial&amp;body=http%3A%2F%2Flabestiadeportiva.com%2Flbd%2Fel-corte-de-ruta-paro-al-karting-provincial%2F\">\n<img src=\"http:\/\/labestiadeportiva.com\/lbd\/wp-content\/plugins\/jw-share-this\/email.png\" alt=\"Share this page via Email\" \/>\n<\/a>\n<a target=\"_blank\" href=\"http:\/\/www.stumbleupon.com\/submit?url=http%3A%2F%2Flabestiadeportiva.com%2Flbd%2Fel-corte-de-ruta-paro-al-karting-provincial%2F&amp;title=El+corte+de+ruta+par%C3%B3+al+karting+provincial\">\n<img src=\"http:\/\/labestiadeportiva.com\/lbd\/wp-content\/plugins\/jw-share-this\/su.png\" alt=\"Share this page via Stumble Upon\" \/>\n<\/a>\n<a target=\"_blank\" href=\"http:\/\/digg.com\/submit?url=http%3A%2F%2Flabestiadeportiva.com%2Flbd%2Fel-corte-de-ruta-paro-al-karting-provincial%2F&amp;title=El+corte+de+ruta+par%C3%B3+al+karting+provincial\">\n<img src=\"http:\/\/labestiadeportiva.com\/lbd\/wp-content\/plugins\/jw-share-this\/digg.png\" alt=\"Share this page via Digg this\" \/>\n<\/a>\n<a target=\"_blank\" href=\"http:\/\/www.facebook.com\/sharer.php?u=http%3A%2F%2Flabestiadeportiva.com%2Flbd%2Fel-corte-de-ruta-paro-al-karting-provincial%2F&amp;t=El+corte+de+ruta+par%C3%B3+al+karting+provincial\">\n<img src=\"http:\/\/labestiadeportiva.com\/lbd\/wp-content\/plugins\/jw-share-this\/fb.png\" alt=\"Share this page via Facebook\" \/>\n<\/a>\n<a target=\"_blank\" href=\"http:\/\/twitter.com\/intent\/tweet?text=I+like+http%3A%2F%2Flabestiadeportiva.com%2Flbd%2Fel-corte-de-ruta-paro-al-karting-provincial%2F&amp;title=El+corte+de+ruta+par%C3%B3+al+karting+provincial\">\n<img src=\"http:\/\/labestiadeportiva.com\/lbd\/wp-content\/plugins\/jw-share-this\/twitter.png\" alt=\"Share this page via Twitter\" \/>\n<\/a>\n<\/div>\n","protected":false},"excerpt":{"rendered":"<p>Minutos despu\u00e9s del mediod\u00eda del s\u00e1bado a trav\u00e9s de un comunicado la Comisi\u00f3n Directiva de la APKU 2000 confirm\u00f3 la suspensi\u00f3n de la segunda fecha del Campeonato Provincial pautado para el domingo 20 en el kart\u00f3dromo capitalino. Asimismo expres\u00f3 que se intentar\u00e1 reprogramar la jornada oficial con fecha a confirmar. 1.048 veces le\u00edda Share this:<\/p>\n","protected":false},"author":1,"featured_media":19297,"comment_status":"open","ping_status":"open","sticky":false,"template":"","format":"standard","meta":[],"categories":[5,2152,1],"tags":[2446,1048,280,2585],"_links":{"self":[{"href":"http:\/\/labestiadeportiva.com\/lbd\/wp-json\/wp\/v2\/posts\/19296"}],"collection":[{"href":"http:\/\/labestiadeportiva.com\/lbd\/wp-json\/wp\/v2\/posts"}],"about":[{"href":"http:\/\/labestiadeportiva.com\/lbd\/wp-json\/wp\/v2\/types\/post"}],"author":[{"embeddable":true,"href":"http:\/\/labestiadeportiva.com\/lbd\/wp-json\/wp\/v2\/users\/1"}],"replies":[{"embeddable":true,"href":"http:\/\/labestiadeportiva.com\/lbd\/wp-json\/wp\/v2\/comments?post=19296"}],"version-history":[{"count":1,"href":"http:\/\/labestiadeportiva.com\/lbd\/wp-json\/wp\/v2\/posts\/19296\/revisions"}],"predecessor-version":[{"id":19298,"href":"http:\/\/labestiadeportiva.com\/lbd\/wp-json\/wp\/v2\/posts\/19296\/revisions\/19298"}],"wp:featuredmedia":[{"embeddable":true,"href":"http:\/\/labestiadeportiva.com\/lbd\/wp-json\/wp\/v2\/media\/19297"}],"wp:attachment":[{"href":"http:\/\/labestiadeportiva.com\/lbd\/wp-json\/wp\/v2\/media?parent=19296"}],"wp:term":[{"taxonomy":"category","embeddable":true,"href":"http:\/\/labestiadeportiva.com\/lbd\/wp-json\/wp\/v2\/categories?post=19296"},{"taxonomy":"post_tag","embeddable":true,"href":"http:\/\/labestiadeportiva.com\/lbd\/wp-json\/wp\/v2\/tags?post=19296"}],"curies":[{"name":"wp","href":"https:\/\/api.w.org\/{rel}","templated":true}]}}